{"id":9703,"date":"2025-07-27T11:57:01","date_gmt":"2025-07-27T11:57:01","guid":{"rendered":"http:\/\/e838700c-06eb-4bf9-b39f-a6ff23a11e57"},"modified":"2025-07-27T11:57:01","modified_gmt":"2025-07-27T11:57:01","slug":"o-que-e-ser-espiritual-na-biblia","status":"publish","type":"post","link":"https:\/\/ammabarbacena.com.br\/perguntas-frequentes\/o-que-e-ser-espiritual-na-biblia\/","title":{"rendered":"O que \u00e9 ser espiritual na b\u00edblia"},"content":{"rendered":"Sendo assim, ser espiritual \u00e9 ter uma experi\u00eancia direta, pessoal, consciente e respons\u00e1vel com Cristo. Ter autonomia diante de Deus. E assumir a responsabilidade sobre sua vida espiritual e sua consci\u00eancia diante de Deus, tendo Jesus como refer\u00eancia revelada pelo Esp\u00edrito Santo.<br \/>\n\n\n\n\n<h2 class=\"wp-block-heading\">O que \u00e9 ser uma pessoa espiritual na B\u00edblia?<\/h2>\n\n\n\n<h2 class=\"wp-block-heading\">O que \u00e9 a pessoa ser espiritual?<\/h2>\n\n\n<p><\/p>A espiritualidade pode ser definida como uma &#8221; propens\u00e3o humana a buscar significado para a vida por meio de conceitos que transcendem o tang\u00edvel, \u00e0 procura de um sentido de conex\u00e3o com algo maior que si pr\u00f3prio&#8221;. A espiritualidade pode ou n\u00e3o estar ligada a uma viv\u00eancia religiosa.<br \/>\n\n\n\n\n<h2 class=\"wp-block-heading\">O que \u00e9 ser espiritual segundo a B\u00edblia?<\/h2>\n\n\n<p><\/p>Espiritualidade produz e \u00e9 ato p\u00fablico, \u00e9 o jeito como expressamos na vida (palavras, pensamentos, atos e omiss\u00f5es) o chamado de Deus para a comunh\u00e3o e para a miss\u00e3o: ser e fazer disc\u00edpulas e disc\u00edpulos. Fazer pessoas disc\u00edpulas de Jesus \u00e9 ajuda-las a configurar sua vida com a vida dele.<br \/>\n\n\n\n\n<h2 class=\"wp-block-heading\">O que \u00e9 ser uma pessoa espiritualizada?<\/h2>\n\n\n<p><\/p>Espiritualizar-se \u00e9 conduzir a vida no caminho do bem, do amor ao pr\u00f3ximo e da caridade; \u00e9 fazer esfor\u00e7o constante para corrigir seus defeitos e domar seus maus instintos.<br \/>\n\n\n\n\n<h2 class=\"wp-block-heading\">Como saber se uma pessoa \u00e9 espiritual?<\/h2>\n\n\n<p><\/p>Uma pessoa espiritual \u00e9 algu\u00e9m que ouviu o evangelho, creu nele, e recebeu o Esp\u00edrito pela f\u00e9 (Gl 3.14).<br \/>\n\n\n\n\n<h2 class=\"wp-block-heading\">O que significa ser uma pessoa espiritual?<\/h2>\n\n\n\n<h2 class=\"wp-block-heading\">Como se tornar uma pessoa espiritual?<\/h2>\n\n\n<p><\/p>\n\n<ul class=\"wp-block-list\">\n<li>Leia sobre o assunto. &#8230;<\/li>\n<li>Frequente espa\u00e7os dedicados \u00e0 espiritualidade. &#8230;<\/li>\n<li>Fa\u00e7a cursos e viv\u00eancias pr\u00e1ticas. &#8230;<\/li>\n<li>Cuide do seu corpo. &#8230;<\/li>\n<li>Pratique medita\u00e7\u00e3o. &#8230;<\/li>\n<li>Contemple a natureza. &#8230;<\/li>\n<li>Fa\u00e7a ora\u00e7\u00f5es ou mantras.<\/li>\n<\/ul>\n\n\n\n\n<h2 class=\"wp-block-heading\">O que significa ser espiritual?<\/h2>\n\n\n\n<h2 class=\"wp-block-heading\">O que a B\u00edblia fala sobre sono espiritual?<\/h2>\n\n\n\n<h2 class=\"wp-block-heading\">O que significa sentir muito sono espiritual?<\/h2>\n\n\n<p><\/p>A sonol\u00eancia pode ser um sinal importante para quem deseja desenvolver sua percep\u00e7\u00e3o espiritual. \u201cTodos temos sensibilidade para perceber o mundo ao nosso redor. Quando entendemos como funcionam esses fen\u00f4menos, conseguimos lidar melhor com eles e evitamos o medo\u201d, conclui Meire J. Costa.<br \/>\n\n\n\n\n<h2 class=\"wp-block-heading\">O que significa despertar do sono espiritual?<\/h2>\n\n\n<p><\/p>O despertar espiritual \u00e9 como o processo de acordar de um sono profundo de inconsci\u00eancia. \u00c9 quando o v\u00e9u da ilus\u00e3o come\u00e7a a ser removido para que a verdade seja revelada. Algumas pessoas passam por esse momento de forma leve, mas a grande maioria desperta atrav\u00e9s de crises, perdas ou grandes mudan\u00e7as de vida.<br \/>\n\n\n\n\n<h2 class=\"wp-block-heading\">Quais s\u00e3o as fases do sono espiritual?<\/h2>\n\n\n<p><\/p>O sono \u00e9 dividido basicamente em duas fases: NREM e REM. Na transi\u00e7\u00e3o de uma para a outra, cont\u00e9m est\u00e1gios que aumentam gradativamente a intensidade do repouso e recupera\u00e7\u00e3o da energia e mente. REM \u00e9 uma abrevia\u00e7\u00e3o de Rapid Eye Movement, que traduzindo do ingl\u00eas significa Movimento R\u00e1pido dos Olhos.<br \/>\n\n\n\n\n<h2 class=\"wp-block-heading\">O que est\u00e1 escrito em Ef\u00e9sios 5\/14?<\/h2>\n\n\n<p><\/p>14 Pelo que diz: Desperta, tu que dormes, e levanta-te dentre os mortos, e Cristo te iluminar\u00e1. 15 Portanto, vede prudentemente como andais, n\u00e3o como n\u00e9scios, mas como s\u00e1bios, 16 Remindo o tempo, porquanto os dias s\u00e3o maus. 17 Pelo que n\u00e3o sejais insensatos, mas entendei qual \u00e9 a vontade do Senhor.<br \/>\n\n\n\n\n<h2 class=\"wp-block-heading\">Quais s\u00e3o as caracter\u00edsticas de uma pessoa espiritual?<\/h2>\n\nProcuram se conhecer, buscam os seus prop\u00f3sitos, sua natureza e a sua ess\u00eancia. Sabem as suas virtudes e enfrentam seus obst\u00e1culos internos. Motivam-se por significados e sentido de integridade; v\u00e3o al\u00e9m dos imediatismos e objetivos eg\u00f3icos.<br \/>\n\n\n\n\n<h2 class=\"wp-block-heading\">Como age uma pessoa espiritual?<\/h2>\n\n\n<p><\/p>Procuram se conhecer, buscam os seus prop\u00f3sitos, sua natureza e a sua ess\u00eancia. Sabem as suas virtudes e enfrentam seus obst\u00e1culos internos. Motivam-se por significados e sentido de integridade; v\u00e3o al\u00e9m dos imediatismos e objetivos eg\u00f3icos.<br \/>\n\n\n\n\n<h2 class=\"wp-block-heading\">Quais s\u00e3o as caracter\u00edsticas de uma pessoa espiritualizada?<\/h2>\n\n\n<p><\/p>Procuram se conhecer, buscam os seus prop\u00f3sitos, sua natureza e a sua ess\u00eancia. Sabem as suas virtudes e enfrentam seus obst\u00e1culos internos. Ou seja, praticar o autoconhecimento \u00e9 a maneira de entender a n\u00f3s mesmos em todas as esferas da vida.<br \/>\n\n\n\n\n<h2 class=\"wp-block-heading\">Como age uma pessoa que tem o Esp\u00edrito Santo?<\/h2>\n\n\n<p><\/p>Ele pode guiar-nos em nossas decis\u00f5es e proteger-nos de perigos f\u00edsicos e espirituais. Ele \u00e9 conhecido como o Consolador, Ele pode acalmar nossos temores e encher-nos de esperan\u00e7a. Por meio de Seu poder, seremos santificados se nos arrependermos, recebermos as ordenan\u00e7as salvadoras e guardarmos nossos conv\u00eanios.<br \/>\n\n\n\n\n<h2 class=\"wp-block-heading\">O que Jesus fala sobre espiritualidade?<\/h2>\n\nJesus expressava sua espiritualidade atrav\u00e9s do ouvir, orar, compartilhar, testemunhar e agir. Voc\u00ea pode observar isso nos passos de Jesus conforme descritos nos evangelhos e tamb\u00e9m na forma como ele vivia a sua religi\u00e3o: Juda\u00edsmo.<br \/>\n\n\n\n\n<h2 class=\"wp-block-heading\">Qual vers\u00edculo da B\u00edblia fala sobre espiritualidade?<\/h2>\n\n\n<p><\/p>\n\n<ul class=\"wp-block-list\">\n<li>Salmo 138 &#8211; Fortalecer a espiritualidade<\/li>\n<li> Inclinar-me-ei para o teu santo templo, e louvarei o teu nome pela tua benignidade, e pela tua verdade; pois engrandeceste a tua palavra acima de todo o teu nome. No dia em que eu clamei, me escutaste; e alentaste com for\u00e7a a minha alma.<\/li>\n<\/ul>\n\n\n","protected":false},"excerpt":{"rendered":"<p>Sendo assim, ser espiritual \u00e9 ter uma experi\u00eancia direta, pessoal, consciente e respons\u00e1vel com Cristo. Ter autonomia diante de Deus. E assumir a responsabilidade sobre sua vida espiritual e sua consci\u00eancia diante de Deus, tendo Jesus como refer\u00eancia revelada pelo Esp\u00edrito Santo. O que \u00e9 ser uma pessoa espiritual na B\u00edblia? O que \u00e9 a [&hellip;]<\/p>\n","protected":false},"author":2,"featured_media":0,"comment_status":"open","ping_status":"closed","sticky":false,"template":"","format":"standard","meta":{"footnotes":""},"categories":[1],"tags":[],"class_list":["post-9703","post","type-post","status-publish","format-standard","hentry","category-conteudo"],"_links":{"self":[{"href":"https:\/\/ammabarbacena.com.br\/perguntas-frequentes\/wp-json\/wp\/v2\/posts\/9703","targetHints":{"allow":["GET"]}}],"collection":[{"href":"https:\/\/ammabarbacena.com.br\/perguntas-frequentes\/wp-json\/wp\/v2\/posts"}],"about":[{"href":"https:\/\/ammabarbacena.com.br\/perguntas-frequentes\/wp-json\/wp\/v2\/types\/post"}],"author":[{"embeddable":true,"href":"https:\/\/ammabarbacena.com.br\/perguntas-frequentes\/wp-json\/wp\/v2\/users\/2"}],"replies":[{"embeddable":true,"href":"https:\/\/ammabarbacena.com.br\/perguntas-frequentes\/wp-json\/wp\/v2\/comments?post=9703"}],"version-history":[{"count":1,"href":"https:\/\/ammabarbacena.com.br\/perguntas-frequentes\/wp-json\/wp\/v2\/posts\/9703\/revisions"}],"predecessor-version":[{"id":9704,"href":"https:\/\/ammabarbacena.com.br\/perguntas-frequentes\/wp-json\/wp\/v2\/posts\/9703\/revisions\/9704"}],"wp:attachment":[{"href":"https:\/\/ammabarbacena.com.br\/perguntas-frequentes\/wp-json\/wp\/v2\/media?parent=9703"}],"wp:term":[{"taxonomy":"category","embeddable":true,"href":"https:\/\/ammabarbacena.com.br\/perguntas-frequentes\/wp-json\/wp\/v2\/categories?post=9703"},{"taxonomy":"post_tag","embeddable":true,"href":"https:\/\/ammabarbacena.com.br\/perguntas-frequentes\/wp-json\/wp\/v2\/tags?post=9703"}],"curies":[{"name":"wp","href":"https:\/\/api.w.org\/{rel}","templated":true}]}}