{"id":9687,"date":"2025-07-27T11:49:21","date_gmt":"2025-07-27T11:49:21","guid":{"rendered":"http:\/\/4d65e8ec-0dfe-4f35-9fe6-a711f6a68856"},"modified":"2025-07-27T11:49:21","modified_gmt":"2025-07-27T11:49:21","slug":"o-que-e-relativismo-na-biblia","status":"publish","type":"post","link":"https:\/\/ammabarbacena.com.br\/perguntas-frequentes\/o-que-e-relativismo-na-biblia\/","title":{"rendered":"O que \u00e9 relativismo na b\u00edblia"},"content":{"rendered":"\n\n<h2 class=\"wp-block-heading\">O que significa relativismo na B\u00edblia?<\/h2>\n\nEsta corrente de pensamento entende que nada podemos afirmar a respeito de algo, porque tudo \u00e9 relativo e depende do ponto de vista de cada um, portanto, podendo incorrer num subjetivismo sem limites.<br \/>\n<h3>A DOUTRINA DA VOLTA DE JESUS 1\u00aa Tss.4: 15-17<\/h3><iframe src=\"https:\/\/www.youtube.com\/embed\/O7I1tRey3pA\" width=\"560\" height=\"315\" frameborder=\"0\" allowfullscreen><\/iframe>\n\n\n\n\n\n\n<h2 class=\"wp-block-heading\">O que \u00e9 relativismo segundo a B\u00edblia?<\/h2>\n\n\n<p><\/p>\u00c9 uma linha de pensamento que nega haver uma \u201cverdade absoluta e permanente\u201d como a Revela\u00e7\u00e3o de Deus nas Escrituras e na Tradi\u00e7\u00e3o da Igreja. Ent\u00e3o, deixa por conta de cada um definir a \u201c\u201dsua\u201d verdade\u201d e aquilo que lhe parece ser o seu bem, como se a verdade fosse algo a se escolher e n\u00e3o a se descobrir.<br \/>\n\n\n\n\n<h2 class=\"wp-block-heading\">O que significa relativismo?<\/h2>\n\n\n<p><\/p>O relativismo \u00e9 uma corrente filos\u00f3fica que afirma que as verdades e valores morais s\u00e3o relativos aos contextos hist\u00f3ricos, culturais e sociais em que s\u00e3o produzidos. Em outras palavras, n\u00e3o existe uma verdade ou valor moral absoluto e universal.<br \/>\n\n\n\n\n<h2 class=\"wp-block-heading\">Quais s\u00e3o as consequ\u00eancias do relativismo?<\/h2>\n\n\n<p><\/p>As consequ\u00eancias do relativismo cultural podem ser diversas e incluem: o respeito sincero pelas culturas e sociedades dos outros povos; o cuidado extremo com a objetividade ao estudar outras culturas; e. a recusa de interferir e modificar costumes e tradi\u00e7\u00f5es de outros povos.<br \/>\n\n\n\n\n<h2 class=\"wp-block-heading\">O que \u00e9 relativismo espiritual?<\/h2>\n\n\n<p><\/p>O relativismo religioso coloca no mesmo plano todas as religi\u00f5es \u2013 considerando-as todas como express\u00f5es de um \u201cespiritualismo\u201d geral. Elimina seus aspectos dogm\u00e1ticos e de verdade e as reduz a um querer-se bem gen\u00e9rico, colocando-as todas na mesma prateleira de um supermercado religioso.<br \/>\n\n\n\n\n<h2 class=\"wp-block-heading\">Quais s\u00e3o os exemplos de relativismo?<\/h2>\n\n\n<p><\/p>Por exemplo, um relativista poderia acreditar que a Terra gira em torno de si mesma e que \u00e9 falso que est\u00e1 fixa, ao mesmo tempo em que est\u00e1 ciente de que algu\u00e9m acredita que ela se mantenha fixa.<br \/>\n\n\n\n\n<h2 class=\"wp-block-heading\">O que \u00e9 o conceito de relativismo?<\/h2>\n\nO relativismo \u00e9 uma corrente filos\u00f3fica que afirma que as verdades e valores morais s\u00e3o relativos aos contextos hist\u00f3ricos, culturais e sociais em que s\u00e3o produzidos. Em outras palavras, n\u00e3o existe uma verdade ou valor moral absoluto e universal.<br \/>\n\n\n\n\n<h2 class=\"wp-block-heading\">Qual \u00e9 o conceito de relativismo?<\/h2>\n\n\n<p><\/p>O relativismo \u00e9 uma corrente filos\u00f3fica que afirma que as verdades e valores morais s\u00e3o relativos aos contextos hist\u00f3ricos, culturais e sociais em que s\u00e3o produzidos. Em outras palavras, n\u00e3o existe uma verdade ou valor moral absoluto e universal.<br \/>\n\n\n\n\n<h2 class=\"wp-block-heading\">Quem criou o conceito de relativismo?<\/h2>\n\n\n<p><\/p>O relativismo cultural \u00e9 uma perspectiva te\u00f3rica que defende que cada cultura deve ser entendida e respeitada dentro de seu pr\u00f3prio contexto. Foi desenvolvido por Franz Boas.<br \/>\n\n\n\n\n<h2 class=\"wp-block-heading\">O que significa o pensamento relativista?<\/h2>\n\n\n<p><\/p>\n\n<ul class=\"wp-block-list\">\n<li>O PENSAMENTO RELATIVISTA<\/li>\n<li> Ambos excluem a raz\u00e3o, dando lugar \u00e0 percep\u00e7\u00e3o, a observa\u00e7\u00e3o, a intui\u00e7\u00e3o humana. A verdade ou falsidade \u00e9 obtida por meio do que cada um percebe ou observa em meio aos fatos e objetos.<\/li>\n<\/ul>\n\n\n\n\n<h2 class=\"wp-block-heading\">A moral \u00e9 absoluta ou relativa?<\/h2>\n\n\n<p><\/p>Que uma a\u00e7\u00e3o seja boa ou m\u00e1 depende das normas morais aprovadas na sociedade em que \u00e9 praticada. Por isso a mesma a\u00e7\u00e3o pode ser errada numa sociedade e correta em outra. A moral \u00e9 relativa. O relativismo moral cultural defende que \u00e9 moralmente correto o que uma sociedade pensa e acredita ser moralmente correto.<br \/>\n\n\n\n\n<h2 class=\"wp-block-heading\">O que \u00e9 relativismo religioso?<\/h2>\n\n\n\n<h2 class=\"wp-block-heading\">O que \u00e9 relativismo de acordo com a B\u00edblia?<\/h2>\n\n\n<p><\/p>\u00c9 uma linha de pensamento que nega haver uma \u201cverdade absoluta e permanente\u201d como a Revela\u00e7\u00e3o de Deus nas Escrituras e na Tradi\u00e7\u00e3o da Igreja. Ent\u00e3o, deixa por conta de cada um definir a \u201c\u201dsua\u201d verdade\u201d e aquilo que lhe parece ser o seu bem, como se a verdade fosse algo a se escolher e n\u00e3o a se descobrir.<br \/>\n\n\n\n\n<h2 class=\"wp-block-heading\">O que \u00e9 relativismo exemplo?<\/h2>\n\n\n<p><\/p>Por exemplo, um relativista poderia acreditar que a Terra gira em torno de si mesma e que \u00e9 falso que est\u00e1 fixa, ao mesmo tempo em que est\u00e1 ciente de que algu\u00e9m acredita que ela se mantenha fixa.<br \/>\n\n\n\n\n<h2 class=\"wp-block-heading\">O que \u00e9 relativismo?<\/h2>\n\n\n<p><\/p>O relativismo \u00e9 um tema importante na filosofia, especialmente na \u00e1rea da epistemologia (estudo do conhecimento). Ele se relaciona com a filosofia porque questiona a possibilidade de se chegar a uma verdade absoluta e universal, levando em conta as diferen\u00e7as culturais, hist\u00f3ricas e sociais.<br \/>\n\n\n\n\n<h2 class=\"wp-block-heading\">O que \u00e9 relativismo na religi\u00e3o?<\/h2>\n\n\n<p><\/p>O relativismo religioso coloca no mesmo plano todas as religi\u00f5es \u2013 considerando-as todas como express\u00f5es de um \u201cespiritualismo\u201d geral. Elimina seus aspectos dogm\u00e1ticos e de verdade e as reduz a um querer-se bem gen\u00e9rico, colocando-as todas na mesma prateleira de um supermercado religioso.<br \/>\n\n\n\n\n<h2 class=\"wp-block-heading\">Quem \u00e9 o pai do relativismo?<\/h2>\n\nFranz Boas foi um dos maiores antrop\u00f3logos de todos os tempos. Pai da antropologia norte-americana, pioneiro do m\u00e9todo etnogr\u00e1fico e da no\u00e7\u00e3o relativista e plural de cultura. Franz Boas \u00e9 um antrop\u00f3logo alem\u00e3o radicado nos EUA, conhecido como \u201cpai da antropologia americana\u201d.<br \/>\n\n\n\n\n<h2 class=\"wp-block-heading\">Quem foi o pai do relativismo?<\/h2>\n\n\n<p><\/p>Franz Boas foi um dos maiores antrop\u00f3logos de todos os tempos. Pai da antropologia norte-americana, pioneiro do m\u00e9todo etnogr\u00e1fico e da no\u00e7\u00e3o relativista e plural de cultura. Franz Boas \u00e9 um antrop\u00f3logo alem\u00e3o radicado nos EUA, conhecido como \u201cpai da antropologia americana\u201d.<br \/>\n\n\n\n\n<h2 class=\"wp-block-heading\">Qual fil\u00f3sofo defende o relativismo?<\/h2>\n\n\n<p><\/p>Michel Foucault \u00e9 muitas vezes associado ao relativismo, embora sua posi\u00e7\u00e3o seja complexa e \u00e0s vezes amb\u00edgua. Foucault era um cr\u00edtico das metanarrativas totalizadoras e do essencialismo, argumentando que as verdades s\u00e3o hist\u00f3ricas, contingentes e moldadas pelo contexto cultural e social.<br \/>\n\n\n\n\n<h2 class=\"wp-block-heading\">Qual \u00e9 a origem do relativismo?<\/h2>\n\n\n<p><\/p>Sua origem est\u00e1 ligada ao m\u00e9todo da observa\u00e7\u00e3o participante, desenvolvido por antrop\u00f3logos como Franz Boas, que enfatizava a import\u00e2ncia de se estudar culturas de maneira imersiva e emp\u00e1tica, combatendo preconceitos etnoc\u00eantricos e promovendo uma vis\u00e3o mais igualit\u00e1ria das diversas culturas humanas.<br \/>\n\n\n\n\n<h2 class=\"wp-block-heading\">Qual \u00e9 a ideologia do relativismo?<\/h2>\n\n\n<p><\/p>O relativismo \u00e9 uma corrente filos\u00f3fica que afirma que as verdades e valores morais s\u00e3o relativos aos contextos hist\u00f3ricos, culturais e sociais em que s\u00e3o produzidos. Em outras palavras, n\u00e3o existe uma verdade ou valor moral absoluto e universal.<br \/>\n\n\n\n\n<h2 class=\"wp-block-heading\">Quem \u00e9 considerado o pai da antropologia?<\/h2>\n\n\n<p><\/p>Franz Uri Boas (Minden, 9 de julho de 1858 \u2014 Nova Iorque, 21 de dezembro de 1942) foi um antrop\u00f3logo teuto-americano,um dos pioneiros da antropologia moderna que tem sido chamado de &#8220;Pai da Antropologia Americana&#8221;.<br \/>\n\n\n\n\n<h2 class=\"wp-block-heading\">Qual o conceito de relativizar?<\/h2>\n\n\n\n<h2 class=\"wp-block-heading\">O que significa relativizar um assunto?<\/h2>\n\n\n<p><\/p>Considerar (algo) sob um ponto de vista relativo e n\u00e3o absoluto.<br \/>\n\n\n\n\n<h2 class=\"wp-block-heading\">O que \u00e9 relativizar a verdade?<\/h2>\n\n\n<p><\/p>O relativismo \u00e9 a perspectiva que sustenta que os pontos de vista n\u00e3o possuem uma verdade absoluta ou validade intr\u00ednseca; em vez disso, eles adquirem significado apenas em rela\u00e7\u00e3o a fatores subjetivos, variando de acordo com as diferen\u00e7as na percep\u00e7\u00e3o e considera\u00e7\u00e3o.<br \/>\n\n\n\n\n<h2 class=\"wp-block-heading\">Qual a origem da palavra relativismo?<\/h2>\n\n\n\n<ul class=\"wp-block-list\">\n<li>nome masculino<\/li>\n<li> Teoria filos\u00f3fica que se baseia na relatividade do conhecimento. 2. Doutrina filos\u00f3fica que admite que todo o conhecimento \u00e9 relativo. Origem: relativo + -ismo.<\/li>\n<\/ul>\n\n\n\n\n<h2 class=\"wp-block-heading\">Para que serve o relativismo?<\/h2>\n\n\n<p><\/p>O relativismo \u00e9 uma doutrina que afirma a relatividade do conhecimento humano. Ou seja, h\u00e1 um condicionamento do sujeito que conhece sobre o objeto conhecido e tamb\u00e9m dos objetos entre si. Assim, a posi\u00e7\u00e3o do sujeito, sua situa\u00e7\u00e3o e seu momento condicionam e determinam o modo como ele v\u00ea e concebe a realidade.<br \/>\n\n\n","protected":false},"excerpt":{"rendered":"<p>O que significa relativismo na B\u00edblia? Esta corrente de pensamento entende que nada podemos afirmar a respeito de algo, porque tudo \u00e9 relativo e depende do ponto de vista de cada um, portanto, podendo incorrer num subjetivismo sem limites. O que \u00e9 relativismo segundo a B\u00edblia? \u00c9 uma linha de pensamento que nega haver uma [&hellip;]<\/p>\n","protected":false},"author":2,"featured_media":0,"comment_status":"open","ping_status":"closed","sticky":false,"template":"","format":"standard","meta":{"footnotes":""},"categories":[1],"tags":[],"class_list":["post-9687","post","type-post","status-publish","format-standard","hentry","category-conteudo"],"_links":{"self":[{"href":"https:\/\/ammabarbacena.com.br\/perguntas-frequentes\/wp-json\/wp\/v2\/posts\/9687","targetHints":{"allow":["GET"]}}],"collection":[{"href":"https:\/\/ammabarbacena.com.br\/perguntas-frequentes\/wp-json\/wp\/v2\/posts"}],"about":[{"href":"https:\/\/ammabarbacena.com.br\/perguntas-frequentes\/wp-json\/wp\/v2\/types\/post"}],"author":[{"embeddable":true,"href":"https:\/\/ammabarbacena.com.br\/perguntas-frequentes\/wp-json\/wp\/v2\/users\/2"}],"replies":[{"embeddable":true,"href":"https:\/\/ammabarbacena.com.br\/perguntas-frequentes\/wp-json\/wp\/v2\/comments?post=9687"}],"version-history":[{"count":1,"href":"https:\/\/ammabarbacena.com.br\/perguntas-frequentes\/wp-json\/wp\/v2\/posts\/9687\/revisions"}],"predecessor-version":[{"id":9688,"href":"https:\/\/ammabarbacena.com.br\/perguntas-frequentes\/wp-json\/wp\/v2\/posts\/9687\/revisions\/9688"}],"wp:attachment":[{"href":"https:\/\/ammabarbacena.com.br\/perguntas-frequentes\/wp-json\/wp\/v2\/media?parent=9687"}],"wp:term":[{"taxonomy":"category","embeddable":true,"href":"https:\/\/ammabarbacena.com.br\/perguntas-frequentes\/wp-json\/wp\/v2\/categories?post=9687"},{"taxonomy":"post_tag","embeddable":true,"href":"https:\/\/ammabarbacena.com.br\/perguntas-frequentes\/wp-json\/wp\/v2\/tags?post=9687"}],"curies":[{"name":"wp","href":"https:\/\/api.w.org\/{rel}","templated":true}]}}