{"id":9673,"date":"2025-07-27T11:44:14","date_gmt":"2025-07-27T11:44:14","guid":{"rendered":"http:\/\/acced5bb-cdb5-40a9-bebe-5059ba08db55"},"modified":"2025-07-27T11:44:14","modified_gmt":"2025-07-27T11:44:14","slug":"o-que-e-varao-na-biblia","status":"publish","type":"post","link":"https:\/\/ammabarbacena.com.br\/perguntas-frequentes\/o-que-e-varao-na-biblia\/","title":{"rendered":"O que \u00e9 var\u00e3o na b\u00edblia"},"content":{"rendered":"\n\n<h2 class=\"wp-block-heading\">Porque o homem \u00e9 chamado de var\u00e3o?<\/h2>\n\nEtimologicamente \u00e9 um termo proveniente dos pa\u00edses do norte da Europa pois origina-se do germ\u00e2nico baro &#8216; homem livre&#8217;, que foi introduzido na Rom\u00e2nia por mercen\u00e1rios n\u00f3rdicos, e que ocorre no latim sob as varia\u00e7\u00f5es b\u00e1ro e v\u00e1(r)ro com o sentido de &#8216; homem &#8216;, indiv\u00edduo do sexo masculino, por oposi\u00e7\u00e3o a mulher.<br \/>\n\n\n\n\n<h2 class=\"wp-block-heading\">Porque chamam os homens de var\u00e3o?<\/h2>\n\n\n<p><\/p>Etimologia. Etimologicamente \u00e9 um termo proveniente dos pa\u00edses do norte da Europa pois origina-se do germ\u00e2nico baro &#8216; homem livre&#8217;, que foi introduzido na Rom\u00e2nia por mercen\u00e1rios n\u00f3rdicos, e que ocorre no latim sob as varia\u00e7\u00f5es b\u00e1ro e v\u00e1(r)ro com o sentido de &#8216; homem &#8216;, indiv\u00edduo do sexo masculino, por oposi\u00e7\u00e3o a mulher.<br \/>\n\n\n\n\n<h2 class=\"wp-block-heading\">O que dizer var\u00e3o?<\/h2>\n\n\n<p><\/p>vara grande, geralmente de ferro ou de outro metal (em escadas, etc.)<br \/>\n\n\n\n\n<h2 class=\"wp-block-heading\">O que a B\u00edblia fala sobre o var\u00e3o?<\/h2>\n\nRomanos 1:27-32 ARC. E, semelhantemente, tamb\u00e9m os var\u00f5es, deixando o uso natural da mulher, se inflamaram em sua sensualidade uns para com os outros, var\u00e3o com var\u00e3o, cometendo torpeza e recebendo em si mesmos a recompensa que convinha ao seu erro.<br \/>\n\n\n\n\n<h2 class=\"wp-block-heading\">O que a B\u00edblia diz sobre var\u00e3o?<\/h2>\n\n\n<p><\/p>E, semelhantemente, tamb\u00e9m os var\u00f5es, deixando o uso natural da mulher, se inflamaram em sua sensualidade uns para com os outros, var\u00e3o com var\u00e3o, cometendo torpeza e recebendo em si mesmos a recompensa que convinha ao seu erro.<br \/>\n\n\n\n\n<h2 class=\"wp-block-heading\">O que \u00e9 um var\u00e3o de Deus?<\/h2>\n\n\n<p><\/p>&#8220;Var\u00e3o&#8221; \u00e9 uma palavra que significa &#8220;homem&#8221;, usada em tradu\u00e7\u00f5es mais antigas da B\u00edblia. As Escrituras t\u00eam muito a dizer sobre o &#8220;var\u00e3o valoroso&#8221;, o homem de Deus que segue o caminho do Senhor.<br \/>\n\n\n\n\n<h2 class=\"wp-block-heading\">Por que o crente fala var\u00e3o?<\/h2>\n\n\n<p><\/p>Para a doutrina crist\u00e3 evang\u00e9lica, a palavra var\u00e3o \u00e9 comumente utilizada na B\u00edblia para se referir ao homem digno de f\u00e9 e temor a Deus.<br \/>\n\n\n\n\n<h2 class=\"wp-block-heading\">O que \u00e9 um var\u00e3o na igreja?<\/h2>\n\n\n\n<h2 class=\"wp-block-heading\">Quem \u00e9 o var\u00e3o da igreja?<\/h2>\n\n\n<p><\/p>Para a doutrina crist\u00e3 evang\u00e9lica, a palavra var\u00e3o \u00e9 comumente utilizada na B\u00edblia para se referir ao homem digno de f\u00e9 e temor a Deus.<br \/>\n\n\n\n\n<h2 class=\"wp-block-heading\">O que significa chamar algu\u00e9m de var\u00e3o?<\/h2>\n\n\n<p><\/p>Homem esfor\u00e7ado, valoroso.<br \/>\n\n\n\n\n<h2 class=\"wp-block-heading\">Como a B\u00edblia elogia o var\u00e3o?<\/h2>\n\nJeremias: 17 vers\u00edculo 7 e 8. 7) Bendito o var\u00e3o que confia no senhor, e cuja esperan\u00e7a, (ou expectativa) \u00e9 o Senhor.<br \/>\n\n\n\n\n<h2 class=\"wp-block-heading\">Como elogiar o var\u00e3o na B\u00edblia?<\/h2>\n\n\n<p><\/p>Jeremias: 17 vers\u00edculo 7 e 8. 7) Bendito o var\u00e3o que confia no senhor, e cuja esperan\u00e7a, (ou expectativa) \u00e9 o Senhor.<br \/>\n\n\n\n\n<h2 class=\"wp-block-heading\">O que a B\u00edblia diz sobre elogiar algu\u00e9m?<\/h2>\n\n\n<p><\/p>A B\u00edblia diz que n\u00e3o devemos fazer as coisas buscando elogios ou reconhecimento (Filipenses 2:3; 2 Cor\u00edntios 10:18; Mateus 6).<br \/>\n\n\n\n\n<h2 class=\"wp-block-heading\">O que diz Prov\u00e9rbios 31 e 29?<\/h2>\n\n\n<p><\/p>\u201c Muitas mulheres agem valorosamente, mas voc\u00ea supera todas elas \u201d. A beleza \u00e9 enganosa, e a formosura \u00e9 passageira, mas a mulher que teme ao SENHOR ser\u00e1 elogiada. Que ela receba a recompensa merecida, e as suas obras sejam elogiadas \u00e0 porta da cidade.<br \/>\n\n\n\n\n<h2 class=\"wp-block-heading\">Quem \u00e9 o filho var\u00e3o de apocalipse?<\/h2>\n\nEsse filho var\u00e3o representa os vencedores que est\u00e3o sendo formados dentre os filhos de Deus, os quais s\u00e3o tipificados pela mulher universal. O filho var\u00e3o ainda est\u00e1 sendo formado. Isso significa que ainda h\u00e1 esperan\u00e7a para todos n\u00f3s de fazer parte dele.<br \/>\n\n\n\n\n<h2 class=\"wp-block-heading\">Quem \u00e9 o filho var\u00e3o em Apocalipse 12?<\/h2>\n\n\n<p><\/p>O filho var\u00e3o refere-se ao grupo de vencedores coletivos que, ap\u00f3s nascer, ser\u00e1 arrebatado at\u00e9 o trono de Deus.<br \/>\n\n\n\n\n<h2 class=\"wp-block-heading\">O que significa filho var\u00e3o na B\u00edblia?<\/h2>\n\n\n<p><\/p>\u00c9 chamado filho var\u00e3o ao filho homem. Da\u00ed se origina a chamada varonia, conceito presente na nobreza e na genealogia da representa\u00e7\u00e3o de uma determinada pessoa atrav\u00e9s de sua hereditariedade induzida sucessivamente por linhagem paterna.<br \/>\n\n\n\n\n<h2 class=\"wp-block-heading\">Quem \u00e9 o filho da mulher em Apocalipse?<\/h2>\n\n\n<p><\/p>O &#8220;filho&#8221; da mulher \u00e9 uma refer\u00eancia a Jesus (Apocalipse 12,5), visto que ele est\u00e1 destinado a &#8220;governar todas as na\u00e7\u00f5es com uma vara de ferro&#8221; (Apocalipse 12,5).<br \/>\n\n\n\n\n<h2 class=\"wp-block-heading\">Quem \u00e9 o filho de Gl\u00f3ria em Apocalipse?<\/h2>\n\n\n<p><\/p>A emo\u00e7\u00e3o toma conta com a descoberta de que Gl\u00f3ria \u00e9 m\u00e3e de Vittorio.<br \/>\n\n\n\n\n<h2 class=\"wp-block-heading\">Quem \u00e9 a crian\u00e7a de Apocalipse 12?<\/h2>\n\n\n<p><\/p>Quem \u00e9 a crian\u00e7a em Apocalipse 12? A mulher (a na\u00e7\u00e3o escolhida por Deus, Israel) \u00e9 descrita como tendo dado \u00e0 luz um \u201cfilho var\u00e3o, que h\u00e1 de reger todas as na\u00e7\u00f5es com vara de ferro\u201d ( Apocalipse 12:5 ). De fato, Jesus Cristo nasceu nesta na\u00e7\u00e3o.<br \/>\n\n\n\n\n<h2 class=\"wp-block-heading\">Por que Ana pediu um filho var\u00e3o?<\/h2>\n\n\n<p><\/p>Durante a ora\u00e7\u00e3o, Ana percebeu que, at\u00e9 ent\u00e3o, desejava ter um filho para n\u00e3o ser mais chamada de est\u00e9ril, para que seu marido n\u00e3o se casasse com outra, para n\u00e3o ser humilhada, para se sentir completa, para esfregar na cara de todos que falaram mal dela, para ser valorizada&#8230; Entretanto, nenhuma dessas raz\u00f5es abriu os &#8230;<br \/>\n\n\n\n\n<h2 class=\"wp-block-heading\">Quem Deus chamou de var\u00e3o valoroso?<\/h2>\n\nDeus interessado em resolver a situa\u00e7\u00e3o do povo de Israel, envia um anjo a falar com Gide\u00e3o, quando ele trabalhava no campo de seu pai (6.11). O anjo disse-lhe: &#8220;O Senhor \u00e9 contigo, var\u00e3o valoroso&#8221;.<br \/>\n\n\n\n\n<h2 class=\"wp-block-heading\">Quem foi chamado de var\u00e3o valoroso na B\u00edblia?<\/h2>\n\n\n<p><\/p>Gide\u00e3o, O Homem Valoroso. O relato b\u00edblico acerca de Gide\u00e3o, no livro de Ju\u00edzes, e a descri\u00e7\u00e3o dele, n\u00e3o \u00e9 exatamente o de algu\u00e9m a quem chamar\u00edamos de \u201cvaloroso\u201d. Por natureza, ele era cauteloso, quase medroso e hesitante.<br \/>\n\n\n\n\n<h2 class=\"wp-block-heading\">Porque o Anjo chamou Gide\u00e3o de var\u00e3o Valoroso?<\/h2>\n\n\n<p><\/p>Em Ju\u00edzes 6:11\u201313, aprendemos que, al\u00e9m de enviar um profeta aos filhos de Israel, o Senhor tamb\u00e9m chamou um juiz que era um \u201chomem valoroso\u201d (Ju\u00edzes 6:12; valoroso significa corajoso ou valente ) como l\u00edder militar para livr\u00e1-los dos midianitas.<br \/>\n\n\n\n\n<h2 class=\"wp-block-heading\">Qual vers\u00edculo b\u00edblico fala sobre um var\u00e3o valoroso?<\/h2>\n\n\n<p><\/p>\n\n<ul class=\"wp-block-list\">\n<li>Ju\u00edzes 6:12-16 ARC<\/li>\n<li> Ent\u00e3o, o Anjo do SENHOR lhe apareceu e lhe disse: O SENHOR \u00e9 contigo, var\u00e3o valoroso.<\/li>\n<\/ul>\n\n\n\n\n<h2 class=\"wp-block-heading\">Quem Deus chamou de homem valente?<\/h2>\n\n\n<p><\/p>O Anjo do SENHOR apareceu a Gide\u00e3o e disse: \u201cHomem valente, o SENHOR est\u00e1 com voc\u00ea!\u201d<br \/>\n\n\n\n\n<h2 class=\"wp-block-heading\">Qual era o chamado de Gide\u00e3o?<\/h2>\n\n\n<p><\/p>\n\n<ul class=\"wp-block-list\">\n<li>Gide\u00e3o \u00e9 chamado por Deus<\/li>\n<li> O Anjo do Senhor apareceu a Gide\u00e3o enquanto estava malhando o trigo da colheita. Ele lhe disse que Deus estava com ele e que iria derrotar os inimigos. Gide\u00e3o achou que era incapaz de tal empreitada (Ju\u00edzes 6:14-16). A B\u00edblia n\u00e3o menciona quantos anos Gide\u00e3o tinha quando foi chamado por Deus.<\/li>\n<\/ul>\n\n\n","protected":false},"excerpt":{"rendered":"<p>Porque o homem \u00e9 chamado de var\u00e3o? Etimologicamente \u00e9 um termo proveniente dos pa\u00edses do norte da Europa pois origina-se do germ\u00e2nico baro &#8216; homem livre&#8217;, que foi introduzido na Rom\u00e2nia por mercen\u00e1rios n\u00f3rdicos, e que ocorre no latim sob as varia\u00e7\u00f5es b\u00e1ro e v\u00e1(r)ro com o sentido de &#8216; homem &#8216;, indiv\u00edduo do sexo [&hellip;]<\/p>\n","protected":false},"author":2,"featured_media":0,"comment_status":"open","ping_status":"closed","sticky":false,"template":"","format":"standard","meta":{"footnotes":""},"categories":[1],"tags":[],"class_list":["post-9673","post","type-post","status-publish","format-standard","hentry","category-conteudo"],"_links":{"self":[{"href":"https:\/\/ammabarbacena.com.br\/perguntas-frequentes\/wp-json\/wp\/v2\/posts\/9673","targetHints":{"allow":["GET"]}}],"collection":[{"href":"https:\/\/ammabarbacena.com.br\/perguntas-frequentes\/wp-json\/wp\/v2\/posts"}],"about":[{"href":"https:\/\/ammabarbacena.com.br\/perguntas-frequentes\/wp-json\/wp\/v2\/types\/post"}],"author":[{"embeddable":true,"href":"https:\/\/ammabarbacena.com.br\/perguntas-frequentes\/wp-json\/wp\/v2\/users\/2"}],"replies":[{"embeddable":true,"href":"https:\/\/ammabarbacena.com.br\/perguntas-frequentes\/wp-json\/wp\/v2\/comments?post=9673"}],"version-history":[{"count":1,"href":"https:\/\/ammabarbacena.com.br\/perguntas-frequentes\/wp-json\/wp\/v2\/posts\/9673\/revisions"}],"predecessor-version":[{"id":9674,"href":"https:\/\/ammabarbacena.com.br\/perguntas-frequentes\/wp-json\/wp\/v2\/posts\/9673\/revisions\/9674"}],"wp:attachment":[{"href":"https:\/\/ammabarbacena.com.br\/perguntas-frequentes\/wp-json\/wp\/v2\/media?parent=9673"}],"wp:term":[{"taxonomy":"category","embeddable":true,"href":"https:\/\/ammabarbacena.com.br\/perguntas-frequentes\/wp-json\/wp\/v2\/categories?post=9673"},{"taxonomy":"post_tag","embeddable":true,"href":"https:\/\/ammabarbacena.com.br\/perguntas-frequentes\/wp-json\/wp\/v2\/tags?post=9673"}],"curies":[{"name":"wp","href":"https:\/\/api.w.org\/{rel}","templated":true}]}}