{"id":9657,"date":"2025-07-27T11:39:41","date_gmt":"2025-07-27T11:39:41","guid":{"rendered":"http:\/\/794a544d-e8be-44d9-b94b-f23d4b2e47a5"},"modified":"2025-07-27T11:39:41","modified_gmt":"2025-07-27T11:39:41","slug":"o-que-e-jubileu-na-biblia","status":"publish","type":"post","link":"https:\/\/ammabarbacena.com.br\/perguntas-frequentes\/o-que-e-jubileu-na-biblia\/","title":{"rendered":"O que \u00e9 jubileu na b\u00edblia"},"content":{"rendered":"\n\n<h2 class=\"wp-block-heading\">O que significa Jubileu na palavra de Deus?<\/h2>\n\nO Jubileu \u00e9 uma celebra\u00e7\u00e3o religiosa de origem b\u00edblica, descrita no Livro do Lev\u00edtico, como um ano de gra\u00e7a, reconcilia\u00e7\u00e3o e renova\u00e7\u00e3o. Na Igreja Cat\u00f3lica, \u00e9 marcado por eventos especiais que promovem ora\u00e7\u00e3o, convers\u00e3o e indulg\u00eancias, simbolizando um tempo de esperan\u00e7a e unidade.<br \/>\n\n\n\n\n<h2 class=\"wp-block-heading\">O que \u00e9 Jubileu de acordo com a B\u00edblia?<\/h2>\n\n\n<p><\/p>O que \u00e9 o Jubileu? O Jubileu \u00e9 uma celebra\u00e7\u00e3o religiosa de origem b\u00edblica, descrita no Livro do Lev\u00edtico, como um ano de gra\u00e7a, reconcilia\u00e7\u00e3o e renova\u00e7\u00e3o. Na Igreja Cat\u00f3lica, \u00e9 marcado por eventos especiais que promovem ora\u00e7\u00e3o, convers\u00e3o e indulg\u00eancias, simbolizando um tempo de esperan\u00e7a e unidade.<br \/>\n\n\n\n\n<h2 class=\"wp-block-heading\">O que significa Jubileu da B\u00edblia?<\/h2>\n\n\n<p><\/p>\u201cJubileu\u201d \u00e9 o nome de um ano particular: parece derivar do instrumento que se usava para indicar o seu in\u00edcio; trata-se do yobel, o chifre do carneiro, cujo som anuncia o Dia da Expia\u00e7\u00e3o (Yom Kippur). Esta festa recorre a cada ano, mas assume um significado especial quando coincide com o in\u00edcio do ano jubilar.<br \/>\n\n\n\n\n<h2 class=\"wp-block-heading\">O que significa ser um Jubileu?<\/h2>\n\n\n<p><\/p>O Jubileu \u00e9 uma comemora\u00e7\u00e3o religiosa da Igreja Cat\u00f3lica celebrada dentro de um Ano Santo, com a diferen\u00e7a de que a celebra\u00e7\u00e3o jubilar \u00e9 realizada de 25 em 25 anos. A celebra\u00e7\u00e3o crist\u00e3 se fundamenta na B\u00edblia; tanto no Antigo Testamento, de onde temos a tradi\u00e7\u00e3o judaica, como no Novo Testamento.<br \/>\n\n\n\n\n<h2 class=\"wp-block-heading\">O que \u00e9 Jubileu evang\u00e9lico?<\/h2>\n\n\n<p><\/p>O jubileu \u00e9 um evento significativo na tradi\u00e7\u00e3o crist\u00e3, com ra\u00edzes tanto na B\u00edblia quanto na hist\u00f3ria da Igreja. O conceito de jubileu tem origem na B\u00edblia, especificamente no Antigo Testamento. No livro de Lev\u00edtico, cap\u00edtulo 25, \u00e9 descrito como um ano de liberta\u00e7\u00e3o e restaura\u00e7\u00e3o que ocorria a cada cinquenta anos.<br \/>\n\n\n\n\n<h2 class=\"wp-block-heading\">O que \u00e9 um Jubileu da igreja?<\/h2>\n\n\u201cJubileu\u201d \u00e9 o nome de um ano particular: parece derivar do instrumento que se usava para indicar o seu in\u00edcio; trata-se do yobel, o chifre do carneiro, cujo som anuncia o Dia da Expia\u00e7\u00e3o (Yom Kippur). Esta festa recorre a cada ano, mas assume um significado especial quando coincide com o in\u00edcio do ano jubilar.<br \/>\n\n\n\n\n<h2 class=\"wp-block-heading\">O que se faz no ano do Jubileu?<\/h2>\n\n\n<p><\/p>O Jubileu \u00e9 uma celebra\u00e7\u00e3o religiosa de origem b\u00edblica, descrita no Livro do Lev\u00edtico, como um ano de gra\u00e7a, reconcilia\u00e7\u00e3o e renova\u00e7\u00e3o. Na Igreja Cat\u00f3lica, \u00e9 marcado por eventos especiais que promovem ora\u00e7\u00e3o, convers\u00e3o e indulg\u00eancias, simbolizando um tempo de esperan\u00e7a e unidade.<br \/>\n\n\n\n\n<h2 class=\"wp-block-heading\">Quais s\u00e3o as igrejas do Jubileu de 2025?<\/h2>\n\n\n<p><\/p>\n\n<ul class=\"wp-block-list\">\n<li>Igreja de Santa Maria Addolorata. Leia mais.<\/li>\n<li>Santu\u00e1rio do Amor Divino. Leia mais.<\/li>\n<li>Bas\u00edlica de Sant&#8217;Andrea delle Fratte. &#8230;<\/li>\n<li>igreja de Santa Prisca. &#8230;<\/li>\n<li>Bas\u00edlica de S\u00e3o Silvestro e Martino ai Monti. &#8230;<\/li>\n<li>Santa Maria em Monserrato degli Spagnoli. &#8230;<\/li>\n<li>Igreja de San Giovanni Battista dos florentinos. &#8230;<\/li>\n<li>Santa Maria do sufr\u00e1gio.<\/li>\n<\/ul>\n\n\n\n\n<h2 class=\"wp-block-heading\">Quais s\u00e3o os tipos de Jubileu?<\/h2>\n\n\n<p><\/p>\n\n<ul class=\"wp-block-list\">\n<li>Jubileu como comemora\u00e7\u00e3o de anivers\u00e1rio<\/li>\n<li> Embora o jubileu original seja o de 50 anos, a palavra passou a ser usada para outras marcas simb\u00f3licas: Jubileu de Prata: 25 anos. Jubileu de Ouro: 50 anos. Jubileu de Platina: 70 anos.<\/li>\n<\/ul>\n\n\n\n\n<h2 class=\"wp-block-heading\">Por que 2025 \u00e9 o ano do jubileu?<\/h2>\n\nCom o tema \u201cPeregrinos da Esperan\u00e7a\u201d, o Jubileu Ordin\u00e1rio celebra os 2025 anos da encarna\u00e7\u00e3o de Jesus Cristo, e segue o intervalo de 25 anos estabelecido pelo Papa Paulo II, em 1470.<br \/>\n\n\n\n\n<h2 class=\"wp-block-heading\">O que \u00e9 o Jubileu da Esperan\u00e7a de 2025?<\/h2>\n\n\n<p><\/p>O Jubileu da Esperan\u00e7a, tamb\u00e9m conhecido como Ano Santo de 2025, \u00e9 um per\u00edodo de gra\u00e7a extraordin\u00e1ria promovido pela Igreja Cat\u00f3lica, um tempo dedicado \u00e0 renova\u00e7\u00e3o espiritual, \u00e0 reconcilia\u00e7\u00e3o e \u00e0 viv\u00eancia profunda da miseric\u00f3rdia divina.<br \/>\n\n\n\n\n<h2 class=\"wp-block-heading\">Porque 2025 \u00e9 um ano especial?<\/h2>\n\n\n<p><\/p>Celebrando essas caracter\u00edsticas, 2025 foi proclamado como o Ano da Matem\u00e1tica, incentivando a popula\u00e7\u00e3o a explorar e apreciar a beleza dos n\u00fameros e suas interconex\u00f5es. Com tantas propriedades \u00fanicas, 2025 n\u00e3o \u00e9 apenas o ano que se inicia, mas tamb\u00e9m um tributo \u00e0 fascinante disciplina da matem\u00e1tica.<br \/>\n\n\n\n\n<h2 class=\"wp-block-heading\">O que \u00e9 jubilo na B\u00edblia?<\/h2>\n\n\n\n<h2 class=\"wp-block-heading\">O que \u00e9 estar em jubilo?<\/h2>\n\n\n<p><\/p>substantivo masculino Alegria excessiva; grande sensa\u00e7\u00e3o de felicidade : a igreja est\u00e1 em j\u00fabilo. Em que h\u00e1 grande satisfa\u00e7\u00e3o ou contentamento; jubila\u00e7\u00e3o: estado de j\u00fabilo. Etimologia (origem da palavra j\u00fabilo). Do latim jubilum.<br \/>\n\n\n\n\n<h2 class=\"wp-block-heading\">O que \u00e9 sacrif\u00edcio de jubilo na B\u00edblia?<\/h2>\n\n\n<p><\/p>Pode tratar a palavra jubilo um pouco mais profunda do que s\u00f3 alegria. Ela pode ser entendida como uma extrema alegria por haver satisfeito alguma necessidade ou haver sido tirado de um periodo de sofrimento ou dor. Extrema gratidao, alegria e descanso.<br \/>\n\n\n\n\n<h2 class=\"wp-block-heading\">O que quer dizer jubiloso na B\u00edblia?<\/h2>\n\n\n<p><\/p>Muito satisfeito; muito alegre; radiante; em que h\u00e1 regozijo.<br \/>\n\n\n\n\n<h2 class=\"wp-block-heading\">O que significa celebrar com jubilo ao Senhor?<\/h2>\n\n\n<p><\/p>1- Salmo 100:1 \u201cCelebrai com j\u00fabilo ao Senhor, todas as terras\u201d \u2013 A palavra \u201ccelebrar\u201d significa louvar com alegria. Ent\u00e3o, o primeiro passo \u00e9 estar na presen\u00e7a do Senhor com alegria e louvando a Ele.<br \/>\n\n\n\n\n<h2 class=\"wp-block-heading\">O que \u00e9 jubilando na B\u00edblia?<\/h2>\n\n\n<p><\/p>O Jubileu \u00e9 um dom divino atrav\u00e9s de um preceito vinculativo e ben\u00e9fico para todo o povo.<br \/>\n\n\n\n\n<h2 class=\"wp-block-heading\">O que \u00e9 o Jubileu de Jesus?<\/h2>\n\nO jubileu teve in\u00edcio no dia 27 de dezembro de 2023, data que recorda a primeira das tr\u00eas grandes apari\u00e7\u00f5es, e se estender\u00e1 at\u00e9 o dia 27 de junho de 2025, quando, providencialmente, celebraremos a Solenidade do Sagrado Cora\u00e7\u00e3o de Jesus e os 350 anos da terceira e \u00faltima apari\u00e7\u00e3o.<br \/>\n\n\n\n\n<h2 class=\"wp-block-heading\">O que \u00e9 Jubileu de Cristo?<\/h2>\n\n\n<p><\/p>O Jubileu \u00e9 uma celebra\u00e7\u00e3o religiosa de origem b\u00edblica, descrita no Livro do Lev\u00edtico, como um ano de gra\u00e7a, reconcilia\u00e7\u00e3o e renova\u00e7\u00e3o. Na Igreja Cat\u00f3lica, \u00e9 marcado por eventos especiais que promovem ora\u00e7\u00e3o, convers\u00e3o e indulg\u00eancias, simbolizando um tempo de esperan\u00e7a e unidade.<br \/>\n\n\n\n\n<h2 class=\"wp-block-heading\">O que \u00e9 Jubileu do Senhor Bom Jesus?<\/h2>\n\n\n<p><\/p>O Jubileu do Senhor Bom Jesus do Matozinhos \u00e9 a maior festa da cidade e \u00e9 realizada desde o ano de 1787, no per\u00edodo de 13 a 24 de junho.<br \/>\n\n\n\n\n<h2 class=\"wp-block-heading\">O que acontece no ano do Jubileu?<\/h2>\n\n\n<p><\/p>Durante o Jubileu, a Igreja Cat\u00f3lica abre as Portas Santas das bas\u00edlicas romanas, como S\u00e3o Pedro, S\u00e3o Jo\u00e3o de Latr\u00e3o, Santa Maria Maior e S\u00e3o Paulo Fora dos Muros. A tradi\u00e7\u00e3o de atravessar a Porta Santa \u00e9 um s\u00edmbolo de penit\u00eancia e renova\u00e7\u00e3o espiritual.<br \/>\n\n\n\n\n<h2 class=\"wp-block-heading\">Qual \u00e9 o significado do Jubileu de 2025?<\/h2>\n\n\n<p><\/p>O Jubileu 2025, com o tema \u201cPeregrinos de Esperan\u00e7a\u201d, ser\u00e1 uma ocasi\u00e3o especial para os cat\u00f3licos de todo o mundo. Celebrado a cada 25 anos e convocado pelo Papa Francisco, o Jubileu oferece aos fi\u00e9is uma oportunidade de renova\u00e7\u00e3o espiritual, ora\u00e7\u00e3o e reconcilia\u00e7\u00e3o, conduzindo-os em uma jornada de f\u00e9 e esperan\u00e7a.<br \/>\n\n\n\n\n<h2 class=\"wp-block-heading\">Qual \u00e9 o significado do Jubileu da Esperan\u00e7a de 2025?<\/h2>\n\nO Jubileu 2025, com o tema \u201cPeregrinos de Esperan\u00e7a\u201d, ser\u00e1 uma ocasi\u00e3o especial para os cat\u00f3licos de todo o mundo. Celebrado a cada 25 anos e convocado pelo Papa Francisco, o Jubileu oferece aos fi\u00e9is uma oportunidade de renova\u00e7\u00e3o espiritual, ora\u00e7\u00e3o e reconcilia\u00e7\u00e3o, conduzindo-os em uma jornada de f\u00e9 e esperan\u00e7a.<br \/>\n\n\n\n\n<h2 class=\"wp-block-heading\">O que significa abertura do Jubileu 2025?<\/h2>\n\n\n<p><\/p>O que \u00e9 o Jubileu 2025? O Jubileu \u00e9 um evento significativo na tradi\u00e7\u00e3o cat\u00f3lica, celebrado a cada 25 anos. Assim, ele representa um per\u00edodo de perd\u00e3o, reconcilia\u00e7\u00e3o e renova\u00e7\u00e3o espiritual. Durante o Jubileu, os fi\u00e9is t\u00eam a oportunidade de receber a indulg\u00eancia plen\u00e1ria, ou seja, a remiss\u00e3o total de seus pecados.<br \/>\n\n\n\n\n<h2 class=\"wp-block-heading\">O que \u00e9 o Jubileu da Esperan\u00e7a 2025?<\/h2>\n\n\n<p><\/p>Peregrinos da Esperan\u00e7a: Jubileu 2025, um chamado \u00e0 reconcilia\u00e7\u00e3o e \u00e0 liberta\u00e7\u00e3o. O Papa Francisco proclamou o Ano Santo de 2025 como o Jubileu da Esperan\u00e7a, convidando cat\u00f3licos de todo o mundo a redescobrirem a gra\u00e7a de Deus e renovarem seu compromisso com a f\u00e9 e a justi\u00e7a.<br \/>\n\n\n\n\n<h2 class=\"wp-block-heading\">Qual \u00e9 o significado do Jubileu 2025 &#8220;peregrinos da esperan\u00e7a&#8221;?<\/h2>\n\n\n<p><\/p>O Jubileu 2025 nos chama a sermos peregrinos, tanto no sentido f\u00edsico quanto espiritual. Contudo, participar de uma peregrina\u00e7\u00e3o neste ano \u00e9 mais do que viajar a um lugar sagrado: \u00e9 um gesto de humildade e busca interior.<br \/>\n\n\n\n\n<h2 class=\"wp-block-heading\">Qual \u00e9 o lema do Jubileu de 2025?<\/h2>\n\n\n<p><\/p>Humanidade, fraternidade, f\u00e9, comunh\u00e3o, cria\u00e7\u00e3o: \u201c Peregrinos de Esperan\u00e7a\u201d \u00e9 o lema do Jubileu de 2025. Assista ao v\u00eddeo de chamada \u00e0 participa\u00e7\u00e3o no Ano Santo.<br \/>\n\n\n\n\n<h2 class=\"wp-block-heading\">Qual \u00e9 o significado b\u00edblico do Jubileu?<\/h2>\n\n\n<p><\/p>O jubileu \u00e9 tradi\u00e7\u00e3o profundamente enraizada na hist\u00f3ria da f\u00e9 crist\u00e3, remontando \u00e0s pr\u00e1ticas antigas do povo de Israel. Ele representa um tempo especial de gra\u00e7a, de perd\u00e3o e de renova\u00e7\u00e3o espiritual.<br \/>\n\n\n","protected":false},"excerpt":{"rendered":"<p>O que significa Jubileu na palavra de Deus? O Jubileu \u00e9 uma celebra\u00e7\u00e3o religiosa de origem b\u00edblica, descrita no Livro do Lev\u00edtico, como um ano de gra\u00e7a, reconcilia\u00e7\u00e3o e renova\u00e7\u00e3o. Na Igreja Cat\u00f3lica, \u00e9 marcado por eventos especiais que promovem ora\u00e7\u00e3o, convers\u00e3o e indulg\u00eancias, simbolizando um tempo de esperan\u00e7a e unidade. O que \u00e9 Jubileu [&hellip;]<\/p>\n","protected":false},"author":2,"featured_media":0,"comment_status":"open","ping_status":"closed","sticky":false,"template":"","format":"standard","meta":{"footnotes":""},"categories":[1],"tags":[],"class_list":["post-9657","post","type-post","status-publish","format-standard","hentry","category-conteudo"],"_links":{"self":[{"href":"https:\/\/ammabarbacena.com.br\/perguntas-frequentes\/wp-json\/wp\/v2\/posts\/9657","targetHints":{"allow":["GET"]}}],"collection":[{"href":"https:\/\/ammabarbacena.com.br\/perguntas-frequentes\/wp-json\/wp\/v2\/posts"}],"about":[{"href":"https:\/\/ammabarbacena.com.br\/perguntas-frequentes\/wp-json\/wp\/v2\/types\/post"}],"author":[{"embeddable":true,"href":"https:\/\/ammabarbacena.com.br\/perguntas-frequentes\/wp-json\/wp\/v2\/users\/2"}],"replies":[{"embeddable":true,"href":"https:\/\/ammabarbacena.com.br\/perguntas-frequentes\/wp-json\/wp\/v2\/comments?post=9657"}],"version-history":[{"count":1,"href":"https:\/\/ammabarbacena.com.br\/perguntas-frequentes\/wp-json\/wp\/v2\/posts\/9657\/revisions"}],"predecessor-version":[{"id":9658,"href":"https:\/\/ammabarbacena.com.br\/perguntas-frequentes\/wp-json\/wp\/v2\/posts\/9657\/revisions\/9658"}],"wp:attachment":[{"href":"https:\/\/ammabarbacena.com.br\/perguntas-frequentes\/wp-json\/wp\/v2\/media?parent=9657"}],"wp:term":[{"taxonomy":"category","embeddable":true,"href":"https:\/\/ammabarbacena.com.br\/perguntas-frequentes\/wp-json\/wp\/v2\/categories?post=9657"},{"taxonomy":"post_tag","embeddable":true,"href":"https:\/\/ammabarbacena.com.br\/perguntas-frequentes\/wp-json\/wp\/v2\/tags?post=9657"}],"curies":[{"name":"wp","href":"https:\/\/api.w.org\/{rel}","templated":true}]}}