{"id":9623,"date":"2025-07-27T11:22:36","date_gmt":"2025-07-27T11:22:36","guid":{"rendered":"http:\/\/8fa028c4-7743-4730-8a9c-32dee6fba15d"},"modified":"2025-07-27T11:22:36","modified_gmt":"2025-07-27T11:22:36","slug":"o-que-e-o-medo-na-biblia","status":"publish","type":"post","link":"https:\/\/ammabarbacena.com.br\/perguntas-frequentes\/o-que-e-o-medo-na-biblia\/","title":{"rendered":"O que \u00e9 o medo na b\u00edblia"},"content":{"rendered":"\n\n<h2 class=\"wp-block-heading\">O que a B\u00edblia diz sobre o medo?<\/h2>\n\n\n\n<h2 class=\"wp-block-heading\">Porque o medo nos afasta de Deus?<\/h2>\n\n\n<p><\/p>Porque, quando o medo se apodera de n\u00f3s, perdemos toda a confian\u00e7a e a seguran\u00e7a que n\u00f3s temos. O medo nos torna pessoas desesperadas e, onde est\u00e1 o desespero, Deus n\u00e3o se faz presente! Porque o desespero afugenta a presen\u00e7a de Deus, o desespero \u00e9 a falta de confian\u00e7a no Senhor, o desespero \u00e9 a falta de f\u00e9.<br \/>\n\n\n\n\n<h2 class=\"wp-block-heading\">O que Paulo fala sobre medo?<\/h2>\n\n\n<p><\/p>Paulo referia-se ao medo do mundo, que cria ansiedade, incerteza e preocupa\u00e7\u00e3o, e \u00e9 diferente do que as escrituras se referem como \u201ctemor do Senhor\u201d (Prov\u00e9rbios 9:10). O temor do Senhor \u00e9 \u201cter rever\u00eancia e admira\u00e7\u00e3o por Ele e guardar os Seus mandamentos\u201d (Guia para Estudo das Escrituras, \u201cTemor\u201d, scriptures.LDS.org).<br \/>\n\n\n\n\n<h2 class=\"wp-block-heading\">O medo \u00e9 um espirito ou um sentimento?<\/h2>\n\n\n<p><\/p>O medo \u00e9 um sentimento humano gra\u00e7as ao qual aprendemos a viver no mundo, prestando aten\u00e7\u00e3o onde h\u00e1 perigo ou amea\u00e7a; mas, para quem tem uma f\u00e9 firme no Senhor, o medo deve ser vencido, n\u00e3o deve se tornar determinante na rela\u00e7\u00e3o com o Senhor e com a sua vontade.<br \/>\n\n\n\n\n<h2 class=\"wp-block-heading\">Quem na B\u00edblia venceu o medo?<\/h2>\n\n\n<p><\/p>O Senhor Jesus Cristo \u00e9 o \u00fanico que nunca sucumbiu ao temor pecaminoso, mesmo tendo sido tentado a faz\u00ea-lo da mesma maneira que n\u00f3s somos hoje.<br \/>\n\n\n\n\n<h2 class=\"wp-block-heading\">O que Jesus falou do medo?<\/h2>\n\n\n<p><\/p>Lucas 12:4-9 NTLH. Jesus continuou: \u2014 Eu afirmo a voc\u00eas, meus amigos: n\u00e3o tenham medo daqueles que matam o corpo, mas depois n\u00e3o podem fazer mais nada.<br \/>\n\n\n\n\n<h2 class=\"wp-block-heading\">Qual \u00e9 a mensagem de Deus para quem est\u00e1 com medo?<\/h2>\n\n\n<p><\/p>\u201c Seja forte e corajoso! N\u00e3o se apavore nem desanime, pois o Senhor, o seu Deus, estar\u00e1 com voc\u00ea por onde voc\u00ea andar. Seja forte e corajoso! N\u00e3o se apavore, nem se desanime, pois o Senhor, o seu Deus, estar\u00e1 com voc\u00ea por onde voc\u00ea andar.\u201d<br \/>\n\n\n\n\n<h2 class=\"wp-block-heading\">O que \u00e9 medo no mundo espiritual?<\/h2>\n\n\u00c9 um sintoma que decorre da inseguran\u00e7a em face das diversas situa\u00e7\u00f5es da vida. O medo gera desorganiza\u00e7\u00e3o emocional e ps\u00edquica, gerando doen\u00e7as por somatiza\u00e7\u00e3o destes fatores. Ele desfigura e entorpece a realidade. Agiganta e avoluma insignific\u00e2ncias, produzindo fantasmas onde apenas suspeitas se apresentam.<br \/>\n\n\n\n\n<h2 class=\"wp-block-heading\">O que \u00e9 medo na espiritualidade?<\/h2>\n\n\n<p><\/p>\u00c9 um sintoma que decorre da inseguran\u00e7a em face das diversas situa\u00e7\u00f5es da vida. O medo gera desorganiza\u00e7\u00e3o emocional e ps\u00edquica, gerando doen\u00e7as por somatiza\u00e7\u00e3o destes fatores. Ele desfigura e entorpece a realidade. Agiganta e avoluma insignific\u00e2ncias, produzindo fantasmas onde apenas suspeitas se apresentam.<br \/>\n\n\n\n\n<h2 class=\"wp-block-heading\">O que o medo causa na vida espiritual?<\/h2>\n\n\n<p><\/p>O medo pode minar nossas esperan\u00e7as, esvaziar a capacidade de amar, atrofiar a for\u00e7a de nossas ideias&#8230; Enfim, o medo obscurece o sentido e a dire\u00e7\u00e3o da vida, tira o brilho t\u00e3o pr\u00f3prio do amor, nos bloqueia e nos enterra na acomoda\u00e7\u00e3o mesquinha.<br \/>\n\n\n\n\n<h2 class=\"wp-block-heading\">O que \u00e9 o esp\u00edrito do medo?<\/h2>\n\n\n<p><\/p>O medo \u00e9 um esp\u00edrito maligno, que \u00e9 empurrado na nossa dire\u00e7\u00e3o quando imaginamos as piores cenas. O medo sufoca a nossa confian\u00e7a, nos rouba a perspectiva positiva, obriga Jesus a se tornar inoperante em nossas vidas.<br \/>\n\n\n\n\n<h2 class=\"wp-block-heading\">Onde sentimos o medo no corpo?<\/h2>\n\n\n<p><\/p>O medo come\u00e7a no c\u00e9rebro e os efeitos f\u00edsicos em todo o corpo nos ajudam a nos ajustar para que possamos ter a resposta mais eficaz a uma situa\u00e7\u00e3o perigosa. Em um n\u00edvel instintivo, nosso corpo nos prepara para lutar ou fugir. O medo come\u00e7a na parte do c\u00e9rebro chamada am\u00edgdala.<br \/>\n\n\n\n\n<h2 class=\"wp-block-heading\">Por que o medo nos afasta de Deus?<\/h2>\n\nPorque, quando o medo se apodera de n\u00f3s, perdemos toda a confian\u00e7a e a seguran\u00e7a que n\u00f3s temos. O medo nos torna pessoas desesperadas e, onde est\u00e1 o desespero, Deus n\u00e3o se faz presente! Porque o desespero afugenta a presen\u00e7a de Deus, o desespero \u00e9 a falta de confian\u00e7a no Senhor, o desespero \u00e9 a falta de f\u00e9.<br \/>\n\n\n\n\n<h2 class=\"wp-block-heading\">O que Deus nos diz quando estamos com medo?<\/h2>\n\n\n<p><\/p>Ent\u00e3o, o que Deus diz sobre o medo? A resposta \u00e9 bem simples: n\u00e3o tenha medo, pois Ele est\u00e1 conosco. Que possamos descansar nas palavras de Isa\u00edas 41:10: \u201c N\u00e3o temas, porque eu sou contigo; n\u00e3o te assombres, porque eu sou teu Deus; eu te fortale\u00e7o, eu te ajudo, eu te sustento com a minha destra fiel.\u201d<br \/>\n\n\n\n\n<h2 class=\"wp-block-heading\">O que realmente nos afasta de Deus?<\/h2>\n\n\n<p><\/p>Muitas vezes disfar\u00e7ada de procrastina\u00e7\u00e3o ou falta de motiva\u00e7\u00e3o, pode nos afastar de Deus ao nos privar da a\u00e7\u00e3o e do compromisso necess\u00e1rios para cultivar uma vida de f\u00e9 e dentro da palavra do criador. A B\u00edblia nos alerta sobre os perigos da pregui\u00e7a e nos instiga a buscar a dilig\u00eancia em nossas vidas.<br \/>\n\n\n\n\n<h2 class=\"wp-block-heading\">O que o medo faz na vida do crente?<\/h2>\n\n\n<p><\/p>O medo \u00e9 um sentimento humano gra\u00e7as ao qual aprendemos a viver no mundo, prestando aten\u00e7\u00e3o onde h\u00e1 perigo ou amea\u00e7a; mas, para quem tem uma f\u00e9 firme no Senhor, o medo deve ser vencido, n\u00e3o deve se tornar determinante na rela\u00e7\u00e3o com o Senhor e com a sua vontade.<br \/>\n\n\n\n\n<h2 class=\"wp-block-heading\">Quem venceu o medo na B\u00edblia?<\/h2>\n\n\n<p><\/p>O Senhor Jesus Cristo \u00e9 o \u00fanico que nunca sucumbiu ao temor pecaminoso, mesmo tendo sido tentado a faz\u00ea-lo da mesma maneira que n\u00f3s somos hoje.<br \/>\n\n\n\n\n<h2 class=\"wp-block-heading\">Qual \u00e9 o conceito de medo?<\/h2>\n\nO medo \u00e9 basicamente a maneira que o corpo encontra de nos preparar para algo que nos represente amea\u00e7a ou perigo. Quando somos confrontados com uma situa\u00e7\u00e3o como esta, o c\u00e9rebro envia para o corpo sinais que buscam maximizar as chances de sobreviv\u00eancia.<br \/>\n\n\n\n\n<h2 class=\"wp-block-heading\">Qual o conceito de medo?<\/h2>\n\n\n<p><\/p>O medo \u00e9 basicamente a maneira que o corpo encontra de nos preparar para algo que nos represente amea\u00e7a ou perigo. Quando somos confrontados com uma situa\u00e7\u00e3o como esta, o c\u00e9rebro envia para o corpo sinais que buscam maximizar as chances de sobreviv\u00eancia.<br \/>\n\n\n\n\n<h2 class=\"wp-block-heading\">Como se explica o medo?<\/h2>\n\n\n<p><\/p>O medo se expressa tanto no corpo quanto na mente, explica a universidade mexicana. Ele pode se manifestar em diferentes n\u00edveis: cognitivo, fisiol\u00f3gico, comportamental e neuronal. No n\u00edvel cognitivo, o medo \u00e9 transformado em imagens e pensamentos interpretativos sobre o est\u00edmulo ou a situa\u00e7\u00e3o temida.<br \/>\n\n\n\n\n<h2 class=\"wp-block-heading\">Como descrever o medo?<\/h2>\n\n\n<p><\/p>O medo \u00e9 uma sensa\u00e7\u00e3o em consequ\u00eancia da libera\u00e7\u00e3o de horm\u00f4nios como a adrenalina, que causam imediata acelera\u00e7\u00e3o dos batimentos card\u00edacos. \u00c9 uma resposta do organismo a uma estimula\u00e7\u00e3o aversiva, f\u00edsica ou mental, cuja fun\u00e7\u00e3o \u00e9 preparar o sujeito para uma poss\u00edvel luta ou fuga.<br \/>\n\n\n\n\n<h2 class=\"wp-block-heading\">O que vem a ser o medo?<\/h2>\n\n\n<p><\/p>O medo \u00e9 uma resposta emocional do nosso organismo a uma amea\u00e7a percebida, que pode ser real ou imaginada. Ele \u00e9, portanto, uma rea\u00e7\u00e3o org\u00e2nica de perturba\u00e7\u00e3o emocional diante da exposi\u00e7\u00e3o a algum tipo de perigo.<br \/>\n\n\n\n\n<h2 class=\"wp-block-heading\">Qual \u00e9 o sentido do medo?<\/h2>\n\n\n<p><\/p>Medo \u00e9 um sentimento que todos n\u00f3s conhecemos. O medo muda: a n\u00f3s mesmos e nossos relacionamentos. Ele exerce uma influ\u00eancia sobre a alma e o corpo, ele nos deixa tensos, ele amea\u00e7a, perturba e afeta o n\u00facleo da nossa exist\u00eancia.<br \/>\n\n\n\n\n<h2 class=\"wp-block-heading\">O medo \u00e9 um esp\u00edrito?<\/h2>\n\n\n\n<h2 class=\"wp-block-heading\">O que est\u00e1 por tr\u00e1s do medo?<\/h2>\n\n\n<p><\/p>\n\n<ul class=\"wp-block-list\">\n<li>Situa\u00e7\u00f5es de arrepiar<\/li>\n<li> As partes do c\u00e9rebro respons\u00e1veis por essa rea\u00e7\u00e3o s\u00e3o, principalmente, a am\u00edgdala \u2013 que faz parte do sistema l\u00edmbico, onde, por exemplo, processamos as emo\u00e7\u00f5es \u2013 e o c\u00f3rtex frontal \u2013 a parte do c\u00e9rebro que trabalha, entre outras coisas, com a resolu\u00e7\u00e3o de problemas e com o controle de impulsos.<\/li>\n<\/ul>\n\n\n\n\n<h2 class=\"wp-block-heading\">Porque n\u00e3o recebemos um esp\u00edrito de medo?<\/h2>\n\n\n<p><\/p>Porque Deus n\u00e3o nos deu um esp\u00edrito de medo e timidez, mas um esp\u00edrito de poder, de amor e de equil\u00edbrio. 2 Tim\u00f3teo 1:7.<br \/>\n\n\n\n\n<h2 class=\"wp-block-heading\">O que diz Mateus 10: 28?<\/h2>\n\n\n\n<ul class=\"wp-block-list\">\n<li>Mateus 10:28-30 Almeida Revista e Atualizada (ARA)<\/li>\n<li> N\u00e3o temais os que matam o corpo e n\u00e3o podem matar a alma; temei, antes, aquele que pode fazer perecer no inferno tanto a alma como o corpo. N\u00e3o se vendem dois pardais por um asse? E nenhum deles cair\u00e1 em terra sem o consentimento de vosso Pai.<\/li>\n<\/ul>\n\n\n\n\n<h2 class=\"wp-block-heading\">Como interpretar Mateus 10: 28?<\/h2>\n\n\n<p><\/p>Ent\u00e3o, a melhor tradu\u00e7\u00e3o pra Mateus 10:28, seria a seguinte: \u201c N\u00e3o tenham medo dos que matam o corpo mas n\u00e3o podem matar a consci\u00eancia (ou a mentalidade, ou o psicol\u00f3gico, ou o modo de pensar).<br \/>\n\n\n\n\n<h2 class=\"wp-block-heading\">O que est\u00e1 escrito em Mateus cap\u00edtulo 10 vers\u00edculo 28?<\/h2>\n\n\n<p><\/p>\n\n<ul class=\"wp-block-list\">\n<li>Mateus 10:28-30 Almeida Revista e Atualizada (ARA)<\/li>\n<li> N\u00e3o temais os que matam o corpo e n\u00e3o podem matar a alma; temei, antes, aquele que pode fazer perecer no inferno tanto a alma como o corpo. N\u00e3o se vendem dois pardais por um asse? E nenhum deles cair\u00e1 em terra sem o consentimento de vosso Pai.<\/li>\n<\/ul>\n\n\n\n\n<h2 class=\"wp-block-heading\">O que Jesus quis dizer em Mateus 28?<\/h2>\n\n\n<p><\/p>Este evangelho fala de uma grande responsabilidade e uma grande promessa. A responsabilidade \u00e9 a de fazer disc\u00edpulos de todas as na\u00e7\u00f5es, que \u00e9, em ess\u00eancia, espalhar a mensagem do amor e do perd\u00e3o de Deus para todos os cantos do mundo, batizando-os em nome da Trindade.<br \/>\n\n\n\n\n<h2 class=\"wp-block-heading\">O que significa negar a si mesmo e carregar sua cruz?<\/h2>\n\n\n<p><\/p>Pegar a sua cruz significa viver como se voc\u00ea j\u00e1 tivesse morrido. Deus nos ensina: \u201cSe algu\u00e9m quer vir ap\u00f3s mim, negue-se a si mesmo, tome a sua cruz e siga-me\u201d (Lucas 9:23). Voc\u00ea deseja ser um disc\u00edpulo? Ent\u00e3o, tome a sua cruz e siga a Deus diariamente.<br \/>\n\n\n\n\n<h2 class=\"wp-block-heading\">Deus pode matar a alma?<\/h2>\n\n\n<p><\/p>N\u00e3o tenham medo daqueles que matam o corpo, mas n\u00e3o podem matar a alma. Por\u00e9m tenham medo de Deus, que pode destruir no inferno tanto a alma como o corpo.<br \/>\n\n\n","protected":false},"excerpt":{"rendered":"<p>O que a B\u00edblia diz sobre o medo? Porque o medo nos afasta de Deus? Porque, quando o medo se apodera de n\u00f3s, perdemos toda a confian\u00e7a e a seguran\u00e7a que n\u00f3s temos. O medo nos torna pessoas desesperadas e, onde est\u00e1 o desespero, Deus n\u00e3o se faz presente! Porque o desespero afugenta a presen\u00e7a [&hellip;]<\/p>\n","protected":false},"author":2,"featured_media":0,"comment_status":"open","ping_status":"closed","sticky":false,"template":"","format":"standard","meta":{"footnotes":""},"categories":[1],"tags":[],"class_list":["post-9623","post","type-post","status-publish","format-standard","hentry","category-conteudo"],"_links":{"self":[{"href":"https:\/\/ammabarbacena.com.br\/perguntas-frequentes\/wp-json\/wp\/v2\/posts\/9623","targetHints":{"allow":["GET"]}}],"collection":[{"href":"https:\/\/ammabarbacena.com.br\/perguntas-frequentes\/wp-json\/wp\/v2\/posts"}],"about":[{"href":"https:\/\/ammabarbacena.com.br\/perguntas-frequentes\/wp-json\/wp\/v2\/types\/post"}],"author":[{"embeddable":true,"href":"https:\/\/ammabarbacena.com.br\/perguntas-frequentes\/wp-json\/wp\/v2\/users\/2"}],"replies":[{"embeddable":true,"href":"https:\/\/ammabarbacena.com.br\/perguntas-frequentes\/wp-json\/wp\/v2\/comments?post=9623"}],"version-history":[{"count":1,"href":"https:\/\/ammabarbacena.com.br\/perguntas-frequentes\/wp-json\/wp\/v2\/posts\/9623\/revisions"}],"predecessor-version":[{"id":9624,"href":"https:\/\/ammabarbacena.com.br\/perguntas-frequentes\/wp-json\/wp\/v2\/posts\/9623\/revisions\/9624"}],"wp:attachment":[{"href":"https:\/\/ammabarbacena.com.br\/perguntas-frequentes\/wp-json\/wp\/v2\/media?parent=9623"}],"wp:term":[{"taxonomy":"category","embeddable":true,"href":"https:\/\/ammabarbacena.com.br\/perguntas-frequentes\/wp-json\/wp\/v2\/categories?post=9623"},{"taxonomy":"post_tag","embeddable":true,"href":"https:\/\/ammabarbacena.com.br\/perguntas-frequentes\/wp-json\/wp\/v2\/tags?post=9623"}],"curies":[{"name":"wp","href":"https:\/\/api.w.org\/{rel}","templated":true}]}}