{"id":9619,"date":"2025-07-27T11:20:36","date_gmt":"2025-07-27T11:20:36","guid":{"rendered":"http:\/\/8882e26d-99de-4696-aae5-575ad4dafeea"},"modified":"2025-07-27T11:20:36","modified_gmt":"2025-07-27T11:20:36","slug":"o-que-e-o-avivamento-na-biblia","status":"publish","type":"post","link":"https:\/\/ammabarbacena.com.br\/perguntas-frequentes\/o-que-e-o-avivamento-na-biblia\/","title":{"rendered":"O que \u00e9 o avivamento na b\u00edblia"},"content":{"rendered":"\n\n<h2 class=\"wp-block-heading\">O que a B\u00edblia diz sobre o avivamento?<\/h2>\n\nEm Atos dos Ap\u00f3stolos 4:31-33 vemos que o avivamento ocorre de dentro para fora, que o Esp\u00edrito Santo toca o cora\u00e7\u00e3o de cada um de maneira especial. Tal transforma\u00e7\u00e3o se reflete na vida e nas a\u00e7\u00f5es. Tanta dedica\u00e7\u00e3o a Deus contagia os demais, fazendo com que o avivamento seja coletivo.<br \/>\n\n\n\n\n<h2 class=\"wp-block-heading\">O que Jesus falou sobre o avivamento?<\/h2>\n\n\n<p><\/p>\n\n<ul class=\"wp-block-list\">\n<li>Ore pelo avivamento<\/li>\n<li> Deus deseja transformar a vida de cada um de seus filhos. Por isso, pe\u00e7a e receber\u00e1s (Mateus 7:7-12). Ore pelo avivamento, fa\u00e7a jejuns, seja persistente e aguarde a m\u00e3o de Deus agir sobre sua vida.<\/li>\n<\/ul>\n\n\n\n\n<h2 class=\"wp-block-heading\">O que diz Habacuque 3\/2?<\/h2>\n\n\n<p><\/p>2 Ouvi, Senhor, a tua palavra, e temi; aviva, \u00f3 Senhor, a tua obra no meio dos anos, no meio dos anos faze-a conhecida; na tua ira lembra-te da miseric\u00f3rdia. 3 Deus veio de Tem\u00e3, e o Santo do monte Par\u00e3. (Sel\u00e1.) A sua gl\u00f3ria cobriu os c\u00e9us, e a terra encheu-se do seu louvor.<br \/>\n\n\n\n\n<h2 class=\"wp-block-heading\">O que \u00e9 o verdadeiro avivamento?<\/h2>\n\n\n\n<h2 class=\"wp-block-heading\">Quais s\u00e3o as marcas de um verdadeiro avivamento?<\/h2>\n\n\n<p><\/p>Em todos os avivamentos registrados, temos como marcas principais um arrependimento sincero, busca intensa de Deus atrav\u00e9s da ora\u00e7\u00e3o, compaix\u00e3o pelos perdidos, sinais e maravilhas e volta \u00e0s escrituras.<br \/>\n\n\n\n\n<h2 class=\"wp-block-heading\">O que \u00e9 um crente avivado?<\/h2>\n\n\n<p><\/p>\n\n<ul class=\"wp-block-list\">\n<li>O Crente Avivado \u00c9 Santo<\/li>\n<li> Sem santifica\u00e7\u00e3o, \u201cningu\u00e9m ver\u00e1 o Senhor\u201d (Hb 12.14). Um crente avivado \u00e9 uma pessoa cheia do Esp\u00edrito Santo, como o foram os ap\u00f3stolos no Dia de Pentecostes, quando se achavam reunidos no cen\u00e1culo em Jerusal\u00e9m.<\/li>\n<\/ul>\n\n\n\n\n<h2 class=\"wp-block-heading\">Quais s\u00e3o as principais caracter\u00edsticas do verdadeiro avivamento?<\/h2>\n\n\n<p><\/p>Movidas por zelo e sinceridade, elas afirmam que o avivamento b\u00edblico \u00e9 aquele no qual ocorre um retorno sincero \u00e0 palavra de Deus, busca por santidade, arrependimento, convers\u00f5es genu\u00ednas, impacto missional e um relevante testemunho de Cristo perante a sociedade.<br \/>\n\n\n\n\n<h2 class=\"wp-block-heading\">Quais s\u00e3o os tipos de avivamento?<\/h2>\n\n\n\n<h2 class=\"wp-block-heading\">Quais s\u00e3o os tipos de avivamentos?<\/h2>\n\n\n<p><\/p>\n\n<ul class=\"wp-block-list\">\n<li>Avivamento tempor\u00e1rio.<\/li>\n<li>Avivamento duvidoso.<\/li>\n<li>Avivamento por conveni\u00eancia.<\/li>\n<li>Avivamento real e verdadeiro.<\/li>\n<\/ul>\n\n\n\n\n<h2 class=\"wp-block-heading\">Quais s\u00e3o as 3 ondas do avivamento?<\/h2>\n\n\n<p><\/p>Na \u201cprimeira onda \u201d, que se deu nas quatro primeiras d\u00e9cadas do s\u00e9culo XX, temos o chamado \u201cpentecostalismo cl\u00e1ssico\u201d; a \u201csegunda onda \u201d ocorreu nas d\u00e9cadas de 1940 a 1980; a \u201cterceira onda \u201d ocorreu a partir dos anos 1980 com a predomin\u00e2ncia do que se denominou \u201cneopentecostalismo\u201d.<br \/>\n\n\n\n\n<h2 class=\"wp-block-heading\">Qual \u00e9 o maior avivamento?<\/h2>\n\n\n<p><\/p>O avivamento de Gales foi um dos mais impressionantes moveres de Deus de todos os tempos.<br \/>\n\n\n\n\n<h2 class=\"wp-block-heading\">Quais s\u00e3o os 3 passos para o avivamento?<\/h2>\n\n\n\n<h2 class=\"wp-block-heading\">O que significa 3 onda?<\/h2>\n\n\n<p><\/p>A Terceira Onda foi um experimento social para demonstrar que mesmo sociedades democr\u00e1ticas n\u00e3o est\u00e3o imunes \u00e0 atra\u00e7\u00e3o pelo fascismo.<br \/>\n\n\n\n\n<h2 class=\"wp-block-heading\">Quais s\u00e3o as tr\u00eas ondas?<\/h2>\n\n\n<p><\/p>As ondas podem ter tr\u00eas naturezas distintas: mec\u00e2nicas, eletromagn\u00e9ticas e gravitacionais.<br \/>\n\n\n\n\n<h2 class=\"wp-block-heading\">Onde come\u00e7a o avivamento?<\/h2>\n\n\n\n<h2 class=\"wp-block-heading\">Onde come\u00e7a o verdadeiro avivamento?<\/h2>\n\n\n<p><\/p>O avivamento come\u00e7a exatamente quando a Igreja sente que est\u00e1 vazia, seca e \u00e1rida. Ent\u00e3o, como solo seco e sedento, ela clama pelas chuvas torrenciais do Esp\u00edrito. Deus n\u00e3o derrama seu Esp\u00edrito sobre uma igreja autossuficiente, arrogante e soberba. Precisamos buscar a Deus.<br \/>\n\n\n\n\n<h2 class=\"wp-block-heading\">Onde come\u00e7ou o avivamento?<\/h2>\n\n\n<p><\/p>Os 120 seguidores de Cristo, principalmente os onze ap\u00f3stolos, presentes no cen\u00e1culo quando ocorreu o primeiro avivamento da hist\u00f3ria no dia de Pentecostes, em Jerusal\u00e9m, Israel, logo ap\u00f3s a Ascens\u00e3o de Jesus.<br \/>\n\n\n\n\n<h2 class=\"wp-block-heading\">O que est\u00e1 escrito em Ef\u00e9sios 5\/14?<\/h2>\n\n14 Pelo que diz: Desperta, tu que dormes, e levanta-te dentre os mortos, e Cristo te iluminar\u00e1. 15 Portanto, vede prudentemente como andais, n\u00e3o como n\u00e9scios, mas como s\u00e1bios, 16 Remindo o tempo, porquanto os dias s\u00e3o maus. 17 Pelo que n\u00e3o sejais insensatos, mas entendei qual \u00e9 a vontade do Senhor.<br \/>\n\n\n\n\n<h2 class=\"wp-block-heading\">O que Ef\u00e9sios 5\/14 nos ensina?<\/h2>\n\n\n<p><\/p>O poder de despertar e ressuscitar pessoas vem do Esp\u00edrito Santo, n\u00e3o de n\u00f3s. Mas o Esp\u00edrito opera atrav\u00e9s de n\u00f3s. Devemos nos confortar ao saber que n\u00e3o s\u00e3o apenas nossas palavras, mas o Esp\u00edrito que opera atrav\u00e9s de n\u00f3s, que traz as pessoas da morte para a vida.<br \/>\n\n\n\n\n<h2 class=\"wp-block-heading\">O que Ef\u00e9sios 5:14 diz?<\/h2>\n\n\n<p><\/p>\n\n<ul class=\"wp-block-list\">\n<li>Ef\u00e9sios 5:14-21 ARC<\/li>\n<li> Pelo que diz: Desperta, \u00f3 tu que dormes, e levanta-te dentre os mortos, e Cristo te esclarecer\u00e1. Portanto, vede prudentemente como andais, n\u00e3o como n\u00e9scios, mas como s\u00e1bios, remindo o tempo, porquanto os dias s\u00e3o maus.<\/li>\n<\/ul>\n\n\n\n\n<h2 class=\"wp-block-heading\">O que est\u00e1 escrito em Ef\u00e9sios cap\u00edtulo 5 vers\u00edculo 14?<\/h2>\n\n\n<p><\/p>Por isso \u00e9 que foi dito: \u201cDesperta, \u00f3 tu que dormes, levanta\u2011te dentre os mortos, e Cristo resplandecer\u00e1 sobre ti\u201d. Tenham cuidado com a sua maneira de viver: que n\u00e3o seja como insensatos, mas como s\u00e1bios, aproveitando ao m\u00e1ximo cada oportunidade, porque os dias s\u00e3o maus.<br \/>\n\n\n\n\n<h2 class=\"wp-block-heading\">O que Ef\u00e9sios 5 nos ensina?<\/h2>\n\n\n<p><\/p>Sempre que um filho vive em retid\u00e3o traz honra a seus pais, sejam eles pessoas corretas ou n\u00e3o. O contr\u00e1rio tamb\u00e9m \u00e9 verdadeiro. Toda vez que um filho vive em iniquidade traz vergonha aos pais, sejam eles pessoas corretas ou n\u00e3o. Sendo assim, honrar aos pais nem sempre implica obedecer-lhes.<br \/>\n\n\n\n\n<h2 class=\"wp-block-heading\">Quem escreveu Ef\u00e9sios 5\/14?<\/h2>\n\n\n<p><\/p>A Ep\u00edstola aos Ef\u00e9sios foi escrita pelo Ap\u00f3stolo Paulo (ver Ef\u00e9sios 1:1).<br \/>\n\n\n\n\n<h2 class=\"wp-block-heading\">Qual o significado de despertar tu que dorme?<\/h2>\n\n\n<p><\/p>N\u00e3o \u00e9 uma sugest\u00e3o ou um conselho, mas um chamado direto de Deus para aqueles que se encontram adormecidos espiritualmente. O sono, no contexto espiritual, \u00e9 uma met\u00e1fora poderosa para descrever o estado de apatia, indiferen\u00e7a e distanciamento da vida de santidade e da presen\u00e7a de Deus.<br \/>\n\n\n","protected":false},"excerpt":{"rendered":"<p>O que a B\u00edblia diz sobre o avivamento? Em Atos dos Ap\u00f3stolos 4:31-33 vemos que o avivamento ocorre de dentro para fora, que o Esp\u00edrito Santo toca o cora\u00e7\u00e3o de cada um de maneira especial. Tal transforma\u00e7\u00e3o se reflete na vida e nas a\u00e7\u00f5es. Tanta dedica\u00e7\u00e3o a Deus contagia os demais, fazendo com que o [&hellip;]<\/p>\n","protected":false},"author":2,"featured_media":0,"comment_status":"open","ping_status":"closed","sticky":false,"template":"","format":"standard","meta":{"footnotes":""},"categories":[1],"tags":[],"class_list":["post-9619","post","type-post","status-publish","format-standard","hentry","category-conteudo"],"_links":{"self":[{"href":"https:\/\/ammabarbacena.com.br\/perguntas-frequentes\/wp-json\/wp\/v2\/posts\/9619","targetHints":{"allow":["GET"]}}],"collection":[{"href":"https:\/\/ammabarbacena.com.br\/perguntas-frequentes\/wp-json\/wp\/v2\/posts"}],"about":[{"href":"https:\/\/ammabarbacena.com.br\/perguntas-frequentes\/wp-json\/wp\/v2\/types\/post"}],"author":[{"embeddable":true,"href":"https:\/\/ammabarbacena.com.br\/perguntas-frequentes\/wp-json\/wp\/v2\/users\/2"}],"replies":[{"embeddable":true,"href":"https:\/\/ammabarbacena.com.br\/perguntas-frequentes\/wp-json\/wp\/v2\/comments?post=9619"}],"version-history":[{"count":1,"href":"https:\/\/ammabarbacena.com.br\/perguntas-frequentes\/wp-json\/wp\/v2\/posts\/9619\/revisions"}],"predecessor-version":[{"id":9620,"href":"https:\/\/ammabarbacena.com.br\/perguntas-frequentes\/wp-json\/wp\/v2\/posts\/9619\/revisions\/9620"}],"wp:attachment":[{"href":"https:\/\/ammabarbacena.com.br\/perguntas-frequentes\/wp-json\/wp\/v2\/media?parent=9619"}],"wp:term":[{"taxonomy":"category","embeddable":true,"href":"https:\/\/ammabarbacena.com.br\/perguntas-frequentes\/wp-json\/wp\/v2\/categories?post=9619"},{"taxonomy":"post_tag","embeddable":true,"href":"https:\/\/ammabarbacena.com.br\/perguntas-frequentes\/wp-json\/wp\/v2\/tags?post=9619"}],"curies":[{"name":"wp","href":"https:\/\/api.w.org\/{rel}","templated":true}]}}