{"id":7058,"date":"2025-07-23T15:21:37","date_gmt":"2025-07-23T15:21:37","guid":{"rendered":"http:\/\/de845ec4-a165-4109-8b0b-f97cb6fc1cf1"},"modified":"2025-07-23T15:21:37","modified_gmt":"2025-07-23T15:21:37","slug":"o-que-e-qualificacao-civil-na-carteira-de-trabalho-digital","status":"publish","type":"post","link":"https:\/\/ammabarbacena.com.br\/perguntas-frequentes\/o-que-e-qualificacao-civil-na-carteira-de-trabalho-digital\/","title":{"rendered":"O que \u00e9 qualifica\u00e7\u00e3o civil na carteira de trabalho digital"},"content":{"rendered":"\n\n<h2 class=\"wp-block-heading\">Onde fica a qualifica\u00e7\u00e3o civil na Carteira de Trabalho Digital?<\/h2>\n\n\n\n<h2 class=\"wp-block-heading\">Qual \u00e9 o documento de qualifica\u00e7\u00e3o civil?<\/h2>\n\n\n<p><\/p>Carteira de Trabalho e Previd\u00eancia Social (CTPS)<br \/>\n\n\n\n\n<h2 class=\"wp-block-heading\">Onde ficam os dados da Carteira de Trabalho Digital?<\/h2>\n\n\n<p><\/p>Baixe o aplicativo da carteira de trabalho digital no seu celular; Ap\u00f3s o download; Fa\u00e7a login utilizando o mesmo usu\u00e1rio e senha da sua conta Gov.br; O n\u00famero da carteira de trabalho aparecer\u00e1 na tela principal.<br \/>\n\n\n\n\n<h2 class=\"wp-block-heading\">Como colocar estado civil na carteira de trabalho?<\/h2>\n\n\n<p><\/p>Acesse o site Portal Gov.br ou abra o aplicativo da Carteira de Trabalho Digital. Fa\u00e7a login usando seu CPF e senha cadastrados. Navegue at\u00e9 a se\u00e7\u00e3o de \u201cDados Pessoais\u201d Solicite a atualiza\u00e7\u00e3o do estado civil e anexe uma c\u00f3pia digital da sua certid\u00e3o de casamento.<br \/>\n\n\n\n\n<h2 class=\"wp-block-heading\">Onde vejo minha qualifica\u00e7\u00e3o civil?<\/h2>\n\n\n<p><\/p>Na vers\u00e3o digital, voc\u00ea pode acessar sua qualifica\u00e7\u00e3o civil pelo aplicativo da CTPS Digital. Siga o passo a passo abaixo: Baixe e abra o aplicativo CTPS Digital (dispon\u00edvel para Android e iOS) ou acesse pelo portal do Governo Federal. Fa\u00e7a login utilizando seu CPF e senha , ou crie uma conta caso ainda n\u00e3o tenha.<br \/>\n\n\n\n\n<h2 class=\"wp-block-heading\">O que \u00e9 qualifica\u00e7\u00e3o civil da carteira?<\/h2>\n\n\n\n<h2 class=\"wp-block-heading\">O que \u00e9 \u00f3rg\u00e3o emissor do RG?<\/h2>\n\n\n<p><\/p>O \u00f3rg\u00e3o emissor do RG (Registro Geral) \u00e9 normalmente a Secretaria de Seguran\u00e7a P\u00fablica (SSP) de cada estado. Por exemplo, a SSP\/SP (Secretaria de Seguran\u00e7a P\u00fablica do Estado de S\u00e3o Paulo).<br \/>\n\n\n\n\n<h2 class=\"wp-block-heading\">Como informar estado civil na Carteira de Trabalho Digital?<\/h2>\n\n\n\n<h2 class=\"wp-block-heading\">Como atualizar o CTPS ap\u00f3s o casamento?<\/h2>\n\n\n<p><\/p>\n\n<ul class=\"wp-block-list\">\n<li>Acesse o site Portal Gov.br ou abra o aplicativo da Carteira de Trabalho Digital.<\/li>\n<li>Fa\u00e7a login usando seu CPF e senha cadastrados.<\/li>\n<li>Navegue at\u00e9 a se\u00e7\u00e3o de \u201cDados Pessoais\u201d<\/li>\n<li>Solicite a atualiza\u00e7\u00e3o do estado civil e anexe uma c\u00f3pia digital da sua certid\u00e3o de casamento.<\/li>\n<\/ul>\n\n\n\n\n<h2 class=\"wp-block-heading\">Como informar os dados da Carteira de Trabalho Digital?<\/h2>\n\n\n<p><\/p>O novo formato da Carteira de Trabalho Digital apresenta-se em total substitui\u00e7\u00e3o \u00e0 emiss\u00e3o do documento f\u00edsico, sendo a n\u00e3o emiss\u00e3o da CTPS f\u00edsica a regra. Para o trabalhador, basta informar o n\u00famero do CPF no momento da contrata\u00e7\u00e3o.<br \/>\n\n\n\n\n<h2 class=\"wp-block-heading\">O que \u00e9 qualifica\u00e7\u00e3o cadastral na carteira de trabalho?<\/h2>\n\n\n\n<h2 class=\"wp-block-heading\">O que colocar na qualifica\u00e7\u00e3o cadastral?<\/h2>\n\n\n<p><\/p>\n\n<ul class=\"wp-block-list\">\n<li>Nome;<\/li>\n<li>Data de nascimento;<\/li>\n<li>N\u00famero de CPF;<\/li>\n<li>NIS do trabalhador (caso n\u00e3o tenha, informar o NIS padr\u00e3o 13333333332);<\/li>\n<\/ul>\n\n\n\n\n<h2 class=\"wp-block-heading\">Onde fica a qualifica\u00e7\u00e3o na carteira de trabalho?<\/h2>\n\n\n<p><\/p>A qualifica\u00e7\u00e3o civil pode ser encontrada em qualquer contrato, pois est\u00e1 associada ao perfil do titular da carteira. Selecionar um contrato espec\u00edfico permite visualizar mais detalhes e informa\u00e7\u00f5es sobre o trabalhador .<br \/>\n\n\n\n\n<h2 class=\"wp-block-heading\">O que \u00e9 a qualifica\u00e7\u00e3o cadastral no eSocial e como funciona?<\/h2>\n\n\n<p><\/p>A qualifica\u00e7\u00e3o cadastral do eSocial \u00e9 um procedimento importante para assegurar que os dados dos trabalhadores estejam alinhados \u00e0s bases do governo, como CPF e CNIS. Esse processo verifica a consist\u00eancia das informa\u00e7\u00f5es, prevenindo erros que possam comprometer o envio das obriga\u00e7\u00f5es trabalhistas e previdenci\u00e1rias.<br \/>\n\n\n\n\n<h2 class=\"wp-block-heading\">O que \u00e9 eSocial e como tirar?<\/h2>\n\n\n<p><\/p>O que \u00e9? O eSocial \u00e9 o sistema utilizado pelo empregador para registrar eventos e cumprir obriga\u00e7\u00f5es decorrentes de rela\u00e7\u00f5es de trabalho. O Portal do eSocial d\u00e1 acesso aos dois m\u00f3dulos web dispon\u00edveis: M\u00f3dulo Simplificado.<br \/>\n\n\n\n\n<h2 class=\"wp-block-heading\">O que preencher na qualifica\u00e7\u00e3o?<\/h2>\n\n\n<p><\/p>Ao colocar qualifica\u00e7\u00f5es no curr\u00edculo, voc\u00ea deve demonstrar que possui a forma\u00e7\u00e3o e as compet\u00eancias requeridas ou desejadas para a vaga. Claro, se voc\u00ea realmente as possuir \u2013 seja sempre honesto no curr\u00edculo.<br \/>\n\n\n\n\n<h2 class=\"wp-block-heading\">O que significa cadastro em qualifica\u00e7\u00e3o cadastral?<\/h2>\n\n\n<p><\/p>A qualifica\u00e7\u00e3o cadastral \u00e9 uma das abas do eSocial, que permite a empresa realizar consultas, a fim de verificar se as informa\u00e7\u00f5es cadastrais do profissional est\u00e3o corretas, ou se apresentam alguma diverg\u00eancia com o sistema.<br \/>\n\n\n\n\n<h2 class=\"wp-block-heading\">Onde fica o CTPS na Carteira de Trabalho Digital?<\/h2>\n\n\n\n<h2 class=\"wp-block-heading\">Onde fica o CTPS da Carteira de Trabalho Digital?<\/h2>\n\n\n<p><\/p>Na vers\u00e3o digital, a pessoa deve baixar o documento pelo aplicativo. No canto direito da tela, na vers\u00e3o on-line, estar\u00e1 dispon\u00edvel a informa\u00e7\u00e3o sobre a s\u00e9rie da carteira de trabalho.<br \/>\n\n\n\n\n<h2 class=\"wp-block-heading\">Onde consigo o CTPS Digital?<\/h2>\n\n\n<p><\/p>Para obt\u00ea-la voc\u00ea dever\u00e1 fazer o pedido de atendimento por meio de formul\u00e1rio do Minist\u00e9rio do Trabalho e Emprego, dispon\u00edvel no endere\u00e7o eletr\u00f4nico: https:\/\/www.gov.br\/trabalho-e-emprego\/pt-br\/canais_atendimento\/formulario-de-contato.<br \/>\n\n\n\n\n<h2 class=\"wp-block-heading\">CTPS Digital como preencher?<\/h2>\n\n\n<p><\/p>\n\n<ul class=\"wp-block-list\">\n<li>N\u00famero da carteira de trabalho: insira os sete primeiros d\u00edgitos do CPF do colaborador.<\/li>\n<li>S\u00e9rie da carteira de trabalho: informe os quatro \u00faltimos d\u00edgitos do CPF do trabalhador.<\/li>\n<li>UF da carteira de trabalho: insira a Unidade de Federa\u00e7\u00e3o do colaborador ou da empresa.<\/li>\n<\/ul>\n\n\n\n\n<h2 class=\"wp-block-heading\">O que devo colocar na minha carteira de trabalho?<\/h2>\n\n\n\n<h2 class=\"wp-block-heading\">O que eu coloco na carteira de trabalho?<\/h2>\n\n\n<p><\/p>As anota\u00e7\u00f5es na carteira de trabalho obrigat\u00f3rias s\u00e3o os dados da empresa contratante, data de admiss\u00e3o, cargo, sal\u00e1rio, f\u00e9rias, data de sa\u00edda e outros.<br \/>\n\n\n\n\n<h2 class=\"wp-block-heading\">O que a empresa consegue ver na minha carteira de trabalho?<\/h2>\n\n\n<p><\/p>A Carteira Digital de Trabalho traz uma s\u00e9rie de benef\u00edcios para o empregado e empregador. No caso das empresas, ela proporciona mais praticidade e rapidez em procedimentos de admiss\u00e3o, rescis\u00e3o, atualiza\u00e7\u00e3o de dados, comunica\u00e7\u00f5es de f\u00e9rias, altera\u00e7\u00f5es de sal\u00e1rios, cargos etc.<br \/>\n\n\n\n\n<h2 class=\"wp-block-heading\">O que colocar no n\u00famero da carteira de trabalho?<\/h2>\n\n\n<p><\/p>Qual \u00e9 o n\u00famero da minha Carteira de Trabalho Digital? \u00c9 o mesmo n\u00famero de sua inscri\u00e7\u00e3o no CPF.<br \/>\n\n\n\n\n<h2 class=\"wp-block-heading\">O que n\u00e3o deve ser anotado na carteira de trabalho?<\/h2>\n\n\n<p><\/p>Isto \u00e9, informa\u00e7\u00f5es como o motivo da demiss\u00e3o, advert\u00eancias e ou suspens\u00f5es aplicadas, atestados m\u00e9dicos apresentados, afastamentos previdenci\u00e1rios, entre outras coisas que possam prejudicar o trabalhador n\u00e3o podem ser inclu\u00eddas na carteira de trabalho.<br \/>\n\n\n\n\n<h2 class=\"wp-block-heading\">O que anotar na carteira de trabalho na demiss\u00e3o?<\/h2>\n\n\n<p><\/p>Sugest\u00e3o de anota\u00e7\u00e3o na p\u00e1gina de \u201cAnota\u00e7\u00f5es Gerais\u201d da Carteira de Trabalho: Funcion\u00e1rio desligado com aviso indenizado, \u00faltimo dia efetivamente trabalhado em (anote a data do \u00faltimo dia em que o empregado trabalhou de fato), de acordo com a IN 15, de 14\/7\/2010.<br \/>\n\n\n\n\n<h2 class=\"wp-block-heading\">O que colocar em s\u00e9rie da carteira de trabalho?<\/h2>\n\n\n<p><\/p>N\u00famero da CTPS = 7 (sete) primeiros d\u00edgitos do CPF; S\u00e9rie = 4 (quatro) \u00faltimos n\u00fameros do CPF.<br \/>\n\n\n","protected":false},"excerpt":{"rendered":"<p>Onde fica a qualifica\u00e7\u00e3o civil na Carteira de Trabalho Digital? Qual \u00e9 o documento de qualifica\u00e7\u00e3o civil? Carteira de Trabalho e Previd\u00eancia Social (CTPS) Onde ficam os dados da Carteira de Trabalho Digital? Baixe o aplicativo da carteira de trabalho digital no seu celular; Ap\u00f3s o download; Fa\u00e7a login utilizando o mesmo usu\u00e1rio e senha [&hellip;]<\/p>\n","protected":false},"author":2,"featured_media":0,"comment_status":"open","ping_status":"closed","sticky":false,"template":"","format":"standard","meta":{"footnotes":""},"categories":[1],"tags":[],"class_list":["post-7058","post","type-post","status-publish","format-standard","hentry","category-conteudo"],"_links":{"self":[{"href":"https:\/\/ammabarbacena.com.br\/perguntas-frequentes\/wp-json\/wp\/v2\/posts\/7058","targetHints":{"allow":["GET"]}}],"collection":[{"href":"https:\/\/ammabarbacena.com.br\/perguntas-frequentes\/wp-json\/wp\/v2\/posts"}],"about":[{"href":"https:\/\/ammabarbacena.com.br\/perguntas-frequentes\/wp-json\/wp\/v2\/types\/post"}],"author":[{"embeddable":true,"href":"https:\/\/ammabarbacena.com.br\/perguntas-frequentes\/wp-json\/wp\/v2\/users\/2"}],"replies":[{"embeddable":true,"href":"https:\/\/ammabarbacena.com.br\/perguntas-frequentes\/wp-json\/wp\/v2\/comments?post=7058"}],"version-history":[{"count":1,"href":"https:\/\/ammabarbacena.com.br\/perguntas-frequentes\/wp-json\/wp\/v2\/posts\/7058\/revisions"}],"predecessor-version":[{"id":7059,"href":"https:\/\/ammabarbacena.com.br\/perguntas-frequentes\/wp-json\/wp\/v2\/posts\/7058\/revisions\/7059"}],"wp:attachment":[{"href":"https:\/\/ammabarbacena.com.br\/perguntas-frequentes\/wp-json\/wp\/v2\/media?parent=7058"}],"wp:term":[{"taxonomy":"category","embeddable":true,"href":"https:\/\/ammabarbacena.com.br\/perguntas-frequentes\/wp-json\/wp\/v2\/categories?post=7058"},{"taxonomy":"post_tag","embeddable":true,"href":"https:\/\/ammabarbacena.com.br\/perguntas-frequentes\/wp-json\/wp\/v2\/tags?post=7058"}],"curies":[{"name":"wp","href":"https:\/\/api.w.org\/{rel}","templated":true}]}}