{"id":7034,"date":"2025-07-23T15:09:09","date_gmt":"2025-07-23T15:09:09","guid":{"rendered":"http:\/\/cbca0b27-a6f7-43ec-bdde-be3d963d989d"},"modified":"2025-07-23T15:09:09","modified_gmt":"2025-07-23T15:09:09","slug":"o-que-e-acordar-com-a-boca-amarga","status":"publish","type":"post","link":"https:\/\/ammabarbacena.com.br\/perguntas-frequentes\/o-que-e-acordar-com-a-boca-amarga\/","title":{"rendered":"O que \u00e9 acordar com a boca amarga"},"content":{"rendered":"\n\n<h2 class=\"wp-block-heading\">Qual o motivo de acordar com a boca amarga?<\/h2>\n\n\n\n<h2 class=\"wp-block-heading\">Quando a pessoa acorda com a boca amarga, o que pode ser?<\/h2>\n\n\n<p><\/p>M\u00e1 higiene bucal : motivo bastante comum, pois n\u00e3o escovar os dentes pode acumular saliva e bact\u00e9rias que causam sensa\u00e7\u00e3o de amargor na boca. Por isso \u00e9 necess\u00e1rio fazer uma limpeza bucal pelo menos tr\u00eas vezes ao dia, especialmente depois de acordar e antes de ir dormir.<br \/>\n\n\n\n\n<h2 class=\"wp-block-heading\">Quando a boca est\u00e1 amarga, \u00e9 problema no f\u00edgado.?<\/h2>\n\n\n<p><\/p>Quem \u00e9 que nunca ouviu que \u201cgosto amargo na boca \u00e9 problema no f\u00edgado\u201d? Mas vamos esclarecer: isso \u00e9 um MITO! Problemas hep\u00e1ticos s\u00e3o silenciosos e muitas vezes trazem sintomas apenas numa fase mais avan\u00e7ada\u2026<br \/>\n\n\n\n\n<h2 class=\"wp-block-heading\">Qual a doen\u00e7a que d\u00e1 gosto amargo na boca?<\/h2>\n\n\n<p><\/p>Candid\u00edase oral \u00e9 uma infec\u00e7\u00e3o f\u00fangica que afeta a boca, criando um gosto amargo.<br \/>\n\n\n\n\n<h2 class=\"wp-block-heading\">Que devo tomar quando a boca est\u00e1 amarga?<\/h2>\n\n\n<p><\/p>A primeira recomenda\u00e7\u00e3o para tirar gosto amargo da boca \u00e9 bastante \u00f3bvia: escove os dentes. Al\u00e9m disso, higienize a sua l\u00edngua. Outra dica de ouro \u00e9 tomar bastante \u00e1gua. A \u00e1gua ajuda a limpar a boca e reduzir a sensa\u00e7\u00e3o de amargor.<br \/>\n\n\n\n\n<h2 class=\"wp-block-heading\">Quando a boca est\u00e1 amarga \u00e9 problema de f\u00edgado?<\/h2>\n\n\n\n<h2 class=\"wp-block-heading\">Como fica a boca de quem tem problema no f\u00edgado?<\/h2>\n\n\n<p><\/p>Les\u00f5es no f\u00edgado t\u00eam in\u00fameras causas, como o \u00e1lcool, a gordura e alguns tipos de v\u00edrus. Se n\u00e3o tratadas a tempo, elas podem se tornar cr\u00f4nicas e comprometer de vez a sa\u00fade. Nesses indiv\u00edduos, as partes moles da boca mudam de cor e chegam a ficar at\u00e9 amarelas ou esverdeadas.<br \/>\n\n\n\n\n<h2 class=\"wp-block-heading\">Quando a gente est\u00e1 com a boca amargando, \u00e9 o f\u00edgado.?<\/h2>\n\n\n<p><\/p>Sentir um sabor amargo na boca pode ter v\u00e1rios motivos, que podem ir, por exemplo, desde a m\u00e1 higiene at\u00e9 algo mais grave como um problema no f\u00edgado. At\u00e9 mesmo o uso de cigarros pode alterar o paladar e fazer com que a pessoa fique com a boca amarga.<br \/>\n\n\n\n\n<h2 class=\"wp-block-heading\">O que tomar quando a boca est\u00e1 amarga?<\/h2>\n\n\n\n<h2 class=\"wp-block-heading\">Qual falta de vitamina deixa a boca amarga?<\/h2>\n\n\n\n<h2 class=\"wp-block-heading\">O que a vitamina B12 faz no est\u00f4mago?<\/h2>\n\n\n<p><\/p>Normalmente, a vitamina B12 \u00e9 prontamente absorvida na \u00faltima parte do intestino delgado (\u00edleo), que se comunica com o intestino grosso. No entanto, para ser absorvida, essa vitamina tem que ser combinada com o fator intr\u00ednseco, a prote\u00edna produzida pelo est\u00f4mago.<br \/>\n\n\n\n\n<h2 class=\"wp-block-heading\">Qual o \u00f3rg\u00e3o que deixa a boca amarga?<\/h2>\n\nO mau funcionamento do f\u00edgado pode afetar a digest\u00e3o dos alimentos no est\u00f4mago, levando ao refluxo. Nesse caso, o conte\u00fado alimentar pode retornar do est\u00f4mago para o es\u00f4fago de forma involunt\u00e1ria, causando a sensa\u00e7\u00e3o de boca amarga.<br \/>\n\n\n\n\n<h2 class=\"wp-block-heading\">Quando a boca fica amargando significa o que?<\/h2>\n\n\n<p><\/p>Disfun\u00e7\u00f5es g\u00e1stricas &#8211; problemas g\u00e1stricos que provocam refluxo podem causar amargor na boca. Doen\u00e7as do f\u00edgado \u2013 o mau funcionamento do \u00f3rg\u00e3o pode causar amargor na boca. Problemas respirat\u00f3rios \u2013 infec\u00e7\u00f5es como rinites e sinusites podem causar o sintoma.<br \/>\n\n\n\n\n<h2 class=\"wp-block-heading\">Qual o tipo de c\u00e2ncer que deixa a boca amarga?<\/h2>\n\n\n<p><\/p>Vale ressaltar que os tipos de c\u00e2ncer que podem estar por tr\u00e1s da boca amarga s\u00e3o o c\u00e2ncer de boca e o c\u00e2ncer de garganta, que apresentam casos distintos. Dito isso, vale saber identificar quais s\u00e3o os sintomas caracter\u00edsticos de cada um.<br \/>\n\n\n\n\n<h2 class=\"wp-block-heading\">A l\u00edngua branca pode ser um sinal de problemas no f\u00edgado?<\/h2>\n\n\n\n<h2 class=\"wp-block-heading\">Quem tem problema no f\u00edgado a l\u00edngua fica branca.?<\/h2>\n\n\n<p><\/p>A l\u00edngua branca pode ser um sinal de problemas no f\u00edgado. O f\u00edgado desempenha um papel crucial na filtragem de toxinas do corpo. Quando o f\u00edgado n\u00e3o est\u00e1 funcionando corretamente, essas toxinas podem se acumular e se manifestar atrav\u00e9s de diversos sintomas, incluindo altera\u00e7\u00f5es na apar\u00eancia da l\u00edngua.<br \/>\n\n\n\n\n<h2 class=\"wp-block-heading\">Como \u00e9 a l\u00edngua de quem tem problema no f\u00edgado?<\/h2>\n\n\n<p><\/p>4 \u2013 Amarela. Essa colora\u00e7\u00e3o pode estar relacionada a problemas no f\u00edgado ou na ves\u00edcula biliar. A bilirrubina, subst\u00e2ncia respons\u00e1vel pela colora\u00e7\u00e3o amarela da pele e das mucosas quando h\u00e1 um excesso em circula\u00e7\u00e3o no sangue, pode afetar a cor da l\u00edngua.<br \/>\n\n\n\n\n<h2 class=\"wp-block-heading\">O que significa a l\u00edngua ficando branca?<\/h2>\n\n\n<p><\/p>Chamada de saburra lingual ou ainda de l\u00edngua branca, essa camada, segundo a cirurgi\u00e3-dentista Luana Ravanini, \u00e9 resultado do ac\u00famulo de placa bacteriana e tem aspecto viscoso de colora\u00e7\u00e3o branco-amarelada. Ou seja, \u00e9 uma camada composta de c\u00e9lulas velhas, restos de comida e bact\u00e9rias.<br \/>\n\n\n","protected":false},"excerpt":{"rendered":"<p>Qual o motivo de acordar com a boca amarga? Quando a pessoa acorda com a boca amarga, o que pode ser? M\u00e1 higiene bucal : motivo bastante comum, pois n\u00e3o escovar os dentes pode acumular saliva e bact\u00e9rias que causam sensa\u00e7\u00e3o de amargor na boca. Por isso \u00e9 necess\u00e1rio fazer uma limpeza bucal pelo menos [&hellip;]<\/p>\n","protected":false},"author":2,"featured_media":0,"comment_status":"open","ping_status":"closed","sticky":false,"template":"","format":"standard","meta":{"footnotes":""},"categories":[1],"tags":[],"class_list":["post-7034","post","type-post","status-publish","format-standard","hentry","category-conteudo"],"_links":{"self":[{"href":"https:\/\/ammabarbacena.com.br\/perguntas-frequentes\/wp-json\/wp\/v2\/posts\/7034","targetHints":{"allow":["GET"]}}],"collection":[{"href":"https:\/\/ammabarbacena.com.br\/perguntas-frequentes\/wp-json\/wp\/v2\/posts"}],"about":[{"href":"https:\/\/ammabarbacena.com.br\/perguntas-frequentes\/wp-json\/wp\/v2\/types\/post"}],"author":[{"embeddable":true,"href":"https:\/\/ammabarbacena.com.br\/perguntas-frequentes\/wp-json\/wp\/v2\/users\/2"}],"replies":[{"embeddable":true,"href":"https:\/\/ammabarbacena.com.br\/perguntas-frequentes\/wp-json\/wp\/v2\/comments?post=7034"}],"version-history":[{"count":1,"href":"https:\/\/ammabarbacena.com.br\/perguntas-frequentes\/wp-json\/wp\/v2\/posts\/7034\/revisions"}],"predecessor-version":[{"id":7035,"href":"https:\/\/ammabarbacena.com.br\/perguntas-frequentes\/wp-json\/wp\/v2\/posts\/7034\/revisions\/7035"}],"wp:attachment":[{"href":"https:\/\/ammabarbacena.com.br\/perguntas-frequentes\/wp-json\/wp\/v2\/media?parent=7034"}],"wp:term":[{"taxonomy":"category","embeddable":true,"href":"https:\/\/ammabarbacena.com.br\/perguntas-frequentes\/wp-json\/wp\/v2\/categories?post=7034"},{"taxonomy":"post_tag","embeddable":true,"href":"https:\/\/ammabarbacena.com.br\/perguntas-frequentes\/wp-json\/wp\/v2\/tags?post=7034"}],"curies":[{"name":"wp","href":"https:\/\/api.w.org\/{rel}","templated":true}]}}