{"id":7028,"date":"2025-07-23T15:06:01","date_gmt":"2025-07-23T15:06:01","guid":{"rendered":"http:\/\/b3f04489-5753-4d87-8748-6e31857cd1df"},"modified":"2025-07-23T15:06:01","modified_gmt":"2025-07-23T15:06:01","slug":"o-que-e-cevada-na-biblia","status":"publish","type":"post","link":"https:\/\/ammabarbacena.com.br\/perguntas-frequentes\/o-que-e-cevada-na-biblia\/","title":{"rendered":"O que \u00e9 cevada na b\u00edblia"},"content":{"rendered":"\n\n<h2 class=\"wp-block-heading\">Qual a diferen\u00e7a entre a cevada e o trigo?<\/h2>\n\n\n\n<h2 class=\"wp-block-heading\">Como era o p\u00e3o de cevada na \u00e9poca de Jesus?<\/h2>\n\n\n<p><\/p>O p\u00e3o de cevada, que era mais barato e acess\u00edvel, era consumido pelas fam\u00edlias pobres, enquanto o p\u00e3o de trigo, mais caro, era reservado para ocasi\u00f5es especiais ou para os habitantes mais abastados. Outro pilar da agricultura de Bel\u00e9m era o azeite de oliva, que era obtido pela prensagem manual do fruto da oliveira.<br \/>\n\n\n\n\n<h2 class=\"wp-block-heading\">O que \u00e9 a cevada e para que serve?<\/h2>\n\n\u00c9 um cereal altamente nutricional, rico em fibras, vitaminas e minerais. Os consumidores utilizam a cevada na forma de gr\u00e3os integrais, farinha, flocos ou malte. Ela serve como ingrediente em sopas, saladas, p\u00e3es, bolos e outros alimentos assados.<br \/>\n\n\n\n\n<h2 class=\"wp-block-heading\">Quem n\u00e3o deve consumir cevada?<\/h2>\n\n\n<p><\/p>Sim, a cevada cont\u00e9m gl\u00faten. Por isso, deve ser evitada por pessoas com doen\u00e7a cel\u00edaca ou intoler\u00e2ncia ao gl\u00faten.<br \/>\n\n\n\n\n<h2 class=\"wp-block-heading\">Como era a cevada?<\/h2>\n\nA cevada \u00e9 tida como o cereal domesticado mais antigo que existe. O cultivo se iniciou entre 6000 a.C. e 7000 a.C., na regi\u00e3o do Oriente M\u00e9dio. Na \u00e9poca, era o cereal mais utilizado para fazer p\u00e3o, sendo depois substitu\u00edda pelo trigo.<br \/>\n\n\n\n\n<h2 class=\"wp-block-heading\">Como era a cevada na B\u00edblia?<\/h2>\n\n\n<p><\/p>A cevada era semeada em outubro e colhida em mar\u00e7o ou abril. Como amadurecia mais cedo do que o trigo, havia, algumas vezes, segunda semeadura. Barcos de seis remos, com cevada, acham-se esculpidos nos monumentos e moedas do Egito, do s\u00e9culo Vi antes de Cristo.<br \/>\n\n\n\n\n<h2 class=\"wp-block-heading\">Qual \u00e9 a hist\u00f3ria da cevada?<\/h2>\n\n\n<p><\/p>\n\n<ul class=\"wp-block-list\">\n<li>Origem e hist\u00f3ria da cevada<\/li>\n<li> A cevada tem suas ra\u00edzes no Crescente F\u00e9rtil, regi\u00e3o do Oriente M\u00e9dio considerada o ber\u00e7o da agricultura. Estima-se que a cevada tenha sido domesticada h\u00e1 mais de 10 mil anos, sendo uma das primeiras plantas cultivadas pela humanidade.<\/li>\n<\/ul>\n\n\n\n\n<h2 class=\"wp-block-heading\">O que se fazia com a cevada?<\/h2>\n\n\n<p><\/p>A cevada, uma das principais culturas de inverno do Paran\u00e1, est\u00e1 sendo colhida. Praticamente toda a produ\u00e7\u00e3o paranaense \u00e9 vendida para as ind\u00fastrias de cerveja que ficam no estado.<br \/>\n\n\n\n\n<h2 class=\"wp-block-heading\">O que era a Sega da cevada?<\/h2>\n\n\n<p><\/p>Festa da Colheita ou Sega &#8211; no hebraico hag haqasir. Por se tratar de uma colheita de gr\u00e3os, trigo e cevada, essa festa ganhou esse segundo nome.<br \/>\n\n\n\n\n<h2 class=\"wp-block-heading\">Qual \u00e9 a diferen\u00e7a entre o trigo e a cevada?<\/h2>\n\n\n<p><\/p>A cevada cont\u00e9m mais fibras, prote\u00ednas e minerais essenciais, como ferro e zinco. Usos: o trigo \u00e9 amplamente utilizado na panifica\u00e7\u00e3o, na produ\u00e7\u00e3o de farinhas e no fabrico de produtos como p\u00e3o, massa e bolos. A cevada, por outro lado, \u00e9 usada principalmente como alimento para animais.<br \/>\n\n\n\n\n<h2 class=\"wp-block-heading\">O que era um p\u00e3o de cevada?<\/h2>\n\n\n\n<h2 class=\"wp-block-heading\">Qual a diferen\u00e7a entre o p\u00e3o de cevada e o p\u00e3o de trigo?<\/h2>\n\n\n<p><\/p>Por conter muito menos gl\u00faten que o trigo, a cevada d\u00e1 origem a um p\u00e3o denso, de textura \u00e1spera e cor escura. \u00c9 o gl\u00faten que confere ao trigo uma apreciada textura firme e el\u00e1stica e a capacidade para crescer. &#8220;A farinha de cevada \u00e9 mais adocicada, o que \u00e9 \u00f3timo para o fermento.<br \/>\n\n\n\n\n<h2 class=\"wp-block-heading\">O que vem a ser cevada?<\/h2>\n\n\n<p><\/p>Cevada, Hordeum vulgare, sp. vulgare, \u00e9 o mais antigo dos cereais domesticados hoje em cultivo. Atualmente \u00e9 o quarto cereal em ordem de import\u00e2ncia, sendo plantado em aproximadamente 55 milh\u00f5es de hectares com produ\u00e7\u00e3o da ordem de 150 milh\u00f5es de toneladas, representando 10% do total de gr\u00e3os produzidos mundialmente.<br \/>\n\n\n\n\n<h2 class=\"wp-block-heading\">O que significa cevada segundo a B\u00edblia?<\/h2>\n\nA cevada, Hordeum vulgare, foi a principal \u201cplanta do p\u00e3o\u201d dos hebreus, gregos e romanos e tamb\u00e9m de grande parte da Europa at\u00e9 ao s\u00e9culo XVI. Actualmente, representa a quarta maior colheita de gr\u00e3os do mundo (depois do trigo, o arroz e o milho). Rute e Noemi estavam em luto.<br \/>\n\n\n\n\n<h2 class=\"wp-block-heading\">Qual \u00e9 a fun\u00e7\u00e3o da cevada?<\/h2>\n\n\n<p><\/p>O gr\u00e3o \u00e9 utilizado na industrializa\u00e7\u00e3o de bebidas (cerveja e destilados), na composi\u00e7\u00e3o de farinhas ou flocos para panifica\u00e7\u00e3o, na produ\u00e7\u00e3o de medicamentos e na formula\u00e7\u00e3o de produtos diet\u00e9ticos e de suced\u00e2neos de caf\u00e9. A cevada \u00e9 ainda empregada em alimenta\u00e7\u00e3o animal como forragem verde e na fabrica\u00e7\u00e3o de ra\u00e7\u00e3o.<br \/>\n\n\n\n\n<h2 class=\"wp-block-heading\">Onde na B\u00edblia fala sobre cevada?<\/h2>\n\n\n<p><\/p>Ezequiel 4:9 Almeida Revista e Atualizada (ARA) Toma trigo e cevada, favas e lentilhas, aveia e centeio, mete-os numa vasilha e faze deles p\u00e3o; segundo o n\u00famero dos dias que te deitares sobre o teu lado, trezentos e noventa dias, comer\u00e1s dele.<br \/>\n\n\n\n\n<h2 class=\"wp-block-heading\">Qual \u00e9 a planta da cevada?<\/h2>\n\nA Cevada \u00e9 uma planta anual, com colmo de at\u00e9 1m de altura. Possui folhas invaginadas em cada n\u00f3 do colmo, compridas, eretas e glabras. O fruto \u00e9 uma cariopse, amarelada, sulcada longitudinalmente. As flores est\u00e3o dispostas em espigas densas e compactas na extremidade do colmo.<br \/>\n\n\n\n\n<h2 class=\"wp-block-heading\">Qual a planta que faz a cevada?<\/h2>\n\n\n<p><\/p>Cevada (lat. Hordeum vulgare ) pertence a gram\u00edneas comest\u00edveis anuais com uma hist\u00f3ria de dez mil anos. A planta\u00e7\u00e3o de cevada \u00e9 um neg\u00f3cio popular em pa\u00edses com condi\u00e7\u00f5es clim\u00e1ticas temperadas, e foi um dos primeiros cereais cultivados na Eur\u00e1sia.<br \/>\n\n\n\n\n<h2 class=\"wp-block-heading\">Qual \u00e9 o fruto da cevada?<\/h2>\n\n\n<p><\/p>A Cevada \u00e9 uma planta anual, com colmo de at\u00e9 1m de altura. Possui folhas invaginadas em cada n\u00f3 do colmo, compridas, eretas e glabras. O fruto \u00e9 uma cariopse, amarelada, sulcada longitudinalmente.<br \/>\n\n\n\n\n<h2 class=\"wp-block-heading\">O que \u00e9 cevada e para que serve?<\/h2>\n\n\n<p><\/p>\u00c9 um cereal altamente nutricional, rico em fibras, vitaminas e minerais. Os consumidores utilizam a cevada na forma de gr\u00e3os integrais, farinha, flocos ou malte. Ela serve como ingrediente em sopas, saladas, p\u00e3es, bolos e outros alimentos assados.<br \/>\n\n\n\n\n<h2 class=\"wp-block-heading\">O que \u00e9 cevada segundo a B\u00edblia?<\/h2>\n\n\n<p><\/p>A cevada, Hordeum vulgare, foi a principal \u201cplanta do p\u00e3o\u201d dos hebreus, gregos e romanos e tamb\u00e9m de grande parte da Europa at\u00e9 ao s\u00e9culo XVI. Actualmente, representa a quarta maior colheita de gr\u00e3os do mundo (depois do trigo, o arroz e o milho). Rute e Noemi estavam em luto.<br \/>\n\n\n\n\n<h2 class=\"wp-block-heading\">Tem planta\u00e7\u00e3o de cevada no Brasil?<\/h2>\n\n\n<p><\/p>Entre os principais cultivos do Paran\u00e1, a cevada colocou o estado como o maior produtor do gr\u00e3o em 2022, conforme o Instituto Brasileiro de Geografia e Estat\u00edstica (IBGE). Foram 360,3 mil toneladas, volume que representa 69% da produ\u00e7\u00e3o nacional, de quase 522 mil toneladas no \u00faltimo ano.<br \/>\n\n\n","protected":false},"excerpt":{"rendered":"<p>Qual a diferen\u00e7a entre a cevada e o trigo? Como era o p\u00e3o de cevada na \u00e9poca de Jesus? O p\u00e3o de cevada, que era mais barato e acess\u00edvel, era consumido pelas fam\u00edlias pobres, enquanto o p\u00e3o de trigo, mais caro, era reservado para ocasi\u00f5es especiais ou para os habitantes mais abastados. Outro pilar da [&hellip;]<\/p>\n","protected":false},"author":2,"featured_media":0,"comment_status":"open","ping_status":"closed","sticky":false,"template":"","format":"standard","meta":{"footnotes":""},"categories":[1],"tags":[],"class_list":["post-7028","post","type-post","status-publish","format-standard","hentry","category-conteudo"],"_links":{"self":[{"href":"https:\/\/ammabarbacena.com.br\/perguntas-frequentes\/wp-json\/wp\/v2\/posts\/7028","targetHints":{"allow":["GET"]}}],"collection":[{"href":"https:\/\/ammabarbacena.com.br\/perguntas-frequentes\/wp-json\/wp\/v2\/posts"}],"about":[{"href":"https:\/\/ammabarbacena.com.br\/perguntas-frequentes\/wp-json\/wp\/v2\/types\/post"}],"author":[{"embeddable":true,"href":"https:\/\/ammabarbacena.com.br\/perguntas-frequentes\/wp-json\/wp\/v2\/users\/2"}],"replies":[{"embeddable":true,"href":"https:\/\/ammabarbacena.com.br\/perguntas-frequentes\/wp-json\/wp\/v2\/comments?post=7028"}],"version-history":[{"count":1,"href":"https:\/\/ammabarbacena.com.br\/perguntas-frequentes\/wp-json\/wp\/v2\/posts\/7028\/revisions"}],"predecessor-version":[{"id":7029,"href":"https:\/\/ammabarbacena.com.br\/perguntas-frequentes\/wp-json\/wp\/v2\/posts\/7028\/revisions\/7029"}],"wp:attachment":[{"href":"https:\/\/ammabarbacena.com.br\/perguntas-frequentes\/wp-json\/wp\/v2\/media?parent=7028"}],"wp:term":[{"taxonomy":"category","embeddable":true,"href":"https:\/\/ammabarbacena.com.br\/perguntas-frequentes\/wp-json\/wp\/v2\/categories?post=7028"},{"taxonomy":"post_tag","embeddable":true,"href":"https:\/\/ammabarbacena.com.br\/perguntas-frequentes\/wp-json\/wp\/v2\/tags?post=7028"}],"curies":[{"name":"wp","href":"https:\/\/api.w.org\/{rel}","templated":true}]}}