{"id":6630,"date":"2025-07-22T13:50:48","date_gmt":"2025-07-22T13:50:48","guid":{"rendered":"http:\/\/963876c7-1886-48d5-8573-38ca1863007c"},"modified":"2025-07-22T13:50:48","modified_gmt":"2025-07-22T13:50:48","slug":"o-que-e-redario","status":"publish","type":"post","link":"https:\/\/ammabarbacena.com.br\/perguntas-frequentes\/o-que-e-redario\/","title":{"rendered":"O que \u00e9 redario"},"content":{"rendered":"\n\n<h2 class=\"wp-block-heading\">O que \u00e9 rend\u00e1rio?<\/h2>\n\n\n\n<h2 class=\"wp-block-heading\">O que significa rend\u00e1rio?<\/h2>\n\n\n<p class=\"wp-block-paragraph\"><\/p>adj. e s. Pessoa a quem h\u00e1 que pagar a renda.<br \/>\n\n\n\n\n<h2 class=\"wp-block-heading\">O que significa a palavra red\u00e1rio?<\/h2>\n\n\n<p class=\"wp-block-paragraph\"><\/p>O red\u00e1rio \u00e9 aquele lugarzinho tranquilo, dedicado \u00e0s redes de deitar ou de sentar para assistir ao p\u00f4r do sol.<br \/>\n\n\n\n\n<h2 class=\"wp-block-heading\">O que \u00e9 algo ris\u00f3rio?<\/h2>\n\n\n<p class=\"wp-block-paragraph\"><\/p>O ris\u00f3rio \u00e9 por vezes chamado de &#8220;m\u00fasculo do sorriso&#8221;.<br \/>\n\n\n\n\n<h2 class=\"wp-block-heading\">O que \u00e9 um red\u00e1rio?<\/h2>\n\n\n<p class=\"wp-block-paragraph\"><\/p>O red\u00e1rio \u00e9 nada mais do que um espa\u00e7o voltado para as famosas redes. Isso mesmo! Aquelas redes onde voc\u00ea pode sentar ou deitar e curtir o finalzinho da tarde.<br \/>\n\n\n\n\n<h2 class=\"wp-block-heading\">O que \u00e9 uma r\u00e9dia?<\/h2>\n\n\n<p class=\"wp-block-paragraph\"><\/p>R\u00e9deas s\u00e3o objetos de montaria (arreio), utilizados para direcionar um cavalo ou qualquer outro animal de montaria. R\u00e9deas podem ser feitas de couro, nylon, metal ou outros materiais, e conectadas ao cabresto pelo freio do cavalo.<br \/>\n\n\n\n\n<h2 class=\"wp-block-heading\">Quanto custa um red\u00e1rio?<\/h2>\n\n\n\n<h2 class=\"wp-block-heading\">Qual a medida ideal para rede?<\/h2>\n\n\n<p class=\"wp-block-paragraph\"><\/p>De acordo com as especialistas, a altura ideal dos ganchos nas paredes varia de 1,5 m a 1,9 m em rela\u00e7\u00e3o ao ch\u00e3o. J\u00e1 a dist\u00e2ncia entre as paredes pode variar entre 2,50 m a 3,30 m. \u201cOutra parte importante na hora de instalar uma rede de descanso \u00e9 saber qual o tipo de parede \u2013 se \u00e9 bloco de concreto ou tijolo.<br \/>\n\n\n\n\n<h2 class=\"wp-block-heading\">Quais s\u00e3o as medidas de um rack?<\/h2>\n\n\n<p class=\"wp-block-paragraph\"><\/p>O tamanho mais comum de rack servidor \u00e9 com altura de 42U e largura de 19 polegadas.<br \/>\n\n\n\n\n<h2 class=\"wp-block-heading\">Qual a dist\u00e2ncia de um red\u00e1rio?<\/h2>\n\n\n\n<h2 class=\"wp-block-heading\">Qual a metragem de rede?<\/h2>\n\n\n<p class=\"wp-block-paragraph\"><\/p>Para uma instala\u00e7\u00e3o segura, \u00e9 indicado que o armador de rede fique a uma dist\u00e2ncia de, pelo menos, 2 metros em rela\u00e7\u00e3o ao ch\u00e3o. Existem modelos que podem ser instalados em uma dist\u00e2ncia menor, de 1,80 metros, mas isso depende muito das caracter\u00edsticas do ambiente, das pessoas que v\u00e3o usar a rede e da parede.<br \/>\n\n\n\n\n<h2 class=\"wp-block-heading\">Quais s\u00e3o as medidas de um red\u00e1rio?<\/h2>\n\n\n\n<h2 class=\"wp-block-heading\">Qual a altura ideal para rede?<\/h2>\n\n\n<p class=\"wp-block-paragraph\"><\/p>Para uma instala\u00e7\u00e3o segura, \u00e9 indicado que o armador de rede fique a uma dist\u00e2ncia de, pelo menos, 2 metros em rela\u00e7\u00e3o ao ch\u00e3o. Existem modelos que podem ser instalados em uma dist\u00e2ncia menor, de 1,80 metros, mas isso depende muito das caracter\u00edsticas do ambiente, das pessoas que v\u00e3o usar a rede e da parede.<br \/>\n\n\n\n\n<h2 class=\"wp-block-heading\">Qual a dist\u00e2ncia de uma raia para outra?<\/h2>\n\n\n<p class=\"wp-block-paragraph\"><\/p>A raia padr\u00e3o para Competi\u00e7\u00f5es de Remo, deve proporcionar condi\u00e7\u00f5es justas e iguais de prova para seis equipes, competindo separadamente, em raias paralelas sobre uma dist\u00e2ncia de 2.000 metros.<br \/>\n\n\n\n\n<h2 class=\"wp-block-heading\">Para que serve um red\u00e1rio?<\/h2>\n\nO que \u00e9 um red\u00e1rio ? O red\u00e1rio \u00e9 um espa\u00e7o confort\u00e1vel, com muitas redes, onde as pessoas podem relaxar. \u00c9 um \u00f3timo local para aproveitar um momento de leitura, ver o sol se p\u00f4r, observar as estrelas \u00e0 noite ou at\u00e9 mesmo cochilar um pouco.<br \/>\n\n\n\n\n<h2 class=\"wp-block-heading\">O que \u00e9 valor ris\u00f3rio?<\/h2>\n\nNaquela extremidade se encontra irris\u00f3rio, \u201c c\u00f4mico, rid\u00edculo, de t\u00e3o pouco valor que desperta o riso \u201d, do Latim in-, aqui como \u201cem dire\u00e7\u00e3o a, sobre\u201d, mais ridere.<br \/>\n\n\n\n\n<h2 class=\"wp-block-heading\">O que \u00e9 um valor ris\u00f3rio?<\/h2>\n\n\n<p class=\"wp-block-paragraph\"><\/p>Coisa insignificante, ordin\u00e1ria, que n\u00e3o possui import\u00e2ncia alguma : ordenado irris\u00f3rio.<br \/>\n\n\n\n\n<h2 class=\"wp-block-heading\">O que \u00e9 ser irris\u00f3rio?<\/h2>\n\n\n<p class=\"wp-block-paragraph\"><\/p>\n\n<ul class=\"wp-block-list\">\n<li>Dicion\u00e1rio Brasileiro da L\u00edngua Portuguesa<\/li>\n<li> 1 Que envolve irris\u00e3o. 2 Que provoca riso; c\u00f4mico, ris\u00edvel. 3 Que \u00e9 muito pequeno, quase insignificante: \u201c[\u2026]<\/li>\n<\/ul>\n\n\n\n\n<h2 class=\"wp-block-heading\">O que \u00e9 valor reiterativo?<\/h2>\n\n\n<p class=\"wp-block-paragraph\"><\/p>adjetivo Que pode ser usado para reiterar; que tende a insistir; que reafirma; repetitivo.<br \/>\n\n\n\n\n<h2 class=\"wp-block-heading\">Quanto \u00e9 considerado valor irris\u00f3rio?<\/h2>\n\n\n<p class=\"wp-block-paragraph\"><\/p>\n\n<ul class=\"wp-block-list\">\n<li>Jurisprud\u00eancia presume que menos de 1% \u00e9 valor irris\u00f3rio<\/li>\n<li> &#8220;N\u00e3o obstante ser poss\u00edvel, diante das circunst\u00e2ncias f\u00e1ticas do caso, arbitrar equitativamente honor\u00e1rios advocat\u00edcios abaixo de 1% do valor da causa, faz-se necess\u00e1ria justificativa apta a superar a presun\u00e7\u00e3o firmada por esta corte&#8221;, disse.<\/li>\n<\/ul>\n\n\n\n\n<h2 class=\"wp-block-heading\">O que significa ris\u00edvel?<\/h2>\n\n\n<p class=\"wp-block-paragraph\"><\/p>adjetivo. causando ou capaz de causar riso ; ris\u00edvel; rid\u00edculo. ter a capacidade, disposi\u00e7\u00e3o ou prontid\u00e3o para rir.<br \/>\n\n\n","protected":false},"excerpt":{"rendered":"<p>O que \u00e9 rend\u00e1rio? O que significa rend\u00e1rio? adj. e s. Pessoa a quem h\u00e1 que pagar a renda. O que significa a palavra red\u00e1rio? O red\u00e1rio \u00e9 aquele lugarzinho tranquilo, dedicado \u00e0s redes de deitar ou de sentar para assistir ao p\u00f4r do sol. O que \u00e9 algo ris\u00f3rio? O ris\u00f3rio \u00e9 por vezes [&hellip;]<\/p>\n","protected":false},"author":2,"featured_media":0,"comment_status":"open","ping_status":"closed","sticky":false,"template":"","format":"standard","meta":{"footnotes":""},"categories":[1],"tags":[],"class_list":["post-6630","post","type-post","status-publish","format-standard","hentry","category-conteudo"],"_links":{"self":[{"href":"https:\/\/ammabarbacena.com.br\/perguntas-frequentes\/wp-json\/wp\/v2\/posts\/6630","targetHints":{"allow":["GET"]}}],"collection":[{"href":"https:\/\/ammabarbacena.com.br\/perguntas-frequentes\/wp-json\/wp\/v2\/posts"}],"about":[{"href":"https:\/\/ammabarbacena.com.br\/perguntas-frequentes\/wp-json\/wp\/v2\/types\/post"}],"author":[{"embeddable":true,"href":"https:\/\/ammabarbacena.com.br\/perguntas-frequentes\/wp-json\/wp\/v2\/users\/2"}],"replies":[{"embeddable":true,"href":"https:\/\/ammabarbacena.com.br\/perguntas-frequentes\/wp-json\/wp\/v2\/comments?post=6630"}],"version-history":[{"count":1,"href":"https:\/\/ammabarbacena.com.br\/perguntas-frequentes\/wp-json\/wp\/v2\/posts\/6630\/revisions"}],"predecessor-version":[{"id":6631,"href":"https:\/\/ammabarbacena.com.br\/perguntas-frequentes\/wp-json\/wp\/v2\/posts\/6630\/revisions\/6631"}],"wp:attachment":[{"href":"https:\/\/ammabarbacena.com.br\/perguntas-frequentes\/wp-json\/wp\/v2\/media?parent=6630"}],"wp:term":[{"taxonomy":"category","embeddable":true,"href":"https:\/\/ammabarbacena.com.br\/perguntas-frequentes\/wp-json\/wp\/v2\/categories?post=6630"},{"taxonomy":"post_tag","embeddable":true,"href":"https:\/\/ammabarbacena.com.br\/perguntas-frequentes\/wp-json\/wp\/v2\/tags?post=6630"}],"curies":[{"name":"wp","href":"https:\/\/api.w.org\/{rel}","templated":true}]}}