{"id":6148,"date":"2025-07-18T23:30:24","date_gmt":"2025-07-18T23:30:24","guid":{"rendered":"http:\/\/4f2bf165-6298-458b-9de0-7ecb3ede5050"},"modified":"2025-07-18T23:30:24","modified_gmt":"2025-07-18T23:30:24","slug":"o-que-e-nodulo-hipoecoico","status":"publish","type":"post","link":"https:\/\/ammabarbacena.com.br\/perguntas-frequentes\/o-que-e-nodulo-hipoecoico\/","title":{"rendered":"O que \u00e9 nodulo hipoecoico"},"content":{"rendered":"\n\n<h2 class=\"wp-block-heading\">O que \u00e9 n\u00f3dulo hipoecoico e perigoso?<\/h2>\n\nUm n\u00f3dulo de tireoide hipoecoico \u00e9 o nome dado quando, durante a realiza\u00e7\u00e3o de uma ultrassonografia, o m\u00e9dico observa a presen\u00e7a de um n\u00f3dulo com baixa densidade, indicando que h\u00e1 l\u00edquidos dentro dele, que ele pode ser formado por gordura ou at\u00e9 mesmo por tecidos pouco densos.<br \/>\n\n\n\n\n<h2 class=\"wp-block-heading\">Qual o tratamento para n\u00f3dulo hipoecoico?<\/h2>\n\nO tratamento depende da causa. Se for identificado como benigno, pode n\u00e3o ser necess\u00e1rio o tratamento em si, mas sim um monitoramento regular. Se houver suspeita de malignidade, podem ser necess\u00e1rios procedimentos adicionais, como bi\u00f3psia, remo\u00e7\u00e3o cir\u00fargica, quimioterapia, radioterapia, entre outros.<br \/>\n\n\n\n\n<h2 class=\"wp-block-heading\">Como tratar n\u00f3dulo hipoecoico?<\/h2>\n\n\n<p><\/p>O tratamento depende da causa. Se for identificado como benigno, pode n\u00e3o ser necess\u00e1rio o tratamento em si, mas sim um monitoramento regular. Se houver suspeita de malignidade, podem ser necess\u00e1rios procedimentos adicionais, como bi\u00f3psia, remo\u00e7\u00e3o cir\u00fargica, quimioterapia, radioterapia, entre outros.<br \/>\n\n\n\n\n<h2 class=\"wp-block-heading\">O que \u00e9 hipoecoico no ultrassom?<\/h2>\n\nHipoecoico significa uma \u00e1rea de tecido em um exame de ultrassom que \u00e9 mais escura do que o ambiente ao redor. Durante o exame, o ultrassonografista movimenta um transdutor, que produz ondas sonoras de alta frequ\u00eancia, atrav\u00e9s de um gel condutor na superf\u00edcie da pele.<br \/>\n\n\n\n\n<h2 class=\"wp-block-heading\">Qual o significado de hipoecoico?<\/h2>\n\n\n<p><\/p>Algo com baixa ecogenicidade aparece escuro na imagem e \u00e9 denominado hipoecoico, ou hipoecog\u00eanico, enquanto algo com alta ecogenicidade aparece claro e \u00e9 denominado hiperecoico, ou hiperecog\u00eanico.<br \/>\n\n\n\n\n<h2 class=\"wp-block-heading\">O que quer dizer hipoecoico?<\/h2>\n\nAlgo com baixa ecogenicidade aparece escuro na imagem e \u00e9 denominado hipoecoico, ou hipoecog\u00eanico, enquanto algo com alta ecogenicidade aparece claro e \u00e9 denominado hiperecoico, ou hiperecog\u00eanico.<br \/>\n\n\n\n\n<h2 class=\"wp-block-heading\">Qual \u00e9 o tratamento para um n\u00f3dulo hipoecoico?<\/h2>\n\n\n<p><\/p>O tratamento depende da causa. Se for identificado como benigno, pode n\u00e3o ser necess\u00e1rio o tratamento em si, mas sim um monitoramento regular. Se houver suspeita de malignidade, podem ser necess\u00e1rios procedimentos adicionais, como bi\u00f3psia, remo\u00e7\u00e3o cir\u00fargica, quimioterapia, radioterapia, entre outros.<br \/>\n\n\n\n\n<h2 class=\"wp-block-heading\">O que \u00e9 uma \u00e1rea hipoecoica?<\/h2>\n\n\n<p><\/p>Hipoecoico significa uma \u00e1rea de tecido em um exame de ultrassom que \u00e9 mais escura do que o ambiente ao redor. Durante o exame, o ultrassonografista movimenta um transdutor, que produz ondas sonoras de alta frequ\u00eancia, atrav\u00e9s de um gel condutor na superf\u00edcie da pele.<br \/>\n\n\n\n\n<h2 class=\"wp-block-heading\">O que significa presen\u00e7a de imagem hipoec\u00f3ica?<\/h2>\n\n\n<p><\/p>Algo com baixa ecogenicidade aparece escuro na imagem e \u00e9 denominado hipoecoico, ou hipoecog\u00eanico, enquanto algo com alta ecogenicidade aparece claro e \u00e9 denominado hiperecoico, ou hiperecog\u00eanico.<br \/>\n\n\n\n\n<h2 class=\"wp-block-heading\">Quando um n\u00f3dulo \u00e9 preocupante?<\/h2>\n\n\n\n<h2 class=\"wp-block-heading\">Quando um n\u00f3dulo \u00e9 considerado c\u00e2ncer?<\/h2>\n\n\n<p><\/p>Quando algum deles est\u00e1 relacionado com o c\u00e2ncer? No caso do n\u00f3dulo, as bordas regulares e a maleabilidade s\u00e3o bons indicativos de benignidade. J\u00e1 se o mesmo tiver o contorno irregular, massa mal definida e ader\u00eancia a tecidos adjacentes, acende o alerta para suspeita de c\u00e2ncer.<br \/>\n\n\n\n\n<h2 class=\"wp-block-heading\">Quando o n\u00f3dulo \u00e9 maligno, ele d\u00f3i.?<\/h2>\n\n\n<p><\/p>Por\u00e9m, n\u00f3dulos na mama doloridos tamb\u00e9m podem ser um alerta para c\u00e2ncer de mama. Na maioria dos casos, o c\u00e2ncer de mama \u00e9 indolor, principalmente se ainda estiver em est\u00e1gios iniciais. Mas, quando o n\u00f3dulo maligno come\u00e7a a provocar dor, \u00e9 um indicativo de que o c\u00e2ncer est\u00e1 em est\u00e1gio avan\u00e7ado.<br \/>\n\n\n\n\n<h2 class=\"wp-block-heading\">Qual \u00e9 o n\u00f3dulo mais perigoso?<\/h2>\n\n\n<p><\/p>O n\u00f3dulo na tireoide \u00e9 mais preocupante quando caracterizado por n\u00f3dulos com bordas irregulares, pacientes com altera\u00e7\u00f5es na voz, pacientes com n\u00f3dulos que j\u00e1 possuem casos de c\u00e2ncer na fam\u00edlia e pacientes que j\u00e1 foram submetidos a sess\u00f5es de radioterapia, principalmente na regi\u00e3o da cabe\u00e7a e do pesco\u00e7o.<br \/>\n\n\n\n\n<h2 class=\"wp-block-heading\">Qual o tamanho de um n\u00f3dulo preocupante?<\/h2>\n\n\n<p><\/p>Por defini\u00e7\u00e3o, chamamos n\u00f3dulos altera\u00e7\u00f5es que medem at\u00e9 3 cent\u00edmetros no maior di\u00e2metro. Acima de 3 cm chamamos de massa pulmonar, e nesse caso o racioc\u00ednio \u00e9 bem diferente e ser\u00e1 assunto de outro texto desse blog. Geralmente, n\u00f3dulos menores t\u00eam menos probabilidade de serem cancer\u00edgenos do que n\u00f3dulos maiores.<br \/>\n\n\n\n\n<h2 class=\"wp-block-heading\">Qual \u00e9 o formato de um n\u00f3dulo maligno?<\/h2>\n\n\n<p><\/p>J\u00e1 tumores malignos, por exemplo, costumam ter c\u00e9lulas de multiplica\u00e7\u00e3o r\u00e1pida, agrupamento desordenado e capacidade infiltrativa. Elas t\u00eam formato menos uniforme e podem apresentar outras caracter\u00edsticas espec\u00edficas em sua apar\u00eancia. Al\u00e9m da anatomia, m\u00e9dicos tamb\u00e9m avaliam as subst\u00e2ncias que essas c\u00e9lulas cont\u00eam.<br \/>\n\n\n\n\n<h2 class=\"wp-block-heading\">Quanto tempo um n\u00f3dulo pode virar c\u00e2ncer?<\/h2>\n\n\n<p><\/p>O per\u00edodo de desenvolvimento do c\u00e2ncer de mama se diferencia de acordo com o tipo de tumor e agressividade dele. Alguns, por exemplo, podem demorar at\u00e9 10 anos para gerar os primeiros sinais de alerta.<br \/>\n\n\n\n\n<h2 class=\"wp-block-heading\">Qual a diferen\u00e7a entre anecoico e hipoecoico?<\/h2>\n\n\n\n<h2 class=\"wp-block-heading\">O que \u00e9 anecoico e hipoecoico?<\/h2>\n\n\n<p><\/p>Hipoecoico (menos ecog\u00eanico\/ecop\u00eanico): a estrutura parece mais escura (menos ecog\u00eanica ou ecop\u00eanica) do que as estruturas circundantes. Anecoico \/sem eco: a estrutura parece preta , sem ecos internos produzidos (refletidos) pela estrutura. Isso \u00e9 comumente observado em cistos simples cheios de l\u00edquido.<br \/>\n\n\n\n\n<h2 class=\"wp-block-heading\">O que \u00e9 tecido hipoecoico?<\/h2>\n\n\n<p><\/p>N\u00f3dulo hipoecoico \u00e9 uma massa de densidade baixa, que reflete pouco as ondas emitidas EM uma ultrassonografia. Assim, esse n\u00f3dulo aparece mais escuro do que o tecido em redor. Tamb\u00e9m chamado de hipoecog\u00eanico, o achado pode conter muito l\u00edquido ou gordura em seu interior.<br \/>\n\n\n\n\n<h2 class=\"wp-block-heading\">O que significa imagem hipoec\u00f3ica?<\/h2>\n\n\n<p><\/p>Um n\u00f3dulo hipoecog\u00eanico, ou hipoecoico, \u00e9 uma massa que aparece mais escura na ultrassonografia do que o tecido circundante. \u201cHipoecoico\u201d \u00e9 um termo usado para caracterizar um n\u00f3dulo em uma ultrassonografia. As ondas sonoras de um ultrassom refletem tecidos, ossos, m\u00fasculos e outras subst\u00e2ncias.<br \/>\n\n\n","protected":false},"excerpt":{"rendered":"<p>O que \u00e9 n\u00f3dulo hipoecoico e perigoso? Um n\u00f3dulo de tireoide hipoecoico \u00e9 o nome dado quando, durante a realiza\u00e7\u00e3o de uma ultrassonografia, o m\u00e9dico observa a presen\u00e7a de um n\u00f3dulo com baixa densidade, indicando que h\u00e1 l\u00edquidos dentro dele, que ele pode ser formado por gordura ou at\u00e9 mesmo por tecidos pouco densos. Qual [&hellip;]<\/p>\n","protected":false},"author":2,"featured_media":0,"comment_status":"open","ping_status":"closed","sticky":false,"template":"","format":"standard","meta":{"footnotes":""},"categories":[1],"tags":[],"class_list":["post-6148","post","type-post","status-publish","format-standard","hentry","category-conteudo"],"_links":{"self":[{"href":"https:\/\/ammabarbacena.com.br\/perguntas-frequentes\/wp-json\/wp\/v2\/posts\/6148","targetHints":{"allow":["GET"]}}],"collection":[{"href":"https:\/\/ammabarbacena.com.br\/perguntas-frequentes\/wp-json\/wp\/v2\/posts"}],"about":[{"href":"https:\/\/ammabarbacena.com.br\/perguntas-frequentes\/wp-json\/wp\/v2\/types\/post"}],"author":[{"embeddable":true,"href":"https:\/\/ammabarbacena.com.br\/perguntas-frequentes\/wp-json\/wp\/v2\/users\/2"}],"replies":[{"embeddable":true,"href":"https:\/\/ammabarbacena.com.br\/perguntas-frequentes\/wp-json\/wp\/v2\/comments?post=6148"}],"version-history":[{"count":1,"href":"https:\/\/ammabarbacena.com.br\/perguntas-frequentes\/wp-json\/wp\/v2\/posts\/6148\/revisions"}],"predecessor-version":[{"id":6149,"href":"https:\/\/ammabarbacena.com.br\/perguntas-frequentes\/wp-json\/wp\/v2\/posts\/6148\/revisions\/6149"}],"wp:attachment":[{"href":"https:\/\/ammabarbacena.com.br\/perguntas-frequentes\/wp-json\/wp\/v2\/media?parent=6148"}],"wp:term":[{"taxonomy":"category","embeddable":true,"href":"https:\/\/ammabarbacena.com.br\/perguntas-frequentes\/wp-json\/wp\/v2\/categories?post=6148"},{"taxonomy":"post_tag","embeddable":true,"href":"https:\/\/ammabarbacena.com.br\/perguntas-frequentes\/wp-json\/wp\/v2\/tags?post=6148"}],"curies":[{"name":"wp","href":"https:\/\/api.w.org\/{rel}","templated":true}]}}