{"id":5816,"date":"2025-07-18T20:59:37","date_gmt":"2025-07-18T20:59:37","guid":{"rendered":"http:\/\/346459db-89b0-405c-90c3-13c3752037c2"},"modified":"2025-07-18T20:59:37","modified_gmt":"2025-07-18T20:59:37","slug":"o-que-e-erro-de-morfologia","status":"publish","type":"post","link":"https:\/\/ammabarbacena.com.br\/perguntas-frequentes\/o-que-e-erro-de-morfologia\/","title":{"rendered":"O que \u00e9 erro de morfologia"},"content":{"rendered":"\n\n<h2 class=\"wp-block-heading\">O que seria um erro de morfologia?<\/h2>\n\nErros morfol\u00f3gicos s\u00e3o erros que ocorrem pela viola\u00e7\u00e3o da escrita que \u00e9 vinculada \u00e0 estrutura morfol\u00f3gica das palavras. S\u00e3o erros de: 1) omiss\u00e3o dos morfemas (ex., come escrito no lugar de comer); 2) concatena\u00e7\u00e3o dos morfemas (ex., agente no lugar de a gente);<br \/>\n\n\n\n\n<h2 class=\"wp-block-heading\">O que \u00e9 um erro morfossint\u00e1tico?<\/h2>\n\n\n<p class=\"wp-block-paragraph\"><\/p>\u00c9 um erro morfossint\u00e1tico? Trata-se de um erro morfol\u00f3gico, porque \u00e9 uma confus\u00e3o entre duas estruturas diferentes : analisa-se a termina\u00e7\u00e3o do verbo na 2. \u00aa pessoa do pret\u00e9rito perfeito (-ste) como se fosse o pronome pessoal da mesma pessoa (te).<br \/>\n\n\n\n\n<h2 class=\"wp-block-heading\">O que \u00e9 erro morfol\u00f3gico?<\/h2>\n\n\n<p class=\"wp-block-paragraph\"><\/p>Erros morfol\u00f3gicos s\u00e3o erros que ocorrem pela viola\u00e7\u00e3o da escrita que \u00e9 vinculada \u00e0 estrutura morfol\u00f3gica das palavras. S\u00e3o erros de: 1) omiss\u00e3o dos morfemas (ex., come escrito no lugar de comer);<br \/>\n\n\n\n\n<h2 class=\"wp-block-heading\">O que s\u00e3o anomalias morfol\u00f3gicas?<\/h2>\n\n\n<p class=\"wp-block-paragraph\"><\/p>As anomalias cong\u00eanitas s\u00e3o consideradas estruturais ou morfol\u00f3gicas, quando est\u00e3o relacionadas a problemas em estruturas anat\u00f4micas como, por exemplo: fendas labiais e palatinas, defeitos card\u00edacos, entre outros.<br \/>\n\n\n\n\n<h2 class=\"wp-block-heading\">O que \u00e9 um problema morfol\u00f3gico?<\/h2>\n\nAs anomalias morfol\u00f3gicas s\u00e3o altera\u00e7\u00f5es anat\u00f4micas e morfol\u00f3gicas geralmente cong\u00eanitas, ou seja, s\u00e3o vistas ao nascimento. Muitas delas, no entanto, j\u00e1 podem ser identificadas durante os exames de pr\u00e9-natal.<br \/>\n\n\n\n\n<h2 class=\"wp-block-heading\">O que \u00e9 problema morfol\u00f3gico?<\/h2>\n\n\n<p class=\"wp-block-paragraph\"><\/p>As anomalias morfol\u00f3gicas s\u00e3o altera\u00e7\u00f5es anat\u00f4micas e morfol\u00f3gicas geralmente cong\u00eanitas, ou seja, s\u00e3o vistas ao nascimento. Muitas delas, no entanto, j\u00e1 podem ser identificadas durante os exames de pr\u00e9-natal.<br \/>\n\n\n\n\n<h2 class=\"wp-block-heading\">O que s\u00e3o doen\u00e7as morfol\u00f3gicas?<\/h2>\n\n\n<p class=\"wp-block-paragraph\"><\/p>As anomalias cong\u00eanitas s\u00e3o consideradas estruturais ou morfol\u00f3gicas, quando est\u00e3o relacionadas a problemas em estruturas anat\u00f4micas como, por exemplo: fendas labiais e palatinas, defeitos card\u00edacos, entre outros.<br \/>\n\n\n\n\n<h2 class=\"wp-block-heading\">O que \u00e9 um erro morfol\u00f3gico?<\/h2>\n\n\n<p class=\"wp-block-paragraph\"><\/p>Erros morfol\u00f3gicos s\u00e3o erros que ocorrem pela viola\u00e7\u00e3o da escrita que \u00e9 vinculada \u00e0 estrutura morfol\u00f3gica das palavras. S\u00e3o erros de: 1) omiss\u00e3o dos morfemas (ex., come escrito no lugar de comer);<br \/>\n\n\n\n\n<h2 class=\"wp-block-heading\">O que significa achados morfol\u00f3gicos?<\/h2>\n\n\n<p class=\"wp-block-paragraph\"><\/p>Em resumo, o US morfol\u00f3gico examina os achados no Sistema Nervoso Central, as extremidades esquel\u00e9ticas, \u00f3rg\u00e3os vitais (cora\u00e7\u00e3o, rins entre outros), face e outros par\u00e2metros relacionados \u00e0 forma\u00e7\u00e3o do feto. Normalmente, o ultrassom morfol\u00f3gico \u00e9 realizado no primeiro e segundo trimestre de gesta\u00e7\u00e3o.<br \/>\n\n\n\n\n<h2 class=\"wp-block-heading\">Que significa morfol\u00f3gico?<\/h2>\n\n\n<p class=\"wp-block-paragraph\"><\/p>\n\n<ul class=\"wp-block-list\">\n<li>Significado de Morfol\u00f3gico<\/li>\n<li> adjetivo Relativo \u00e0 morfologia, ao estudo da forma ou da apar\u00eancia externa da mat\u00e9ria. [Lingu\u00edstica] Relativo ao estudo da composi\u00e7\u00e3o, deriva\u00e7\u00e3o, flex\u00e3o das palavras e de seus processos de forma\u00e7\u00e3o. [Lingu\u00edstica] Relativo a morfema, menor unidade lingu\u00edstica com significado.<\/li>\n<\/ul>\n\n\n\n\n<h2 class=\"wp-block-heading\">O exame morfol\u00f3gico detecta a S\u00edndrome de Down?<\/h2>\n\n\n<p class=\"wp-block-paragraph\"><\/p>O Dr. Eduardo Becker, membro da Comiss\u00e3o Nacional Especializada em Medicina Fetal da FEBRASGO, explica que o ultrassom morfol\u00f3gico apresenta uma taxa de detec\u00e7\u00e3o da S\u00edndrome de Down entre 85% e 90%, com uma taxa de falsos positivos de aproximadamente 5%.<br \/>\n\n\n\n\n<h2 class=\"wp-block-heading\">O que \u00e9 morfologia e um exemplo?<\/h2>\n\n\n\n<h2 class=\"wp-block-heading\">O que \u00e9 morfol\u00f3gico exemplo?<\/h2>\n\n\n<p class=\"wp-block-paragraph\"><\/p>O significado da palavra morfologia \u00e9 \u201cestudo da forma\u201d, nesse caso, \u00e9 a estrutura das palavras que ser\u00e1 analisada. No exemplo acima, o morfema pedr- pode ser considerado um morfema lexical, pois seu sentido pr\u00f3prio faz com que o grupo de palavras mantenha uma rela\u00e7\u00e3o de proximidade sem\u00e2ntica.<br \/>\n\n\n\n\n<h2 class=\"wp-block-heading\">Qual a morfologia de uma frase?<\/h2>\n\n\n<p class=\"wp-block-paragraph\"><\/p>An\u00e1lise Sint\u00e1tica e Morfologia. Frase \u00e9 um enunciado de sentido completo e pode ser formada por uma ou mais palavras ; ora\u00e7\u00e3o \u00e9 uma frase que contenha um verbo (ou locu\u00e7\u00e3o verbal); e per\u00edodo \u00e9 uma frase formada por uma ou mais ora\u00e7\u00f5es, podendo ent\u00e3o ser simples ou composta.<br \/>\n\n\n\n\n<h2 class=\"wp-block-heading\">Como identificar morfologia?<\/h2>\n\n\n<p class=\"wp-block-paragraph\"><\/p>A morfologia est\u00e1 agrupada em dez classes, as quais s\u00e3o chamadas classes de palavras ou classes gramaticais. Elas s\u00e3o: substantivo, artigo, adjetivo, numeral, pronome, verbo, adv\u00e9rbio, preposi\u00e7\u00e3o, conjun\u00e7\u00e3o e interjei\u00e7\u00e3o.<br \/>\n\n\n\n\n<h2 class=\"wp-block-heading\">O que \u00e9 erro gramatical exemplo?<\/h2>\n\nEscrever uma palavra errada, esquecer um acento ou usar uma pontua\u00e7\u00e3o inadequada s\u00e3o alguns dos erros gramaticais mais comuns em reda\u00e7\u00f5es.<br \/>\n\n\n\n\n<h2 class=\"wp-block-heading\">O que \u00e9 erro gramatical?<\/h2>\n\n\n<p class=\"wp-block-paragraph\"><\/p>Um erro gramatical \u00e9 qualquer falha no uso das regras gramaticais, podendo ocorrer nas diversas partes da gram\u00e1tica.<br \/>\n\n\n\n\n<h2 class=\"wp-block-heading\">O que \u00e9 um erro gramatical?<\/h2>\n\n\n<p class=\"wp-block-paragraph\"><\/p>Um erro gramatical ocorre quando as regras da linguagem s\u00e3o quebradas, como usar o tempo verbal errado. Erros gramaticais n\u00e3o s\u00e3o a mesma coisa que erros de ortografia ou fal\u00e1cias l\u00f3gicas, mas muitas vezes s\u00e3o confundidos com eles.<br \/>\n\n\n\n\n<h2 class=\"wp-block-heading\">Quais s\u00e3o os erros gramaticais mais comuns?<\/h2>\n\n\n<p class=\"wp-block-paragraph\"><\/p>\n\n<ul class=\"wp-block-list\">\n<li>Confundir \u201cafim\u201d e \u201ca fim\u201d<\/li>\n<li>Concord\u00e2ncia verbal.<\/li>\n<li>Uso da crase.<\/li>\n<li>Uso do h\u00edfen em \u201cbem-estar\u201d<\/li>\n<li>Uso de mai\u00fasculas e min\u00fasculas.<\/li>\n<li>Uso inadequado de \u201chaja vista\u201d<\/li>\n<li>Uso de g\u00edrias e abrevia\u00e7\u00f5es.<\/li>\n<\/ul>\n\n\n\n\n<h2 class=\"wp-block-heading\">O que \u00e9 um exemplo gramatical?<\/h2>\n\n\n<p class=\"wp-block-paragraph\"><\/p>A palavra gramatical \u00e9 uma determinada unidade de um paradigma gramatical, \u00e9 a palavra morfossint\u00e1ctica. Tomando como exemplo as palavras \u201c\u00e9s\u201d e \u201cfoste\u201d, elas s\u00e3o palavras diferentes se as considerarmos sob o ponto de vista gr\u00e1fico e gramatical.<br \/>\n\n\n\n\n<h2 class=\"wp-block-heading\">Qual a diferen\u00e7a entre erro gramatical e ortogr\u00e1fico?<\/h2>\n\n\n<p class=\"wp-block-paragraph\"><\/p>ERRO GRAMATICAL : no contexto gramatical, um erro gramatical ocorre quando est\u00e1 fora dos padr\u00f5es e regras aceitos na l\u00edngua escrita e na l\u00edngua falada. ERRO ORTOGR\u00c1FICO : na ortografia, entendemos como as palavras s\u00e3o escritas da forma correta. Como exemplo, podemos verificar se a palavra viagem \u00e9 com &#8220;j&#8221; ou com &#8220;g&#8221;.<br \/>\n\n\n\n\n<h2 class=\"wp-block-heading\">O que \u00e9 corre\u00e7\u00e3o gramatical?<\/h2>\n\n\n<p class=\"wp-block-paragraph\"><\/p>Em contextos profissionais, contribui para a imagem profissional e a comunica\u00e7\u00e3o eficaz. Al\u00e9m disso, a corre\u00e7\u00e3o gramatical \u00e9 um sinal de respeito pelo leitor, que merece receber um texto bem escrito e bem revisado. Em resumo, a corre\u00e7\u00e3o gramatical \u00e9 um pilar da escrita eficaz e precisa.<br \/>\n\n\n\n\n<h2 class=\"wp-block-heading\">O que \u00e9 morfologia?<\/h2>\n\n\n\n<h2 class=\"wp-block-heading\">O que significa se morfologia?<\/h2>\n\n\n<p class=\"wp-block-paragraph\"><\/p>O significado da palavra morfologia \u00e9 \u201c estudo da forma \u201d, nesse caso, \u00e9 a estrutura das palavras que ser\u00e1 analisada. No exemplo acima, o morfema pedr- pode ser considerado um morfema lexical, pois seu sentido pr\u00f3prio faz com que o grupo de palavras mantenha uma rela\u00e7\u00e3o de proximidade sem\u00e2ntica.<br \/>\n\n\n\n\n<h2 class=\"wp-block-heading\">O que \u00e9 morfologia de uma doen\u00e7a?<\/h2>\n\nA morfologia sangu\u00ednea \u00e9 um exame laboratorial fundamental que analisa a forma e a estrutura das c\u00e9lulas presentes no sangue. Este exame \u00e9 crucial para a avalia\u00e7\u00e3o da sa\u00fade geral do paciente, permitindo a detec\u00e7\u00e3o de diversas condi\u00e7\u00f5es m\u00e9dicas, como anemias, leucemias e infec\u00e7\u00f5es.<br \/>\n\n\n\n\n<h2 class=\"wp-block-heading\">O que \u00e9 morfologia da doen\u00e7a?<\/h2>\n\n\n<p class=\"wp-block-paragraph\"><\/p>A morfologia sangu\u00ednea \u00e9 um exame laboratorial fundamental que analisa a forma e a estrutura das c\u00e9lulas presentes no sangue. Este exame \u00e9 crucial para a avalia\u00e7\u00e3o da sa\u00fade geral do paciente, permitindo a detec\u00e7\u00e3o de diversas condi\u00e7\u00f5es m\u00e9dicas, como anemias, leucemias e infec\u00e7\u00f5es.<br \/>\n\n\n\n\n<h2 class=\"wp-block-heading\">O que \u00e9 morfologia na patologia?<\/h2>\n\n\n<p class=\"wp-block-paragraph\"><\/p>A morfologia significa &#8216;estudo da forma&#8217;, do grego \u201cmorphe\u201d (morfo = forma) e (logos = estudo), ela pode ser a morfologia macrosc\u00f3pica (anatomia) ou microsc\u00f3pica (histologia). A palavra anatomia \u00e9 oriunda do grego significa cortar em partes, dissecar.<br \/>\n\n\n\n\n<h2 class=\"wp-block-heading\">O que \u00e9 morfologia em sa\u00fade?<\/h2>\n\n\n<p class=\"wp-block-paragraph\"><\/p>\u00c9 uma \u00e1rea da anatomia que se concentra na an\u00e1lise e classifica\u00e7\u00e3o das diferentes caracter\u00edsticas f\u00edsicas dos seres humanos, como altura, peso, propor\u00e7\u00f5es corporais, entre outros. A morfologia humana \u00e9 essencial para entender como o corpo funciona e como ele se relaciona com o ambiente ao seu redor.<br \/>\n\n\n\n\n<h2 class=\"wp-block-heading\">O que \u00e9 morfologia em medicina?<\/h2>\n\n\n<p class=\"wp-block-paragraph\"><\/p>O curso de Morfologia Humana \u00e9 uma \u00e1rea de estudos que envolve o estudo do tamanho, forma e estrutura do corpo humano. \u00c9 um ramo da anatomia, que estuda o tamanho, forma e estrutura dos ossos, m\u00fasculos, \u00f3rg\u00e3os internos e outras estruturas do corpo.<br \/>\n\n\n\n\n<h2 class=\"wp-block-heading\">O que dizer morfologia?<\/h2>\n\n\n<p class=\"wp-block-paragraph\"><\/p>Morfologia \u00e9 a parte da gram\u00e1tica que estuda a estrutura, a forma\u00e7\u00e3o e a flex\u00e3o das palavras. O estudo da estrutura compreende o reconhecimento e a descri\u00e7\u00e3o dos elementos constitutivos do voc\u00e1bulo: raiz, radical, tema, vogal tem\u00e1tica, prefixo, sufixo e desin\u00eancia.<br \/>\n\n\n","protected":false},"excerpt":{"rendered":"<p>O que seria um erro de morfologia? Erros morfol\u00f3gicos s\u00e3o erros que ocorrem pela viola\u00e7\u00e3o da escrita que \u00e9 vinculada \u00e0 estrutura morfol\u00f3gica das palavras. S\u00e3o erros de: 1) omiss\u00e3o dos morfemas (ex., come escrito no lugar de comer); 2) concatena\u00e7\u00e3o dos morfemas (ex., agente no lugar de a gente); O que \u00e9 um erro [&hellip;]<\/p>\n","protected":false},"author":2,"featured_media":0,"comment_status":"open","ping_status":"closed","sticky":false,"template":"","format":"standard","meta":{"footnotes":""},"categories":[1],"tags":[],"class_list":["post-5816","post","type-post","status-publish","format-standard","hentry","category-conteudo"],"_links":{"self":[{"href":"https:\/\/ammabarbacena.com.br\/perguntas-frequentes\/wp-json\/wp\/v2\/posts\/5816","targetHints":{"allow":["GET"]}}],"collection":[{"href":"https:\/\/ammabarbacena.com.br\/perguntas-frequentes\/wp-json\/wp\/v2\/posts"}],"about":[{"href":"https:\/\/ammabarbacena.com.br\/perguntas-frequentes\/wp-json\/wp\/v2\/types\/post"}],"author":[{"embeddable":true,"href":"https:\/\/ammabarbacena.com.br\/perguntas-frequentes\/wp-json\/wp\/v2\/users\/2"}],"replies":[{"embeddable":true,"href":"https:\/\/ammabarbacena.com.br\/perguntas-frequentes\/wp-json\/wp\/v2\/comments?post=5816"}],"version-history":[{"count":1,"href":"https:\/\/ammabarbacena.com.br\/perguntas-frequentes\/wp-json\/wp\/v2\/posts\/5816\/revisions"}],"predecessor-version":[{"id":5817,"href":"https:\/\/ammabarbacena.com.br\/perguntas-frequentes\/wp-json\/wp\/v2\/posts\/5816\/revisions\/5817"}],"wp:attachment":[{"href":"https:\/\/ammabarbacena.com.br\/perguntas-frequentes\/wp-json\/wp\/v2\/media?parent=5816"}],"wp:term":[{"taxonomy":"category","embeddable":true,"href":"https:\/\/ammabarbacena.com.br\/perguntas-frequentes\/wp-json\/wp\/v2\/categories?post=5816"},{"taxonomy":"post_tag","embeddable":true,"href":"https:\/\/ammabarbacena.com.br\/perguntas-frequentes\/wp-json\/wp\/v2\/tags?post=5816"}],"curies":[{"name":"wp","href":"https:\/\/api.w.org\/{rel}","templated":true}]}}