{"id":5810,"date":"2025-07-18T20:56:57","date_gmt":"2025-07-18T20:56:57","guid":{"rendered":"http:\/\/6337eeb0-5968-429c-ba23-81ead820d2fc"},"modified":"2025-07-18T20:56:57","modified_gmt":"2025-07-18T20:56:57","slug":"o-que-e-beneficio-pactuados","status":"publish","type":"post","link":"https:\/\/ammabarbacena.com.br\/perguntas-frequentes\/o-que-e-beneficio-pactuados\/","title":{"rendered":"O que \u00e9 benef\u00edcio pactuados"},"content":{"rendered":"\u00c9 um valor complementado na parcela mensal do Aux\u00edlio Brasil, pago no limite de um benef\u00edcio por fam\u00edlia e concedido de forma autom\u00e1tica, apenas para fam\u00edlias que tiveram perdas financeiras na transi\u00e7\u00e3o entre o antigo programa de transfer\u00eancia de renda para o Aux\u00edlio Brasil.<br \/>\n\n\n\n\n<h2 class=\"wp-block-heading\">O que \u00e9 o benef\u00edcio pactuado do Bolsa Fam\u00edlia?<\/h2>\n\nO mais simples \u00e9 aquele em que o ente federado transfere mensalmente um valor fixo a fam\u00edlias benefici\u00e1rias PBF que se enquadrem nos crit\u00e9rios de elegibilidade do programa local de transfer\u00eancia de renda.<br \/>\n\n\n\n\n<h2 class=\"wp-block-heading\">Qual o valor do benef\u00edcio pactuado do Bolsa Fam\u00edlia?<\/h2>\n\n\n<p class=\"wp-block-paragraph\"><\/p>Com esses pagamentos adicionais, as fam\u00edlias benefici\u00e1rias do PAB continuar\u00e3o recebendo o valor fixo de R$ 200,00 (duzentos reais) que ser\u00e3o somados aos benef\u00edcios do PAB, que atualmente s\u00e3o de no m\u00ednimo R$400,00.<br \/>\n\n\n\n\n<h2 class=\"wp-block-heading\">Quem pode receber R$ 1200 do Bolsa Fam\u00edlia?<\/h2>\n\n\n<p class=\"wp-block-paragraph\"><\/p>Para receber o benef\u00edcio, ser\u00e1 necess\u00e1rio atender aos requisitos estabelecidos pelo governo, que s\u00e3o: Ter 18 anos ou mais. N\u00e3o ter v\u00ednculo de emprego formal (mas pode ser MEI, aut\u00f4noma ou informal) Ter renda familiar de at\u00e9 meio sal\u00e1rio m\u00ednimo por pessoa ou at\u00e9 3 sal\u00e1rios m\u00ednimos no total.<br \/>\n\n\n\n\n<h2 class=\"wp-block-heading\">Como posso receber os benef\u00edcios pactuados do Bolsa Fam\u00edlia?<\/h2>\n\n\n<p class=\"wp-block-paragraph\"><\/p>Para receber os benef\u00edcios, a principal regra \u00e9 a &#8220;renda mensal por pessoa&#8221;, que significa quanto voc\u00ea e sua fam\u00edlia ganham por m\u00eas, dividido pelo n\u00famero de pessoas da fam\u00edlia. Se a renda mensal por pessoa for de at\u00e9 R$ 218 (situa\u00e7\u00e3o de pobreza), a entrada no Programa Bolsa Fam\u00edlia pode acontecer.<br \/>\n\n\n\n\n<h2 class=\"wp-block-heading\">O que fazer quando o valor do Bolsa Fam\u00edlia \u00e9 reduzido?<\/h2>\n\n\n<p class=\"wp-block-paragraph\"><\/p>O MDS ressalta que caso a renda da fam\u00edlia volte a diminuir ap\u00f3s esses dois anos ela deve procurar um CRAS, atualizar as informa\u00e7\u00f5es de renda e solicitar a volta ao Bolsa Fam\u00edlia. Com o chamado retorno garantido, a fam\u00edlia ter\u00e1 prioridade na concess\u00e3o do benef\u00edcio ao retornar ao programa.<br \/>\n\n\n\n\n<h2 class=\"wp-block-heading\">Qual o valor do benef\u00edcio pactuado?<\/h2>\n\nCom esses pagamentos adicionais, as fam\u00edlias benefici\u00e1rias do PAB continuar\u00e3o recebendo o valor fixo de R$ 200,00 (duzentos reais) que ser\u00e3o somados aos benef\u00edcios do PAB, que atualmente s\u00e3o de no m\u00ednimo R$400,00.<br \/>\n\n\n\n\n<h2 class=\"wp-block-heading\">O que quer dizer benef\u00edcio pactuado no Caixa Tem?<\/h2>\n\n\n<p class=\"wp-block-paragraph\"><\/p>seu Benef\u00edcio Pactuado beneficios pactuados podem acordo situa\u00e7\u00e3o fam\u00edlia. Para informa\u00e7\u00f5es, contateo Centro Referencia Assist\u00eancia Social sua regi\u00e3o.<br \/>\n\n\n\n\n<h2 class=\"wp-block-heading\">O que significa parcela pactuada no Bolsa Fam\u00edlia?<\/h2>\n\n\n<p class=\"wp-block-paragraph\"><\/p>O mais simples \u00e9 aquele em que o ente federado transfere mensalmente um valor fixo a fam\u00edlias benefici\u00e1rias PBF que se enquadrem nos crit\u00e9rios de elegibilidade do programa local de transfer\u00eancia de renda.<br \/>\n\n\n\n\n<h2 class=\"wp-block-heading\">Como saber se tenho direito ao benef\u00edcio pactuado?<\/h2>\n\n\u00c9 necess\u00e1rio fazer login com a conta Gov.br, utilizando CPF e senha. \u00c9 poss\u00edvel consultar a situa\u00e7\u00e3o do Aux\u00edlio Emergencial e verificar se h\u00e1 inconsist\u00eancia. Se houver, \u00e9 poss\u00edvel regularizar a situa\u00e7\u00e3o.<br \/>\n\n\n\n\n<h2 class=\"wp-block-heading\">Quem tem direito ao benef\u00edcio pactuado?<\/h2>\n\n\n<p class=\"wp-block-paragraph\"><\/p>Qual \u00e9 o p\u00fablico-alvo do Benef\u00edcio Compensat\u00f3rio de Transi\u00e7\u00e3o? Fam\u00edlias benefici\u00e1rias do antigo Programa Bolsa Fam\u00edlia que tiveram redu\u00e7\u00e3o no valor total dos benef\u00edcios ap\u00f3s a migra\u00e7\u00e3o para o Aux\u00edlio Brasil.<br \/>\n\n\n\n\n<h2 class=\"wp-block-heading\">Como saber se tenho direito a algum benef\u00edcio do governo pelo CPF?<\/h2>\n\n\n<p class=\"wp-block-paragraph\"><\/p>As fam\u00edlias cadastradas podem ter acesso \u00e0s informa\u00e7\u00f5es do Cadastro \u00danico diretamente pelo site https:\/\/cadunico.dataprev.gov.br ou pelo aplicativo do Cadastro \u00danico. No site ou aplicativo, a fam\u00edlia pode obter um comprovante de cadastramento, clicando em \u201cConsulta Simples\u201d.<br \/>\n\n\n\n\n<h2 class=\"wp-block-heading\">Como saber se tenho benef\u00edcio pactuado?<\/h2>\n\n\n<p class=\"wp-block-paragraph\"><\/p>\u00c9 necess\u00e1rio fazer login com a conta Gov.br, utilizando CPF e senha. \u00c9 poss\u00edvel consultar a situa\u00e7\u00e3o do Aux\u00edlio Emergencial e verificar se h\u00e1 inconsist\u00eancia. Se houver, \u00e9 poss\u00edvel regularizar a situa\u00e7\u00e3o.<br \/>\n\n\n\n\n<h2 class=\"wp-block-heading\">O que \u00e9 receber pactuado?<\/h2>\n\nO mesmo que: estipulado, ajustado, acordado, combinado, contratado, convencionado.<br \/>\n\n\n\n\n<h2 class=\"wp-block-heading\">O que \u00e9 receber benef\u00edcios pactuados no Bolsa Fam\u00edlia?<\/h2>\n\n\n<p class=\"wp-block-paragraph\"><\/p>O que \u00e9? \u00c9 um valor complementado na parcela mensal do Aux\u00edlio Brasil, pago no limite de um benef\u00edcio por fam\u00edlia e concedido de forma autom\u00e1tica, apenas para fam\u00edlias que tiveram perdas financeiras na transi\u00e7\u00e3o entre o antigo programa de transfer\u00eancia de renda para o Aux\u00edlio Brasil.<br \/>\n\n\n\n\n<h2 class=\"wp-block-heading\">O que significa ser pactuado?<\/h2>\n\n\n<p class=\"wp-block-paragraph\"><\/p>\n\n<ul class=\"wp-block-list\">\n<li>Dicion\u00e1rio Brasileiro da L\u00edngua Portuguesa<\/li>\n<li> 2 Que foi objeto de pacto, de combina\u00e7\u00e3o, de contrato; acertado.<\/li>\n<\/ul>\n\n\n\n\n<h2 class=\"wp-block-heading\">O que \u00e9 pactuado?<\/h2>\n\n\n<p class=\"wp-block-paragraph\"><\/p>Combinar; contratar; ajustar. 2. Fazer pacto. Origem: pacto + -uar.<br \/>\n\n\n\n\n<h2 class=\"wp-block-heading\">O que significa pactuar algo?<\/h2>\n\n\n<p class=\"wp-block-paragraph\"><\/p>Estipular ou ajustar as condi\u00e7\u00f5es para se concluir um contrato ou qualquer outro neg\u00f3cio jur\u00eddico.<br \/>\n\n\n\n\n<h2 class=\"wp-block-heading\">Porque meu Bolsa Fam\u00edlia diminuiu a metade?<\/h2>\n\nMuitos est\u00e3o relatando redu\u00e7\u00e3o no valor do Bolsa Fam\u00edlia esse m\u00eas de mar\u00e7o com cortes chegando a cinquenta por cento isso acontece na maioria dos casos por conta da regra de prote\u00e7\u00e3o que reduz o benef\u00edcio quando h\u00e1 mudan\u00e7a na renda familiar no cadastro \u00fanico veja o que fazer verifique sua renda per capita no aplicativo &#8230;<br \/>\n\n\n\n\n<h2 class=\"wp-block-heading\">Porque o Bolsa Fam\u00edlia diminuiu pela metade?<\/h2>\n\n\n<p class=\"wp-block-paragraph\"><\/p>Redu\u00e7\u00e3o no valor do Bolsa Fam\u00edlia pode ocorrer devido \u00e0 Regra de Prote\u00e7\u00e3o, integra\u00e7\u00e3o do Cadastro \u00danico com o CNIS e atualiza\u00e7\u00e3o autom\u00e1tica de renda, podendo levar ao cancelamento do benef\u00edcio.<br \/>\n\n\n\n\n<h2 class=\"wp-block-heading\">Por que o valor do meu Bolsa Fam\u00edlia baixou?<\/h2>\n\n\n<p class=\"wp-block-paragraph\"><\/p>As altera\u00e7\u00f5es dizem respeito principalmente ao limite de renda per capita e ao per\u00edodo m\u00e1ximo em que o Bolsa Fam\u00edlia ainda \u00e9 pago ap\u00f3s a fam\u00edlia atingir o teto e deixar de ser eleg\u00edvel para o programa do governo federal.<br \/>\n\n\n\n\n<h2 class=\"wp-block-heading\">Porque estou recebendo s\u00f3 metade do Bolsa Fam\u00edlia?<\/h2>\n\n\n<p class=\"wp-block-paragraph\"><\/p>Se sua renda aumentou acima da linha de entrada no programa (R$ 218), mas n\u00e3o ultrapassou meio sal\u00e1rio m\u00ednimo por pessoa (R$ 759), voc\u00ea passa a receber metade do valor do benef\u00edcio (50%).<br \/>\n\n\n\n\n<h2 class=\"wp-block-heading\">O que fazer quando meu Bolsa Fam\u00edlia diminuiu?<\/h2>\n\n\n<p class=\"wp-block-paragraph\"><\/p>Atualize seu cadastro no CRASS e recupere seu valor!<br \/>\n\n\n\n\n<h2 class=\"wp-block-heading\">O que fazer quando o Bolsa Fam\u00edlia vem pela metade?<\/h2>\n\n\n<p class=\"wp-block-paragraph\"><\/p>O MDS ressalta que caso a renda da fam\u00edlia volte a diminuir ap\u00f3s esses dois anos ela deve procurar um CRAS, atualizar as informa\u00e7\u00f5es de renda e solicitar a volta ao Bolsa Fam\u00edlia. Com o chamado retorno garantido, a fam\u00edlia ter\u00e1 prioridade na concess\u00e3o do benef\u00edcio ao retornar ao programa.<br \/>\n\n\n\n\n<h2 class=\"wp-block-heading\">Porque meu Bolsa Fam\u00edlia foi reduzido?<\/h2>\n\n\n<p class=\"wp-block-paragraph\"><\/p>Se o valor do seu Bolsa Fam\u00edlia diminuiu, \u00e9 prov\u00e1vel que sua renda familiar tenha ultrapassado o limite de R$ 218,00 por pessoa. Com a nova Regra de Prote\u00e7\u00e3o, fam\u00edlias cuja renda per capita fica entre R$ 218,00 e R$ 660,00 continuam a receber o benef\u00edcio, mas com uma redu\u00e7\u00e3o de 50%.<br \/>\n\n\n\n\n<h2 class=\"wp-block-heading\">Qual o valor do Bolsa Fam\u00edlia para quem tem 1 filho em 2025?<\/h2>\n\n\n<p class=\"wp-block-paragraph\">R$ 600<\/p>Qual o valor do Bolsa Fam\u00edlia para quem tem 1 filho? O valor do Bolsa Fam\u00edlia 2025 \u00e9 de, no m\u00ednimo, de R$ 600 por fam\u00edlia. Al\u00e9m do valor base, \u00e9 dado um adicional de R$ 150 por crian\u00e7a de at\u00e9 6 anos e R$ 50 por cada pessoa entre 7 e 17 anos, gestante ou lactante.<br \/>\n\n\n\n\n<h2 class=\"wp-block-heading\">Quanto vai ser o valor do Bolsa Fam\u00edlia em 2025?<\/h2>\n\n\n<p class=\"wp-block-paragraph\"><\/p>O cronograma de pagamento do Bolsa Fam\u00edlia em junho de 2025 tem in\u00edcio nesta segunda-feira, dia 16. O programa de transfer\u00eancia de renda do Governo Federal contempla 20,49 milh\u00f5es de fam\u00edlias no m\u00eas. O valor m\u00e9dio de repasse no pa\u00eds \u00e9 de R$ 666, a partir de um investimento de R$ 13,64 bilh\u00f5es.<br \/>\n\n\n\n\n<h2 class=\"wp-block-heading\">Quem tem direito a receber R$ 900 do Bolsa Fam\u00edlia?<\/h2>\n\n\n<p class=\"wp-block-paragraph\"><\/p>O Programa Bolsa Fam\u00edlia, do Minist\u00e9rio do Desenvolvimento Social (MDS), que atende todos os meses pouco mais de 20 milh\u00f5es de fam\u00edlias em situa\u00e7\u00e3o de vulnerabilidade social, pode pagar at\u00e9 R$ 900 neste m\u00eas de junho de 2025.<br \/>\n\n\n\n\n<h2 class=\"wp-block-heading\">Qual \u00e9 a tabela de pagamento do Bolsa Fam\u00edlia para 2025?<\/h2>\n\n\n<p class=\"wp-block-paragraph\"><\/p>\n\n<ul class=\"wp-block-list\">\n<li>Janeiro: de 20 a 31.<\/li>\n<li>Fevereiro: de 17 a 28.<\/li>\n<li>Mar\u00e7o: de 18 a 31.<\/li>\n<li>Abril: de 15 a 30.<\/li>\n<li>Maio: de 19 a 30.<\/li>\n<li>Junho: de 16 a 30.<\/li>\n<li>Julho: de 18 a 31.<\/li>\n<li>Agosto: de 18 a 29.<\/li>\n<\/ul>\n\n\n\n\n<h2 class=\"wp-block-heading\">Como ser\u00e1 a atualiza\u00e7\u00e3o do Bolsa Fam\u00edlia em 2025?<\/h2>\n\n\n<p class=\"wp-block-paragraph\"><\/p>A partir de junho de 2025, a Regra de Prote\u00e7\u00e3o ser\u00e1 ajustada para aumentar a efici\u00eancia do Programa, direcionando recursos \u00e0s fam\u00edlias em situa\u00e7\u00e3o de pobreza, sem gerar desprote\u00e7\u00e3o social \u00e0s fam\u00edlias em situa\u00e7\u00e3o de vulnerabilidade.<br \/>\n\n\n\n\n<h2 class=\"wp-block-heading\">Vai ter d\u00e9cimo terceiro pro Bolsa Fam\u00edlia 2025?<\/h2>\n\n\n<p class=\"wp-block-paragraph\"><\/p>\n\n<ul class=\"wp-block-list\">\n<li>Mitos e verdades sobre o d\u00e9cimo terceiro do Bolsa Fam\u00edlia<\/li>\n<li> Assim, n\u00e3o houve pagamento de 13\u00ba em 2020, 2021, 2022, 2023, 2024 e 2025. Mesmo assim, algumas not\u00edcias falsas continuam circulando, afirmando que o governo retomaria o pagamento, mas isso n\u00e3o \u00e9 verdade.<\/li>\n<\/ul>\n\n\n","protected":false},"excerpt":{"rendered":"<p>\u00c9 um valor complementado na parcela mensal do Aux\u00edlio Brasil, pago no limite de um benef\u00edcio por fam\u00edlia e concedido de forma autom\u00e1tica, apenas para fam\u00edlias que tiveram perdas financeiras na transi\u00e7\u00e3o entre o antigo programa de transfer\u00eancia de renda para o Aux\u00edlio Brasil. O que \u00e9 o benef\u00edcio pactuado do Bolsa Fam\u00edlia? O mais [&hellip;]<\/p>\n","protected":false},"author":2,"featured_media":0,"comment_status":"open","ping_status":"closed","sticky":false,"template":"","format":"standard","meta":{"footnotes":""},"categories":[1],"tags":[],"class_list":["post-5810","post","type-post","status-publish","format-standard","hentry","category-conteudo"],"_links":{"self":[{"href":"https:\/\/ammabarbacena.com.br\/perguntas-frequentes\/wp-json\/wp\/v2\/posts\/5810","targetHints":{"allow":["GET"]}}],"collection":[{"href":"https:\/\/ammabarbacena.com.br\/perguntas-frequentes\/wp-json\/wp\/v2\/posts"}],"about":[{"href":"https:\/\/ammabarbacena.com.br\/perguntas-frequentes\/wp-json\/wp\/v2\/types\/post"}],"author":[{"embeddable":true,"href":"https:\/\/ammabarbacena.com.br\/perguntas-frequentes\/wp-json\/wp\/v2\/users\/2"}],"replies":[{"embeddable":true,"href":"https:\/\/ammabarbacena.com.br\/perguntas-frequentes\/wp-json\/wp\/v2\/comments?post=5810"}],"version-history":[{"count":1,"href":"https:\/\/ammabarbacena.com.br\/perguntas-frequentes\/wp-json\/wp\/v2\/posts\/5810\/revisions"}],"predecessor-version":[{"id":5811,"href":"https:\/\/ammabarbacena.com.br\/perguntas-frequentes\/wp-json\/wp\/v2\/posts\/5810\/revisions\/5811"}],"wp:attachment":[{"href":"https:\/\/ammabarbacena.com.br\/perguntas-frequentes\/wp-json\/wp\/v2\/media?parent=5810"}],"wp:term":[{"taxonomy":"category","embeddable":true,"href":"https:\/\/ammabarbacena.com.br\/perguntas-frequentes\/wp-json\/wp\/v2\/categories?post=5810"},{"taxonomy":"post_tag","embeddable":true,"href":"https:\/\/ammabarbacena.com.br\/perguntas-frequentes\/wp-json\/wp\/v2\/tags?post=5810"}],"curies":[{"name":"wp","href":"https:\/\/api.w.org\/{rel}","templated":true}]}}