{"id":5800,"date":"2025-07-18T20:52:30","date_gmt":"2025-07-18T20:52:30","guid":{"rendered":"http:\/\/a693ab12-bffd-4cb7-a218-3df96c49174d"},"modified":"2025-07-18T20:52:30","modified_gmt":"2025-07-18T20:52:30","slug":"o-que-e-utero-gravidico","status":"publish","type":"post","link":"https:\/\/ammabarbacena.com.br\/perguntas-frequentes\/o-que-e-utero-gravidico\/","title":{"rendered":"O que \u00e9 \u00fatero grav\u00eddico"},"content":{"rendered":"\n\n<h2 class=\"wp-block-heading\">O que significa \u00fatero grav\u00edtico?<\/h2>\n\nDefini\u00e7\u00e3o de \u00fatero gr\u00e1vido encarcerado e coleta de dados. \u00datero grav\u00eddico encarcerado foi definido como um \u00fatero retrovertido ou retroflexo ap\u00f3s 16 semanas de gesta\u00e7\u00e3o.<br \/>\n\n\n\n\n<h2 class=\"wp-block-heading\">O que \u00e9 estado grav\u00eddico?<\/h2>\n\n\n<p class=\"wp-block-paragraph\"><\/p>Relativo a gravidez (ex.: estado grav\u00eddico, hiper\u00e9mese grav\u00eddica). Origem: gr\u00e1vido + -ico.<br \/>\n\n\n\n\n<h2 class=\"wp-block-heading\">O que significa \u00fatero aumentado de volume grav\u00eddico?<\/h2>\n\nUm \u00fatero volumoso \u00e9 considerado o termo geral para um \u00fatero com formato aumentado. O \u00fatero fica volumoso porque cresce durante a gravidez. Em algumas condi\u00e7\u00f5es n\u00e3o gestacionais, o \u00fatero cresce devido \u00e0 musculatura, \u00e0s gl\u00e2ndulas endometriais e at\u00e9 mesmo ao tecido conjuntivo.<br \/>\n\n\n\n\n<h2 class=\"wp-block-heading\">Qual o risco do \u00fatero aumentado?<\/h2>\n\n\n<p class=\"wp-block-paragraph\"><\/p>Aqueles que apresentam \u00fatero aumentado tamb\u00e9m podem notar o seguinte: Ganho de peso inexplic\u00e1vel. Incha\u00e7o e constipa\u00e7\u00e3o. Anomalias do ciclo menstrual.<br \/>\n\n\n\n\n<h2 class=\"wp-block-heading\">Quando o volume do \u00fatero \u00e9 preocupante?<\/h2>\n\n\n<p class=\"wp-block-paragraph\"><\/p>Ainda assim, miomas muito grandes, quando o volume uterino est\u00e1 maior que 500cc (o que corresponderia a 500 gramas, quando o normal \u00e9 medir at\u00e9 140cc, ou seja, 140 gramas) ou pacientes que t\u00eam uma manifesta\u00e7\u00e3o muito extensa, como por exemplo, anemia devido ao sangramento intenso, podem causar preocupa\u00e7\u00e3o justamente &#8230;<br \/>\n\n\n\n\n<h2 class=\"wp-block-heading\">O que causa aumento no volume do \u00fatero?<\/h2>\n\n\n<p class=\"wp-block-paragraph\"><\/p>Se houver presen\u00e7a de tecido endometrial de forma difusa pelo miom\u00e9trio, o \u00fatero pode aumentar de tamanho, chegando a ter o volume semelhante ao de uma gravidez de 11 ou 12 semanas. Dor e uma pequena distens\u00e3o da regi\u00e3o inferior do abd\u00f4men s\u00e3o sintomas poss\u00edveis.<br \/>\n\n\n\n\n<h2 class=\"wp-block-heading\">O \u00fatero crescido \u00e9 perigoso?<\/h2>\n\n\n<p class=\"wp-block-paragraph\"><\/p>Sim, um \u00fatero muito volumoso pode causar falha na implanta\u00e7\u00e3o adequada, sangramento, descolamento da placenta, c\u00f3licas uterinas, tor\u00e7\u00e3o uterina, parto prematuro e complica\u00e7\u00f5es durante o parto.<br \/>\n\n\n\n\n<h2 class=\"wp-block-heading\">Qual o tratamento para quem tem \u00fatero aumentado?<\/h2>\n\n\n<p class=\"wp-block-paragraph\"><\/p>O diagn\u00f3stico \u00e9 por exame ginecol\u00f3gico, que detecta um \u00fatero difusamente aumentado e ultrassonografia transvaginal ou RM. O tratamento consiste em medicamentos hormonais ou histerectomia.<br \/>\n\n\n\n\n<h2 class=\"wp-block-heading\">Quais s\u00e3o os 3 tipos de \u00fatero?<\/h2>\n\n\n<p class=\"wp-block-paragraph\">Tipos de \u00fatero e seus impactos na gravidez<\/p>\n\n<ul class=\"wp-block-list\">\n<li>\u00datero bicorno. Neste caso, o \u00fatero apresenta uma divis\u00e3o vertical, em forma de fenda. &#8230;<\/li>\n<li>\u00datero unicorno. Essa anomalia acontece quando o \u00fatero se desenvolve com uma tuba uterina. &#8230;<\/li>\n<li>\u00datero didelfo ou duplo. &#8230;<\/li>\n<li>\u00datero septado. &#8230;<\/li>\n<li>\u00datero retrovertido.<\/li>\n<\/ul>\n\n\n\n\n<h2 class=\"wp-block-heading\">Qual tipo de \u00fatero n\u00e3o pode engravidar?<\/h2>\n\n\n<p class=\"wp-block-paragraph\"><\/p>\n\n<ul class=\"wp-block-list\">\n<li>\u00datero unicorno<\/li>\n<li> Essa caracter\u00edstica da anatomia do \u00fatero afeta a fertilidade porque a mulher com esse tipo de \u00fatero tem apenas liga\u00e7\u00e3o com uma tuba uterina, mas dois ov\u00e1rios, o que dificulta a gravidez.<\/li>\n<\/ul>\n\n\n\n\n<h2 class=\"wp-block-heading\">Quais tipos de \u00fatero existem?<\/h2>\n\n\n<p class=\"wp-block-paragraph\"><\/p>\n\n<ul class=\"wp-block-list\">\n<li>\u00datero Bicorno: a \u00e1rea superior do \u00fatero \u00e9 dividida em 2 por uma fenda, sem atingir a cavidade uterina. &#8230;<\/li>\n<li>\u00datero Unicorno: o \u00f3rg\u00e3o n\u00e3o se desenvolveu por completo e apresenta-se com metade do seu tamanho e uma tuba uterina, o que pode reduzir o potencial reprodutivo da mulher.<\/li>\n<\/ul>\n\n\n\n\n<h2 class=\"wp-block-heading\">Quantos tipos de \u00fatero existem?<\/h2>\n\n\n<p class=\"wp-block-paragraph\"><\/p>Pode parecer estranho, mas algumas pessoas nascem com dois \u00fateros. Esse \u00f3rg\u00e3o \u201cadicional\u201d, na verdade, \u00e9 consequ\u00eancia de uma m\u00e1-forma\u00e7\u00e3o das estruturas do sistema reprodutivo feminino. Quando d\u00e3o origem a duas cavidades uterinas, tem -se o \u00fatero didelfo.<br \/>\n\n\n\n\n<h2 class=\"wp-block-heading\">O que \u00e9 um \u00fatero arqueado ou bicorno?<\/h2>\n\n\n<p class=\"wp-block-paragraph\"><\/p>O \u00fatero bicorno \u00e9 uma altera\u00e7\u00e3o morfol\u00f3gica que afeta de 5 a 6% das mulheres do mundo. \u00c9 caracterizado como uma condi\u00e7\u00e3o cong\u00eanita, ou seja, que est\u00e1 presente desde o nascimento, e que ocorre devido a um defeito durante a embriog\u00eanese da mulher, em que h\u00e1 uma fus\u00e3o incompleta dos ductos de M\u00fcller no fundo uterino.<br \/>\n\n\n\n\n<h2 class=\"wp-block-heading\">O que o \u00fatero bicorno pode causar?<\/h2>\n\n\n<p class=\"wp-block-paragraph\"><\/p>\u00datero bicorno pode ocasionar nascimento prematuro de beb\u00ea A Maternidade Nossa Senhora de Lourdes (MNSL), refer\u00eancia em atendimentos de alta complexidade, recebe o maior n\u00famero de prematuros do Estado, e a causa dessa prematuridade pode estar relacionada a diversos fatores.<br \/>\n\n\n\n\n<h2 class=\"wp-block-heading\">O que significa endom\u00e9trio grav\u00eddico?<\/h2>\n\nEste \u00e9 um tecido epitelial extremamente importante para que uma gravidez aconte\u00e7a, pois o embri\u00e3o precisa se fixar nele para iniciar seu desenvolvimento.<br \/>\n\n\n\n\n<h2 class=\"wp-block-heading\">O que \u00e9 endom\u00e9trio grav\u00eddico?<\/h2>\n\n\n<p class=\"wp-block-paragraph\"><\/p>Endom\u00e9trio \u00e9 o tecido que reveste internamente o \u00fatero. Ele \u00e9 fundamental para o in\u00edcio de uma gravidez, pois \u00e9 justamente no endom\u00e9trio que ocorre a implanta\u00e7\u00e3o do embri\u00e3o.<br \/>\n\n\n\n\n<h2 class=\"wp-block-heading\">O que significa \u00fatero grav\u00eddico na gravidez?<\/h2>\n\n\n<p class=\"wp-block-paragraph\"><\/p>Discuss\u00e3o e conclus\u00f5es. Encarceramento do \u00fatero grav\u00eddico refere-se ao aprisionamento do \u00fatero na cavidade p\u00e9lvica atr\u00e1s do promont\u00f3rio sacral.<br \/>\n\n\n\n\n<h2 class=\"wp-block-heading\">Quando o endom\u00e9trio \u00e9 normal?<\/h2>\n\n\n<p class=\"wp-block-paragraph\"><\/p>\n\n<ul class=\"wp-block-list\">\n<li>O que \u00e9 espessamento endometrial<\/li>\n<li> Espessamento endometrial \u00e9 quando a camada interna do \u00fatero, chamada endom\u00e9trio, encontra-se maior (mais espessa) do que o esperado. Esta medida \u00e9 realizada por meio do ultrassom, sendo que a espessura endometrial normal nas mulheres na menopausa \u00e9 de at\u00e9 4 mm.<\/li>\n<\/ul>\n\n\n\n\n<h2 class=\"wp-block-heading\">Qual o tamanho ideal do endom\u00e9trio para gravidez?<\/h2>\n\n\n<p class=\"wp-block-paragraph\"><\/p>No entanto, muitos m\u00e9dicos defendem que t\u00e3o importante quanto \u00e0 espessura do endom\u00e9trio \u00e9 a sua receptividade, j\u00e1 que muitas mulheres conseguem engravidar com endom\u00e9trio de 4 mm e por isso nem sempre o uso de medicamentos \u00e9 necess\u00e1rio.<br \/>\n\n\n\n\n<h2 class=\"wp-block-heading\">Quanto mede um saco gestacional de 7 semanas?<\/h2>\n\n\n<p class=\"wp-block-paragraph\"><\/p>A ecografia da 7\u00aa semana mostra um saco gestacional de cerca de 3 cent\u00edmetros, com um embri\u00e3o de 1 cm no seu interior mas sem forma ainda determinada.<br \/>\n\n\n\n\n<h2 class=\"wp-block-heading\">O que significa \u00fatero grav\u00eddico?<\/h2>\n\n&#8220;Gr\u00e1vido&#8221; significa simplesmente &#8220;gr\u00e1vida&#8221; na terminologia m\u00e9dica. \u00c0 medida que a gravidez avan\u00e7a, o \u00fatero grav\u00eddico auxilia o feto a crescer, promovendo o desenvolvimento da placenta, que fornece oxig\u00eanio e nutrientes.<br \/>\n\n\n\n\n<h2 class=\"wp-block-heading\">O que significa estado grav\u00eddico?<\/h2>\n\n\n<p class=\"wp-block-paragraph\"><\/p>\n\n<ul class=\"wp-block-list\">\n<li>Significado de Grav\u00eddico<\/li>\n<li> adjetivo Que acontece durante uma gravidez; pr\u00f3prio do per\u00edodo em que uma mulher est\u00e1 gr\u00e1vida : procedimentos grav\u00eddicos; incidentes grav\u00eddicos. Etimologia (origem da palavra grav\u00eddico). Gr\u00e1vido + ico.<\/li>\n<\/ul>\n\n\n\n\n<h2 class=\"wp-block-heading\">O que significa grav\u00eddico em portugu\u00eas?<\/h2>\n\n\n<p class=\"wp-block-paragraph\"><\/p>Relativo a gravidez (ex.: estado grav\u00eddico, hiper\u00e9mese grav\u00eddica). Origem: gr\u00e1vido + -ico.<br \/>\n\n\n\n\n<h2 class=\"wp-block-heading\">O que significa um \u00fatero grav\u00eddico?<\/h2>\n\n\n<p class=\"wp-block-paragraph\"><\/p>Objetivo: \u00datero grav\u00eddico encarcerado \u00e9 uma complica\u00e7\u00e3o obst\u00e9trica rara que leva a resultados adversos, especialmente se o \u00fatero permanecer encarcerado e a condi\u00e7\u00e3o n\u00e3o for diagnosticada at\u00e9 o parto.<br \/>\n\n\n\n\n<h2 class=\"wp-block-heading\">O que \u00e9 per\u00edodo grav\u00eddico?<\/h2>\n\n\n<p class=\"wp-block-paragraph\"><\/p>Para tanto, \u201co ciclo grav\u00eddico puerperal \u00e9 um per\u00edodo que envolve transforma\u00e7\u00f5es profundas para a mulher nos aspectos f\u00edsicos, ps\u00edquicos e sociais, podendo, no seu transcurso, aparecer importantes altera\u00e7\u00f5es na sua personalidade\u201d (SOUSA, 2001, p. 1).<br \/>\n\n\n\n\n<h2 class=\"wp-block-heading\">Qual lado fica o saco gestacional?<\/h2>\n\nSaco gestacional \u00e9 uma membrana, localizada na parte central do \u00fatero, que tem a fun\u00e7\u00e3o principal de proteger e ajudar no desenvolvimento do beb\u00ea, especialmente durante os 3 primeiros meses da gesta\u00e7\u00e3o.<br \/>\n\n\n\n\n<h2 class=\"wp-block-heading\">Qual feto fica do lado esquerdo?<\/h2>\n\n\n<p class=\"wp-block-paragraph\"><\/p>Se a placenta se desenvolve no lado direito do \u00fatero, o beb\u00ea ser\u00e1 um menino. Agora, se a placenta est\u00e1 do lado esquerdo, ser\u00e1 menina.<br \/>\n\n\n\n\n<h2 class=\"wp-block-heading\">Como saber se \u00e9 um saco gestacional?<\/h2>\n\n\n<p class=\"wp-block-paragraph\"><\/p>O saco gestacional \u00e9 uma estrutura que se forma logo nas primeiras semanas do primeiro trimestre. A visualiza\u00e7\u00e3o dele em uma ultrassonografia \u00e9 um dos principais sinais que ajudam a confirmar que uma mulher est\u00e1 gr\u00e1vida.<br \/>\n\n\n","protected":false},"excerpt":{"rendered":"<p>O que significa \u00fatero grav\u00edtico? Defini\u00e7\u00e3o de \u00fatero gr\u00e1vido encarcerado e coleta de dados. \u00datero grav\u00eddico encarcerado foi definido como um \u00fatero retrovertido ou retroflexo ap\u00f3s 16 semanas de gesta\u00e7\u00e3o. O que \u00e9 estado grav\u00eddico? Relativo a gravidez (ex.: estado grav\u00eddico, hiper\u00e9mese grav\u00eddica). Origem: gr\u00e1vido + -ico. O que significa \u00fatero aumentado de volume grav\u00eddico? [&hellip;]<\/p>\n","protected":false},"author":2,"featured_media":0,"comment_status":"open","ping_status":"closed","sticky":false,"template":"","format":"standard","meta":{"footnotes":""},"categories":[1],"tags":[],"class_list":["post-5800","post","type-post","status-publish","format-standard","hentry","category-conteudo"],"_links":{"self":[{"href":"https:\/\/ammabarbacena.com.br\/perguntas-frequentes\/wp-json\/wp\/v2\/posts\/5800","targetHints":{"allow":["GET"]}}],"collection":[{"href":"https:\/\/ammabarbacena.com.br\/perguntas-frequentes\/wp-json\/wp\/v2\/posts"}],"about":[{"href":"https:\/\/ammabarbacena.com.br\/perguntas-frequentes\/wp-json\/wp\/v2\/types\/post"}],"author":[{"embeddable":true,"href":"https:\/\/ammabarbacena.com.br\/perguntas-frequentes\/wp-json\/wp\/v2\/users\/2"}],"replies":[{"embeddable":true,"href":"https:\/\/ammabarbacena.com.br\/perguntas-frequentes\/wp-json\/wp\/v2\/comments?post=5800"}],"version-history":[{"count":1,"href":"https:\/\/ammabarbacena.com.br\/perguntas-frequentes\/wp-json\/wp\/v2\/posts\/5800\/revisions"}],"predecessor-version":[{"id":5801,"href":"https:\/\/ammabarbacena.com.br\/perguntas-frequentes\/wp-json\/wp\/v2\/posts\/5800\/revisions\/5801"}],"wp:attachment":[{"href":"https:\/\/ammabarbacena.com.br\/perguntas-frequentes\/wp-json\/wp\/v2\/media?parent=5800"}],"wp:term":[{"taxonomy":"category","embeddable":true,"href":"https:\/\/ammabarbacena.com.br\/perguntas-frequentes\/wp-json\/wp\/v2\/categories?post=5800"},{"taxonomy":"post_tag","embeddable":true,"href":"https:\/\/ammabarbacena.com.br\/perguntas-frequentes\/wp-json\/wp\/v2\/tags?post=5800"}],"curies":[{"name":"wp","href":"https:\/\/api.w.org\/{rel}","templated":true}]}}