{"id":5796,"date":"2025-07-18T20:50:38","date_gmt":"2025-07-18T20:50:38","guid":{"rendered":"http:\/\/e7b8a4ea-68a9-45f5-9241-c444a098b528"},"modified":"2025-07-18T20:50:38","modified_gmt":"2025-07-18T20:50:38","slug":"o-que-e-perempcao","status":"publish","type":"post","link":"https:\/\/ammabarbacena.com.br\/perguntas-frequentes\/o-que-e-perempcao\/","title":{"rendered":"O que \u00e9 peremp\u00e7\u00e3o"},"content":{"rendered":"\n\n<h2 class=\"wp-block-heading\">O que se entende por peremp\u00e7\u00e3o?<\/h2>\n\n\u00c9 a perda do direito de a\u00e7\u00e3o, que acarreta na extin\u00e7\u00e3o da punibilidade, provocada pela in\u00e9rcia processual do querelante. A peremp\u00e7\u00e3o n\u00e3o \u00e9 aplic\u00e1vel na a\u00e7\u00e3o penal privada subsidi\u00e1ria da p\u00fablica, uma vez que nessa hip\u00f3tese o Minist\u00e9rio P\u00fablico dar\u00e1 andamento \u00e0 a\u00e7\u00e3o na hip\u00f3tese de omiss\u00e3o ou des\u00eddia do querelante.<br \/>\n\n\n\n\n<h2 class=\"wp-block-heading\">O que \u00e9 o caso de peremp\u00e7\u00e3o?<\/h2>\n\n\n<p class=\"wp-block-paragraph\"><\/p>60 prev\u00ea a ocorr\u00eancia de peremp\u00e7\u00e3o quando o querelante: a) deixar de comparecer, sem motivo justificado, a qualquer ato do processo; e b) nas alega\u00e7\u00f5es finais, deixar de formular pedido de condena\u00e7\u00e3o. A presen\u00e7a do querelante deve ser necess\u00e1ria para a pr\u00e1tica do ato processual.<br \/>\n\n\n\n\n<h2 class=\"wp-block-heading\">O que \u00e9 peremp\u00e7\u00e3o em um contrato?<\/h2>\n\n\n<p class=\"wp-block-paragraph\"><\/p>A peremp\u00e7\u00e3o \u00e9 a perda do direito de a\u00e7\u00e3o por parte do credor hipotec\u00e1rio devido \u00e0 inatividade processual, o que implica na impossibilidade de reaver o cr\u00e9dito garantido pela hipoteca.<br \/>\n\n\n\n\n<h2 class=\"wp-block-heading\">O que \u00e9 peremp\u00e7\u00e3o no CPC?<\/h2>\n\n\n\n<h2 class=\"wp-block-heading\">Qual a diferen\u00e7a entre preclus\u00e3o e peremp\u00e7\u00e3o?<\/h2>\n\n\n<p class=\"wp-block-paragraph\"><\/p>A preclus\u00e3o impede a pr\u00e1tica do ato. Na prescri\u00e7\u00e3o perece o direito de a\u00e7\u00e3o podendo o direito material ser postulado por via de outra a\u00e7\u00e3o. Na decad\u00eancia morre o direito material.<br \/>\n\n\n\n\n<h2 class=\"wp-block-heading\">O que diz o artigo 486 do CPC?<\/h2>\n\n\n<p class=\"wp-block-paragraph\"><\/p>486. O pronunciamento judicial que n\u00e3o resolve o m\u00e9rito n\u00e3o obsta a que a parte proponha de novo a a\u00e7\u00e3o. \u00a7 1\u00ba No caso de extin\u00e7\u00e3o em raz\u00e3o de litispend\u00eancia e nos casos dos incisos I, IV, VI e VII do art. 485 , a propositura da nova a\u00e7\u00e3o depende da corre\u00e7\u00e3o do v\u00edcio que levou \u00e0 senten\u00e7a sem resolu\u00e7\u00e3o do m\u00e9rito.<br \/>\n\n\n\n\n<h2 class=\"wp-block-heading\">O que \u00e9 peremp\u00e7\u00e3o CPC?<\/h2>\n\n\n<p class=\"wp-block-paragraph\"><\/p>Isso ocorre quando o autor prop\u00f5e uma a\u00e7\u00e3o judicial, mas n\u00e3o realiza os atos necess\u00e1rios para o seu andamento, levando ao encerramento por abandono.<br \/>\n\n\n\n\n<h2 class=\"wp-block-heading\">Quando cabe perd\u00e3o judicial?<\/h2>\n\n\n<p class=\"wp-block-paragraph\"><\/p>O perd\u00e3o judicial somente deve ser concedido quando ficar demonstrado que o agente guarda estreita rela\u00e7\u00e3o de intimidade ou parentesco com a v\u00edtima e, principalmente, que tenha suportado tamanho sofrimento, a ponto de se revelar desnecess\u00e1ria a aplica\u00e7\u00e3o de san\u00e7\u00e3o penal.\u201d<br \/>\n\n\n\n\n<h2 class=\"wp-block-heading\">O que \u00e9 a peremp\u00e7\u00e3o na CLT?<\/h2>\n\nA CLT trata da peremp\u00e7\u00e3o trabalhista nos artigos 731 e 732. O primeiro trata da reclama\u00e7\u00e3o feita de forma verbal pelo empregado diretamente na serventia. Neste caso, o reclamante precisa retornar no prazo de 5 dias para assinar a vers\u00e3o escrita de sua reclama\u00e7\u00e3o.<br \/>\n\n\n\n\n<h2 class=\"wp-block-heading\">O que significa peremp\u00e7\u00e3o no processo trabalhista?<\/h2>\n\n\n<p class=\"wp-block-paragraph\"><\/p>Peremp\u00e7\u00e3o \u00e9 uma penalidade processual aplicada ao autor de uma a\u00e7\u00e3o judicial que, por des\u00eddia ou abandono, causa a extin\u00e7\u00e3o do processo por tr\u00eas vezes consecutivas. Quando isso ocorre, o autor perde o direito de propor novamente a mesma demanda contra o r\u00e9u.<br \/>\n\n\n\n\n<h2 class=\"wp-block-heading\">Quais s\u00e3o os casos de peremp\u00e7\u00e3o?<\/h2>\n\n\n<p class=\"wp-block-paragraph\"><\/p>60 prev\u00ea a ocorr\u00eancia de peremp\u00e7\u00e3o quando o querelante: a) deixar de comparecer, sem motivo justificado, a qualquer ato do processo; e b) nas alega\u00e7\u00f5es finais, deixar de formular pedido de condena\u00e7\u00e3o. A presen\u00e7a do querelante deve ser necess\u00e1ria para a pr\u00e1tica do ato processual.<br \/>\n\n\n\n\n<h2 class=\"wp-block-heading\">O que diz o artigo 840 da CLT?<\/h2>\n\n\n<p class=\"wp-block-paragraph\"><\/p>840 , da CLT torna-se norma espec\u00edfica que disciplina os requisitos da peti\u00e7\u00e3o inicial no processo do trabalho. Portanto, al\u00e9m de estipular que os pedidos devem ser certos e determinados, inaugura-se a obrigatoriedade de que cada um contenha a indica\u00e7\u00e3o de seu valor. 4.<br \/>\n\n\n\n\n<h2 class=\"wp-block-heading\">Qual a diferen\u00e7a entre prescri\u00e7\u00e3o e peremp\u00e7\u00e3o?<\/h2>\n\nPrescri\u00e7\u00e3o : \u00e9 a perda da pretens\u00e3o punitiva ou execut\u00f3ria em face do decurso do tempo. Decad\u00eancia: \u00e9 a perda do direito de a\u00e7\u00e3o em face do decurso do tempo. Peremp\u00e7\u00e3o : \u00e9 san\u00e7\u00e3o processual ao querelante inerte ou negligente. A decad\u00eancia, a prescri\u00e7\u00e3o e a peremp\u00e7\u00e3o extinguem a punibilidade &#8211; Art.<br \/>\n\n\n\n\n<h2 class=\"wp-block-heading\">O que significa a prescri\u00e7\u00e3o?<\/h2>\n\n\n<p class=\"wp-block-paragraph\"><\/p>A prescri\u00e7\u00e3o \u00e9 uma forma de extin\u00e7\u00e3o de direitos (e dos correspondentes deveres) em consequ\u00eancia do seu n\u00e3o exerc\u00edcio durante um determinado per\u00edodo de tempo. Encontra-se referida no n.\u00ba 1 do artigo 298.\u00ba e regulada, enquanto instituto geral, nos artigos 300.\u00ba a 327.\u00ba do C\u00f3digo Civil.<br \/>\n\n\n\n\n<h2 class=\"wp-block-heading\">Qual a diferen\u00e7a entre prescri\u00e7\u00e3o e preclus\u00e3o?<\/h2>\n\n\n<p class=\"wp-block-paragraph\"><\/p>A preclus\u00e3o se verifica dentro da rela\u00e7\u00e3o processual exclusivamente. \u00c9 a perda de uma faculdade processual, enquanto a prescri\u00e7\u00e3o \u00e9 de direito substancial. CAIO M\u00c1RIO define preclus\u00e3o como a perda, extin\u00e7\u00e3o, consuma\u00e7\u00e3o de uma faculdade processual.<br \/>\n\n\n\n\n<h2 class=\"wp-block-heading\">Quais s\u00e3o os tr\u00eas tipos de prescri\u00e7\u00e3o?<\/h2>\n\n\n<p class=\"wp-block-paragraph\"><\/p>c) prescri\u00e7\u00e3o intercorrente; d) prescri\u00e7\u00e3o retroativa; e) prescri\u00e7\u00e3o antecipada ou virtual. Nesse tipo de prescri\u00e7\u00e3o, o decurso do tempo faz com que o Estado perca o jus puniendi (direito de punir), consubstanciado no direito de invocar o Poder Judici\u00e1rio para aplicar a san\u00e7\u00e3o ao autor do crime pelo fato cometido.<br \/>\n\n\n\n\n<h2 class=\"wp-block-heading\">Quais s\u00e3o os tipos de preclus\u00e3o?<\/h2>\n\n\n<p class=\"wp-block-paragraph\"><\/p>Tipos de preclus\u00e3o: temporal, l\u00f3gica e consumativa.<br \/>\n\n\n\n\n<h2 class=\"wp-block-heading\">Qual \u00e9 o sin\u00f4nimo de peremp\u00e7\u00e3o?<\/h2>\n\n1 sin\u00f4nimo da palavra peremp\u00e7\u00e3o: Principais sin\u00f4nimos de peremp\u00e7\u00e3o: 1 prescri\u00e7\u00e3o.<br \/>\n\n\n\n\n<h2 class=\"wp-block-heading\">Qual o sin\u00f4nimo de perempt\u00f3ria?<\/h2>\n\n\n<p class=\"wp-block-paragraph\"><\/p>1 positiva, real, terminante, pr\u00e1tica, firme, objetiva, concreta, determinada, efetiva, categ\u00f3rica, decisiva, definitiva, resoluta, taxativa, precisa, evidente, concludente, final, clara, contundente, direta, expl\u00edcita, imperativa, inequ\u00edvoca, esclarecedora, conclusiva, rotunda.<br \/>\n\n\n\n\n<h2 class=\"wp-block-heading\">O que \u00e9 pretenso sin\u00f4nimo?<\/h2>\n\n\n<p class=\"wp-block-paragraph\"><\/p>2 aspira\u00e7\u00e3o, ambi\u00e7\u00e3o, desejo, vontade, anseio, inten\u00e7\u00e3o, busca. Solicita\u00e7\u00e3o: 3 solicita\u00e7\u00e3o, exig\u00eancia, pedido, reivindica\u00e7\u00e3o, reclama\u00e7\u00e3o, requerimento, peti\u00e7\u00e3o, demanda, reclamo.<br \/>\n\n\n\n\n<h2 class=\"wp-block-heading\">\u00c9 de praxe sin\u00f3nimo?<\/h2>\n\n\n<p class=\"wp-block-paragraph\"><\/p>Aquilo que se faz por h\u00e1bito e rotina: 1 costume, h\u00e1bito, rotina, pr\u00e1tica, tradi\u00e7\u00e3o, uso, moda, v\u00edcio, usan\u00e7a, senda, pr\u00e1xis, estilo, atividade.<br \/>\n\n\n\n\n<h2 class=\"wp-block-heading\">Qual \u00e9 o prazo de peremp\u00e7\u00e3o da hipoteca?<\/h2>\n\n\n\n<h2 class=\"wp-block-heading\">Qual o prazo m\u00e1ximo da hipoteca?<\/h2>\n\n\n<p class=\"wp-block-paragraph\"><\/p>Segundo o art. 1.485 do C\u00f3digo Civil, a hipoteca convencional tem validade de 30 anos. As partes podem convencionar o prazo que convier e este prazo poder\u00e1 ser prorrogado, desde que n\u00e3o ultrapasse esse limite.<br \/>\n\n\n\n\n<h2 class=\"wp-block-heading\">Qual \u00e9 o prazo decadencial para a hipoteca?<\/h2>\n\n\n<p class=\"wp-block-paragraph\"><\/p>De acordo com o C\u00f3digo Civil, a hipoteca convencional est\u00e1 sujeita ao prazo m\u00e1ximo decadencial de trinta anos, a contar da data da institui\u00e7\u00e3o por neg\u00f3cio jur\u00eddico (art. 1.485). Trata-se do prazo de peremp\u00e7\u00e3o ou preclus\u00e3o estabelecido pelo art.<br \/>\n\n\n\n\n<h2 class=\"wp-block-heading\">O que \u00e9 prazo de peremp\u00e7\u00e3o?<\/h2>\n\n\n<p class=\"wp-block-paragraph\"><\/p>O prazo perempt\u00f3rio \u00e9 um prazo legalmente determinado que n\u00e3o pode ser prorrogado nem suspenso. Ou seja, \u00e9 um prazo definitivo e irretrat\u00e1vel, no qual a parte deve cumprir determinada obriga\u00e7\u00e3o ou exercer um direito dentro desse per\u00edodo.<br \/>\n\n\n\n\n<h2 class=\"wp-block-heading\">Como posso cancelar uma hipoteca com mais de 30 anos?<\/h2>\n\n\n<p class=\"wp-block-paragraph\"><\/p>Isso significa que, passados 30 anos sem que o credor tenha tomado qualquer provid\u00eancia para executar a hipoteca, esse direito se extingue. Trata-se de uma prescri\u00e7\u00e3o extintiva, mas em alguns casos pode ser considerada uma decad\u00eancia, especialmente quando n\u00e3o houver previs\u00e3o espec\u00edfica para renova\u00e7\u00e3o do prazo.<br \/>\n\n\n","protected":false},"excerpt":{"rendered":"<p>O que se entende por peremp\u00e7\u00e3o? \u00c9 a perda do direito de a\u00e7\u00e3o, que acarreta na extin\u00e7\u00e3o da punibilidade, provocada pela in\u00e9rcia processual do querelante. A peremp\u00e7\u00e3o n\u00e3o \u00e9 aplic\u00e1vel na a\u00e7\u00e3o penal privada subsidi\u00e1ria da p\u00fablica, uma vez que nessa hip\u00f3tese o Minist\u00e9rio P\u00fablico dar\u00e1 andamento \u00e0 a\u00e7\u00e3o na hip\u00f3tese de omiss\u00e3o ou des\u00eddia [&hellip;]<\/p>\n","protected":false},"author":2,"featured_media":0,"comment_status":"open","ping_status":"closed","sticky":false,"template":"","format":"standard","meta":{"footnotes":""},"categories":[1],"tags":[],"class_list":["post-5796","post","type-post","status-publish","format-standard","hentry","category-conteudo"],"_links":{"self":[{"href":"https:\/\/ammabarbacena.com.br\/perguntas-frequentes\/wp-json\/wp\/v2\/posts\/5796","targetHints":{"allow":["GET"]}}],"collection":[{"href":"https:\/\/ammabarbacena.com.br\/perguntas-frequentes\/wp-json\/wp\/v2\/posts"}],"about":[{"href":"https:\/\/ammabarbacena.com.br\/perguntas-frequentes\/wp-json\/wp\/v2\/types\/post"}],"author":[{"embeddable":true,"href":"https:\/\/ammabarbacena.com.br\/perguntas-frequentes\/wp-json\/wp\/v2\/users\/2"}],"replies":[{"embeddable":true,"href":"https:\/\/ammabarbacena.com.br\/perguntas-frequentes\/wp-json\/wp\/v2\/comments?post=5796"}],"version-history":[{"count":1,"href":"https:\/\/ammabarbacena.com.br\/perguntas-frequentes\/wp-json\/wp\/v2\/posts\/5796\/revisions"}],"predecessor-version":[{"id":5797,"href":"https:\/\/ammabarbacena.com.br\/perguntas-frequentes\/wp-json\/wp\/v2\/posts\/5796\/revisions\/5797"}],"wp:attachment":[{"href":"https:\/\/ammabarbacena.com.br\/perguntas-frequentes\/wp-json\/wp\/v2\/media?parent=5796"}],"wp:term":[{"taxonomy":"category","embeddable":true,"href":"https:\/\/ammabarbacena.com.br\/perguntas-frequentes\/wp-json\/wp\/v2\/categories?post=5796"},{"taxonomy":"post_tag","embeddable":true,"href":"https:\/\/ammabarbacena.com.br\/perguntas-frequentes\/wp-json\/wp\/v2\/tags?post=5796"}],"curies":[{"name":"wp","href":"https:\/\/api.w.org\/{rel}","templated":true}]}}