{"id":5794,"date":"2025-07-18T20:49:48","date_gmt":"2025-07-18T20:49:48","guid":{"rendered":"http:\/\/9e87b55e-8349-4b36-9657-1286a24ae678"},"modified":"2025-07-18T20:49:48","modified_gmt":"2025-07-18T20:49:48","slug":"o-que-e-parquet-no-direito","status":"publish","type":"post","link":"https:\/\/ammabarbacena.com.br\/perguntas-frequentes\/o-que-e-parquet-no-direito\/","title":{"rendered":"O que \u00e9 parquet no direito"},"content":{"rendered":"\n\n<h2 class=\"wp-block-heading\">O que \u00e9 Parquet em um processo?<\/h2>\n\n\n\n<h2 class=\"wp-block-heading\">O que significa Parquet no jur\u00eddico?<\/h2>\n\n\n<p class=\"wp-block-paragraph\"><\/p>Parquet \u00e9 o mesmo que Minist\u00e9rio P\u00fablico. De acordo com a Carta M\u00e3e , em seu art. 127, o Minist\u00e9rio P\u00fablico \u00e9 \u201cinstitui\u00e7\u00e3o permanente, essencial \u00e0 fun\u00e7\u00e3o jurisdicional do Estado, incumbindo-lhe a defesa da ordem jur\u00eddica, do regime democr\u00e1tico e dos interesses sociais e individuais indispon\u00edveis\u201d.<br \/>\n\n\n\n\n<h2 class=\"wp-block-heading\">O que significa requer o Parquet?<\/h2>\n\n\n<p class=\"wp-block-paragraph\"><\/p>Termo jur\u00eddico muito empregado em peti\u00e7\u00f5es como sin\u00f4nimo de Minist\u00e9rio P\u00fablico ou de algum dos seus membros. Por exemplo, &#8220;os representantes do Parquet opinaram pelo deferimento do pedido&#8221;.<br \/>\n\n\n\n\n<h2 class=\"wp-block-heading\">Porque se chama Parquet?<\/h2>\n\n\n<p class=\"wp-block-paragraph\"><\/p>A palavra seria origin\u00e1ria do franc\u00eas antigo, significando &#8216;pequeno parque ou espa\u00e7o cercado&#8217;. A origem do emprego da palavra no contexto judici\u00e1rio \u00e9 incerta, mas a hip\u00f3tese mais prov\u00e1vel \u00e9 que os magistrados &#8220;de p\u00e9&#8221; ficassem numa esp\u00e9cie de cercado, separados dos magistrados &#8220;sentados&#8221;.<br \/>\n\n\n\n\n<h2 class=\"wp-block-heading\">Porque o Minist\u00e9rio P\u00fablico \u00e9 chamado de Parquet?<\/h2>\n\n\n\n<h2 class=\"wp-block-heading\">O que significa o termo jur\u00eddico Parquet?<\/h2>\n\n\n<p class=\"wp-block-paragraph\"><\/p>Caso n\u00e3o tenha, veja: Parquet \u00e9 o mesmo que Minist\u00e9rio P\u00fablico. De acordo com a Carta M\u00e3e , em seu art. 127, o Minist\u00e9rio P\u00fablico \u00e9 \u201cinstitui\u00e7\u00e3o permanente, essencial \u00e0 fun\u00e7\u00e3o jurisdicional do Estado, incumbindo-lhe a defesa da ordem jur\u00eddica, do regime democr\u00e1tico e dos interesses sociais e individuais indispon\u00edveis\u201d.<br \/>\n\n\n\n\n<h2 class=\"wp-block-heading\">Como devo me referir ao Minist\u00e9rio P\u00fablico em uma peti\u00e7\u00e3o?<\/h2>\n\n\n<p class=\"wp-block-paragraph\"><\/p>O pronome de tratamento usado para tratar um promotor com cortesia e rever\u00eancia \u00e9 Vossa Excel\u00eancia, com abreviatura V.<br \/>\n\n\n\n\n<h2 class=\"wp-block-heading\">O que \u00e9 a\u00e7\u00e3o de Parquet?<\/h2>\n\nA atua\u00e7\u00e3o do Parquet n\u00e3o se limita ao processo judicial. Ele tamb\u00e9m pode instaurar inqu\u00e9ritos civis ou requisitar informa\u00e7\u00f5es de \u00f3rg\u00e3os p\u00fablicos para apurar fatos e irregularidades, podendo ao final ajuizar a\u00e7\u00f5es, promover recomenda\u00e7\u00f5es ou firmar termos de ajustamento de conduta com os respons\u00e1veis por eventuais danos.<br \/>\n\n\n\n\n<h2 class=\"wp-block-heading\">O que significa interven\u00e7\u00e3o do Parquet?<\/h2>\n\n\n<p class=\"wp-block-paragraph\"><\/p>\u00c9 para possibilitar ao Procurador-Geral da Justi\u00e7a, como \u00f3rg\u00e3o m\u00e1ximo do Minist\u00e9rio P\u00fablico, a interven\u00e7\u00e3o no feito, por ele pr\u00f3prio ou por outro membro por ele designado, na hip\u00f3tese de diverg\u00eancia entre o Juiz e o Promotor e este recusar a atua\u00e7\u00e3o por considerar inexistente o interesse p\u00fablico.<br \/>\n\n\n\n\n<h2 class=\"wp-block-heading\">Por que o Minist\u00e9rio P\u00fablico \u00e9 chamado de Parque?<\/h2>\n\n\n<p class=\"wp-block-paragraph\"><\/p>Isso porque, na Grand-Chambre de Paris e em v\u00e1rias outras cortes francesas, os membros do Minist\u00e9rio P\u00fablico eram separados dos magistrats du si\u00e8ge, ocupando um parc, ou seja, um local fisicamente delimitado, que lhes era especificamente atribu\u00eddo (PERROT, Roger.<br \/>\n\n\n\n\n<h2 class=\"wp-block-heading\">Quando usar Parquet?<\/h2>\n\n\n<p class=\"wp-block-paragraph\"><\/p>Um arquivo Apache Parquet \u00e9 um formato de armazenamento de dados de c\u00f3digo aberto usado para bancos de dados em colunas em consultas anal\u00edticas. Se voc\u00ea tiver pequenos conjuntos de dados, mas milh\u00f5es de linhas para pesquisar, pode ser melhor usar um formato colunar para melhor desempenho.<br \/>\n\n\n\n\n<h2 class=\"wp-block-heading\">O que quer dizer manifesta\u00e7\u00e3o do Parquet?<\/h2>\n\nHoje, vamos falar da express\u00e3o: \u201caguardar manifesta\u00e7\u00e3o do Parquet\u201d. Aguardar manifesta\u00e7\u00e3o n\u00e3o \u00e9 esperar baixar um esp\u00edrito, mas esperar passar o prazo que algu\u00e9m tem para falar no processo.<br \/>\n\n\n\n\n<h2 class=\"wp-block-heading\">O que significa o termo &#8220;Parquet&#8221;?<\/h2>\n\n\n<p class=\"wp-block-paragraph\"><\/p>Express\u00e3o francesa que designa Minist\u00e9rio P\u00fablico.<br \/>\n\n\n\n\n<h2 class=\"wp-block-heading\">Para que serve o Parquet?<\/h2>\n\nO Parquet foi criado para oferecer suporte a op\u00e7\u00f5es de compacta\u00e7\u00e3o flex\u00edveis e esquemas de codifica\u00e7\u00e3o eficientes. Como cada coluna tem um tipo de dados semelhante, \u00e9 f\u00e1cil compactar cada coluna, e as queries s\u00e3o executadas de forma ainda mais r\u00e1pida.<br \/>\n\n\n\n\n<h2 class=\"wp-block-heading\">Quando usar o termo parquet?<\/h2>\n\n\n<p class=\"wp-block-paragraph\"><\/p>Atualmente, esse voc\u00e1bulo designa o corpo de membros do Minist\u00e9rio P\u00fablico e \u00e9 frequentemente utilizado, no meio jur\u00eddico, para se referir ao representante desse \u00f3rg\u00e3o.<br \/>\n\n\n\n\n<h2 class=\"wp-block-heading\">O que \u00e9 parquet?<\/h2>\n\n\n<p class=\"wp-block-paragraph\"><\/p>O parquet consiste em um piso de madeira maci\u00e7a, elaborado a partir de pequenos peda\u00e7os de madeira agrupados em placas quadradas em formatos de mosaicos. Por padr\u00e3o, \u00e9 um piso def\u00e1cil e r\u00e1pida instala\u00e7\u00e3o.<br \/>\n\n\n\n\n<h2 class=\"wp-block-heading\">Pode molhar parquet?<\/h2>\n\n\n<p class=\"wp-block-paragraph\"><\/p>\n\n<ul class=\"wp-block-list\">\n<li>Evite o contato da \u00e1gua com o piso<\/li>\n<li> O problema \u00e9 que quando isso acontece as suas fibras s\u00e3o danificadas e podem apodrecer. Ent\u00e3o, o ideal \u00e9 que voc\u00ea nunca use a \u00e1gua para lavar o ch\u00e3o, evitando deixar a madeira submersa.<\/li>\n<\/ul>\n\n\n\n\n<h2 class=\"wp-block-heading\">Quanto custa colocar parquet?<\/h2>\n\n\n<p class=\"wp-block-paragraph\"><\/p>Quando se trata do custo do piso de parquet de madeira, \u00e9 importante considerar v\u00e1rios fatores. Em m\u00e9dia, o pre\u00e7o por metro quadrado, incluindo instala\u00e7\u00e3o, varia de R$ 300,00 a R$ 350,00.<br \/>\n\n\n\n\n<h2 class=\"wp-block-heading\">O que significa &#8220;Parquet&#8221;?<\/h2>\n\nExpress\u00e3o francesa que designa Minist\u00e9rio P\u00fablico.<br \/>\n\n\n\n\n<h2 class=\"wp-block-heading\">O que \u00e9 pedido do parquet?<\/h2>\n\n\n<p class=\"wp-block-paragraph\"><\/p>Termo jur\u00eddico muito empregado em peti\u00e7\u00f5es como sin\u00f4nimo de Minist\u00e9rio P\u00fablico ou de algum dos seus membros. Por exemplo, &#8220;os representantes do Parquet opinaram pelo deferimento do pedido&#8221;.<br \/>\n\n\n\n\n<h2 class=\"wp-block-heading\">O que significa parket?<\/h2>\n\n\n<p class=\"wp-block-paragraph\"><\/p>Atualmente, esse voc\u00e1bulo designa o corpo de membros do Minist\u00e9rio P\u00fablico e \u00e9 frequentemente utilizado, no meio jur\u00eddico, para se referir ao representante desse \u00f3rg\u00e3o.<br \/>\n\n\n\n\n<h2 class=\"wp-block-heading\">Quem s\u00e3o as partes do processo?<\/h2>\n\n\n<p class=\"wp-block-paragraph\"><\/p>Em um processo judicial, existem tr\u00eas partes envolvidas na demanda: juiz, autor e r\u00e9u.<br \/>\n\n\n","protected":false},"excerpt":{"rendered":"<p>O que \u00e9 Parquet em um processo? O que significa Parquet no jur\u00eddico? Parquet \u00e9 o mesmo que Minist\u00e9rio P\u00fablico. De acordo com a Carta M\u00e3e , em seu art. 127, o Minist\u00e9rio P\u00fablico \u00e9 \u201cinstitui\u00e7\u00e3o permanente, essencial \u00e0 fun\u00e7\u00e3o jurisdicional do Estado, incumbindo-lhe a defesa da ordem jur\u00eddica, do regime democr\u00e1tico e dos interesses [&hellip;]<\/p>\n","protected":false},"author":2,"featured_media":0,"comment_status":"open","ping_status":"closed","sticky":false,"template":"","format":"standard","meta":{"footnotes":""},"categories":[1],"tags":[],"class_list":["post-5794","post","type-post","status-publish","format-standard","hentry","category-conteudo"],"_links":{"self":[{"href":"https:\/\/ammabarbacena.com.br\/perguntas-frequentes\/wp-json\/wp\/v2\/posts\/5794","targetHints":{"allow":["GET"]}}],"collection":[{"href":"https:\/\/ammabarbacena.com.br\/perguntas-frequentes\/wp-json\/wp\/v2\/posts"}],"about":[{"href":"https:\/\/ammabarbacena.com.br\/perguntas-frequentes\/wp-json\/wp\/v2\/types\/post"}],"author":[{"embeddable":true,"href":"https:\/\/ammabarbacena.com.br\/perguntas-frequentes\/wp-json\/wp\/v2\/users\/2"}],"replies":[{"embeddable":true,"href":"https:\/\/ammabarbacena.com.br\/perguntas-frequentes\/wp-json\/wp\/v2\/comments?post=5794"}],"version-history":[{"count":1,"href":"https:\/\/ammabarbacena.com.br\/perguntas-frequentes\/wp-json\/wp\/v2\/posts\/5794\/revisions"}],"predecessor-version":[{"id":5795,"href":"https:\/\/ammabarbacena.com.br\/perguntas-frequentes\/wp-json\/wp\/v2\/posts\/5794\/revisions\/5795"}],"wp:attachment":[{"href":"https:\/\/ammabarbacena.com.br\/perguntas-frequentes\/wp-json\/wp\/v2\/media?parent=5794"}],"wp:term":[{"taxonomy":"category","embeddable":true,"href":"https:\/\/ammabarbacena.com.br\/perguntas-frequentes\/wp-json\/wp\/v2\/categories?post=5794"},{"taxonomy":"post_tag","embeddable":true,"href":"https:\/\/ammabarbacena.com.br\/perguntas-frequentes\/wp-json\/wp\/v2\/tags?post=5794"}],"curies":[{"name":"wp","href":"https:\/\/api.w.org\/{rel}","templated":true}]}}