{"id":5792,"date":"2025-07-18T20:48:43","date_gmt":"2025-07-18T20:48:43","guid":{"rendered":"http:\/\/df8191db-cab3-44fb-9ff6-0b3ad2f0c1b7"},"modified":"2025-07-18T20:48:43","modified_gmt":"2025-07-18T20:48:43","slug":"o-que-e-pad-criminal","status":"publish","type":"post","link":"https:\/\/ammabarbacena.com.br\/perguntas-frequentes\/o-que-e-pad-criminal\/","title":{"rendered":"O que \u00e9 pad criminal"},"content":{"rendered":"\n\n<h2 class=\"wp-block-heading\">O que \u00e9 PAD no processo criminal?<\/h2>\n\nO processo administrativo disciplinar &#8211; PAD (lato sensu) abrange a sindic\u00e2ncia administrativa e o processo administrativo disciplinar (stricto sensu), nos termos do art. 143 da Lei n.\u00ba 8.112\/90 ( Regime Jur\u00eddico \u00danico), na Lei Complementar Estadual n\u00b014\/82 (Estatuto da Pol\u00edcia Civil do Paran\u00e1), nos termos dos arts.<br \/>\n\n\n\n\n<h2 class=\"wp-block-heading\">Quais s\u00e3o as consequ\u00eancias de um pad?<\/h2>\n\n\n<p class=\"wp-block-paragraph\"><\/p>demiss\u00e3o; cassa\u00e7\u00e3o de aposentadoria ou disponibilidade; destitui\u00e7\u00e3o de cargo em comiss\u00e3o ou de fun\u00e7\u00e3o comissionada.<br \/>\n\n\n\n\n<h2 class=\"wp-block-heading\">O que quer dizer PAD no pres\u00eddio?<\/h2>\n\n\n<p class=\"wp-block-paragraph\"><\/p>PROCEDIMENTO ADMINISTRATIVO DISCIPLINAR &#8211; PAD. NULIDADE. OITIVA JUDICIAL DO SENTENCIADO SOB DEFESA REGULAR.<br \/>\n\n\n\n\n<h2 class=\"wp-block-heading\">Como funciona o PAD na execu\u00e7\u00e3o penal?<\/h2>\n\nPara o reconhecimento da pr\u00e1tica de falta disciplinar, no \u00e2mbito da execu\u00e7\u00e3o penal, \u00e9 imprescind\u00edvel a instaura\u00e7\u00e3o de procedimento administrativo pelo diretor do pres\u00eddio, assegurado o direito de defesa, a ser exercido por advogado constitu\u00eddo ou defensor p\u00fablico nomeado.<br \/>\n\n\n\n\n<h2 class=\"wp-block-heading\">Quais s\u00e3o as penalidades de um PAD?<\/h2>\n\n\n<p class=\"wp-block-paragraph\"><\/p>Existem tr\u00eas principais penas no PAD, advert\u00eancia, suspens\u00e3o e demiss\u00e3o. Cada uma possui crit\u00e9rios pr\u00f3prios e deve ser aplicada de forma proporcional \u00e0 infra\u00e7\u00e3o cometida.<br \/>\n\n\n\n\n<h2 class=\"wp-block-heading\">Quais s\u00e3o os motivos para abrir um PAD?<\/h2>\n\n\n<p class=\"wp-block-paragraph\"><\/p>Ent\u00e3o, devemos abrir um PAD exatamente pelo fato de fazer com que a Administra\u00e7\u00e3o P\u00fablica possa investigar se houve ou n\u00e3o algum ato il\u00edcito cometido por servidores p\u00fablicos durante o exerc\u00edcio de suas fun\u00e7\u00f5es, quem s\u00e3o os culpados, e analisar quais devem ser as poss\u00edveis infra\u00e7\u00f5es aplicadas para cada caso.<br \/>\n\n\n\n\n<h2 class=\"wp-block-heading\">Quais s\u00e3o os tipos de PAD?<\/h2>\n\n\n\n<ul class=\"wp-block-list\">\n<li>PAD simples. Esse tipo de PAD \u00e9 utilizado quando a infra\u00e7\u00e3o cometida pelo servidor \u00e9 considerada de menor gravidade. &#8230;<\/li>\n<li>PAD complexo. &#8230;<\/li>\n<li>PAD preventivo. &#8230;<\/li>\n<li>PAD acusat\u00f3rio. &#8230;<\/li>\n<li>Passo 1: instaura\u00e7\u00e3o do PAD. &#8230;<\/li>\n<li>Passo 2: designa\u00e7\u00e3o da comiss\u00e3o. &#8230;<\/li>\n<li>Passo 3: notifica\u00e7\u00e3o do servidor. &#8230;<\/li>\n<li>Passo 4: defesa do servidor.<\/li>\n<\/ul>\n\n\n\n\n<h2 class=\"wp-block-heading\">Quais s\u00e3o as 3 fases do PAD?<\/h2>\n\n\n<p class=\"wp-block-paragraph\"><\/p>\n\n<ul class=\"wp-block-list\">\n<li>Instaura\u00e7\u00e3o (arts. 236 a 238) \u2013 publica\u00e7\u00e3o da Portaria de instaura\u00e7\u00e3o e designa\u00e7\u00e3o de comiss\u00e3o. &#8230;<\/li>\n<li>Instru\u00e7\u00e3o Processual (arts. &#8230;<\/li>\n<li>Defesa (arts. &#8230;<\/li>\n<li>Relat\u00f3rio conclusivo (arts. &#8230;<\/li>\n<li>Julgamento (arts.<\/li>\n<\/ul>\n\n\n\n\n<h2 class=\"wp-block-heading\">Quais s\u00e3o os tipos de processo administrativo disciplinar?<\/h2>\n\n\n<p class=\"wp-block-paragraph\"><\/p>\n\n<ul class=\"wp-block-list\">\n<li>Programas, projetos, a\u00e7\u00f5es, obras e atividades.<\/li>\n<li>Carta de Servi\u00e7os.<\/li>\n<li>Programa de Gest\u00e3o e Desempenho (PGD)<\/li>\n<li>Concess\u00f5es de Recursos Financeiros ou Ren\u00fancias de Receitas.<\/li>\n<li>Estrat\u00e9gia e Governan\u00e7a.<\/li>\n<\/ul>\n\n\n\n\n<h2 class=\"wp-block-heading\">Quais s\u00e3o as 3 etapas do processo disciplinar?<\/h2>\n\n\n<p class=\"wp-block-paragraph\"><\/p>Nesse artigo voc\u00ea conheceu as 3 fases do Processo Administrativo Disciplinar: Instaura\u00e7\u00e3o, Inqu\u00e9rito e Julgamento.<br \/>\n\n\n\n\n<h2 class=\"wp-block-heading\">Quais os motivos para abrir um pad?<\/h2>\n\n\n<p class=\"wp-block-paragraph\"><\/p>O PAD foi criado na \u00e1rea que chamamos direito administrativo disciplinar. Essa \u00e1rea investiga e protege o servidor p\u00fablico, al\u00e9m de garantir a ampla defesa das acusa\u00e7\u00f5es. Isso porque, antes de existir qualquer pena, voc\u00ea tem alguns direitos previstos na Constitui\u00e7\u00e3o Federal e no Estatuto do Servidor.<br \/>\n\n\n\n\n<h2 class=\"wp-block-heading\">Qual o prazo de dura\u00e7\u00e3o do PAD?<\/h2>\n\n\n<p class=\"wp-block-paragraph\"><\/p>Qual a dura\u00e7\u00e3o do PAD ordin\u00e1rio? Com base no \u00a7 1\u00ba do artigo 217, da Lei Complementar n\u00ba 840, de 23 de dezembro de 2011, o prazo para a conclus\u00e3o do processo administrativo disciplinar \u00e9 de at\u00e9 60 (sessenta) dias, admitida a sua prorroga\u00e7\u00e3o por igual prazo, quando as circunst\u00e2ncias o exigirem.<br \/>\n\n\n\n\n<h2 class=\"wp-block-heading\">O que gera nulidade no processo administrativo disciplinar?<\/h2>\n\n\n<p class=\"wp-block-paragraph\"><\/p>A nulidade do processo administrativo disciplinar somente deve ser declarada quando evidente o preju\u00edzo sofrido pela defesa &#8220;, o que inocorreu: Pas de nullit\u00e9 sans grief!<br \/>\n\n\n\n\n<h2 class=\"wp-block-heading\">O que \u00e9 PAD no sistema prisional?<\/h2>\n\nFeitas essas sint\u00e9ticas considera\u00e7\u00f5es, o procedimento administrativo disciplinar (PAD) deve ser aplicado \u00e0 pessoa presa que deixa de observar condutas previstas na LEP, devendo atentar para o princ\u00edpio da legalidade, nos casos de faltas graves.<br \/>\n\n\n\n\n<h2 class=\"wp-block-heading\">O que \u00e9 o PAD penitenci\u00e1rio?<\/h2>\n\n\n<p class=\"wp-block-paragraph\"><\/p>Atualmente, \u00e9 aplicado o PAD na esfera penal para apurar faltas cometidas por pessoas enclausuradas em regime fechado na situa\u00e7\u00e3o de condenado ou ainda preso provis\u00f3rio, regime semiaberto e aberto. No entanto, o surgimento dessa apura\u00e7\u00e3o disciplinar demorou a ocorrer no cen\u00e1rio brasileiro.<br \/>\n\n\n\n\n<h2 class=\"wp-block-heading\">Qual a finalidade de um pad?<\/h2>\n\n\n<p class=\"wp-block-paragraph\"><\/p>O Direito Administrativo Disciplinar \u00e9 um ramo do Direito P\u00fablico que decorre da compet\u00eancia de a Administra\u00e7\u00e3o P\u00fablica impor modelos de comportamento a seus agentes, com o fim de manter a regularidade em sua estrutura interna, na execu\u00e7\u00e3o e na presta\u00e7\u00e3o dos servi\u00e7os p\u00fablicos.<br \/>\n\n\n\n\n<h2 class=\"wp-block-heading\">O que significa PAD no processo penal?<\/h2>\n\n\n<p class=\"wp-block-paragraph\"><\/p>O processo administrativo disciplinar &#8211; PAD (lato sensu) abrange a sindic\u00e2ncia administrativa e o processo administrativo disciplinar (stricto sensu), nos termos do art. 143 da Lei n.\u00ba 8.112\/90 ( Regime Jur\u00eddico \u00danico), na Lei Complementar Estadual n\u00b014\/82 (Estatuto da Pol\u00edcia Civil do Paran\u00e1), nos termos dos arts.<br \/>\n\n\n\n\n<h2 class=\"wp-block-heading\">Quais s\u00e3o as penas de um pad?<\/h2>\n\nExistem tr\u00eas principais penas no PAD, advert\u00eancia, suspens\u00e3o e demiss\u00e3o. Cada uma possui crit\u00e9rios pr\u00f3prios e deve ser aplicada de forma proporcional \u00e0 infra\u00e7\u00e3o cometida.<br \/>\n\n\n\n\n<h2 class=\"wp-block-heading\">Quais s\u00e3o as penalidades de um processo administrativo?<\/h2>\n\n\n<p class=\"wp-block-paragraph\"><\/p>As penalidades disciplinares s\u00e3o: advert\u00eancia, suspens\u00e3o, demiss\u00e3o, cassa\u00e7\u00e3o de aposentadoria ou disponibilidade, destitui\u00e7\u00e3o de cargo em comiss\u00e3o e destitui\u00e7\u00e3o de fun\u00e7\u00e3o comissionada.<br \/>\n\n\n\n\n<h2 class=\"wp-block-heading\">Quais as consequ\u00eancias de um processo administrativo disciplinar?<\/h2>\n\n\n<p class=\"wp-block-paragraph\"><\/p>O Processo Administrativo Disciplinar (PAD) apura infra\u00e7\u00f5es de servidores p\u00fablicos, podendo resultar em san\u00e7\u00f5es. Ele impacta a reputa\u00e7\u00e3o, a carreira e a perman\u00eancia no servi\u00e7o, al\u00e9m de promover a disciplina e a transpar\u00eancia na administra\u00e7\u00e3o p\u00fablica.<br \/>\n\n\n\n\n<h2 class=\"wp-block-heading\">O que anula um pad?<\/h2>\n\n\n<p class=\"wp-block-paragraph\"><\/p>Falta de notifica\u00e7\u00e3o. Esse \u00e9 um ponto relevante e quase sempre \u00e9 motivo para anular um PAD. O servidor precisa ser informado de cada passo do processo, desde seu in\u00edcio at\u00e9 a decis\u00e3o final. Sem a notifica\u00e7\u00e3o adequada, o servidor n\u00e3o consegue se defender corretamente, ferindo seu direito ao contradit\u00f3rio e ampla defesa.<br \/>\n\n\n\n\n<h2 class=\"wp-block-heading\">Quantos anos prescreve um PAD?<\/h2>\n\n\n<p class=\"wp-block-paragraph\"><\/p>Art. 1 o Prescreve em cinco anos a a\u00e7\u00e3o punitiva da Administra\u00e7\u00e3o P\u00fablica Federal, direta e indireta, no exerc\u00edcio do poder de pol\u00edcia, objetivando apurar infra\u00e7\u00e3o \u00e0 legisla\u00e7\u00e3o em vigor, contados da data da pr\u00e1tica do ato ou, no caso de infra\u00e7\u00e3o permanente ou continuada, do dia em que tiver cessado.<br \/>\n\n\n\n\n<h2 class=\"wp-block-heading\">O que vem depois do pad?<\/h2>\n\nAp\u00f3s o encerramento do PAD, o servidor punido poder\u00e1 apresentar recurso para reexame do processo \u2013 dirigido \u00e0 autoridade hierarquicamente superior, para discutir o m\u00e9rito da decis\u00e3o tomada \u2013 ou, ainda, pedir reconsidera\u00e7\u00e3o \u00e0 mesma autoridade que aplicou a pena.<br \/>\n\n\n\n\n<h2 class=\"wp-block-heading\">O que acontece depois do pad?<\/h2>\n\n\n<p class=\"wp-block-paragraph\"><\/p>O julgamento \u00e9 a etapa final do PAD, em que a autoridade competente analisa o relat\u00f3rio elaborado pela comiss\u00e3o e toma a decis\u00e3o final sobre o caso. Conforme a lei, essa autoridade tem o prazo de 20 dias para proferir a decis\u00e3o, que pode ou n\u00e3o seguir as recomenda\u00e7\u00f5es da comiss\u00e3o.<br \/>\n\n\n\n\n<h2 class=\"wp-block-heading\">Qual a diferen\u00e7a entre PAD e IPM?<\/h2>\n\n\n<p class=\"wp-block-paragraph\"><\/p>Em s\u00edntese, o IPM e Sindic\u00e2ncia, por serem procedimentos inquisit\u00f3rias, n\u00e3o podem gerar san\u00e7\u00e3o administrativa, muito menos penal. Entretanto podem dar in\u00edcio a um processo. J\u00e1 o PAD, \u00e9 dotado de ampla defesa e contradit\u00f3rio, ou seja, do devido processo legal e pode gerar san\u00e7\u00f5es administrativas\/disciplinares.<br \/>\n\n\n\n\n<h2 class=\"wp-block-heading\">Quais s\u00e3o as etapas de um processo administrativo disciplinar?<\/h2>\n\n\n<p class=\"wp-block-paragraph\"><\/p>Quais s\u00e3o as fases do Processo Administrativo Disciplinar? De acordo com o artigo 235 da Lei Complementar n\u00ba 840, de 23 de dezembro de 2011, o processo administrativo disciplinar se desenvolve nas seguintes fases: (I) instaura\u00e7\u00e3o; (II) instru\u00e7\u00e3o; (III) defesa; (IV) relat\u00f3rio e; (V) julgamento.<br \/>\n\n\n\n\n<h2 class=\"wp-block-heading\">Qual o prazo m\u00e1ximo de um PAD?<\/h2>\n\n\n<p class=\"wp-block-paragraph\"><\/p>Por fim, no contexto do estudo da Lei 8.112\/1990 para o MPU, a \u00faltima fase do PAD consiste no julgamento. Conforme a legisla\u00e7\u00e3o, a decis\u00e3o ser\u00e1 proferida no prazo de 20 (vinte) dias ap\u00f3s o recebimento do relat\u00f3rio conclusivo da comiss\u00e3o.<br \/>\n\n\n","protected":false},"excerpt":{"rendered":"<p>O que \u00e9 PAD no processo criminal? O processo administrativo disciplinar &#8211; PAD (lato sensu) abrange a sindic\u00e2ncia administrativa e o processo administrativo disciplinar (stricto sensu), nos termos do art. 143 da Lei n.\u00ba 8.112\/90 ( Regime Jur\u00eddico \u00danico), na Lei Complementar Estadual n\u00b014\/82 (Estatuto da Pol\u00edcia Civil do Paran\u00e1), nos termos dos arts. Quais [&hellip;]<\/p>\n","protected":false},"author":2,"featured_media":0,"comment_status":"open","ping_status":"closed","sticky":false,"template":"","format":"standard","meta":{"footnotes":""},"categories":[1],"tags":[],"class_list":["post-5792","post","type-post","status-publish","format-standard","hentry","category-conteudo"],"_links":{"self":[{"href":"https:\/\/ammabarbacena.com.br\/perguntas-frequentes\/wp-json\/wp\/v2\/posts\/5792","targetHints":{"allow":["GET"]}}],"collection":[{"href":"https:\/\/ammabarbacena.com.br\/perguntas-frequentes\/wp-json\/wp\/v2\/posts"}],"about":[{"href":"https:\/\/ammabarbacena.com.br\/perguntas-frequentes\/wp-json\/wp\/v2\/types\/post"}],"author":[{"embeddable":true,"href":"https:\/\/ammabarbacena.com.br\/perguntas-frequentes\/wp-json\/wp\/v2\/users\/2"}],"replies":[{"embeddable":true,"href":"https:\/\/ammabarbacena.com.br\/perguntas-frequentes\/wp-json\/wp\/v2\/comments?post=5792"}],"version-history":[{"count":1,"href":"https:\/\/ammabarbacena.com.br\/perguntas-frequentes\/wp-json\/wp\/v2\/posts\/5792\/revisions"}],"predecessor-version":[{"id":5793,"href":"https:\/\/ammabarbacena.com.br\/perguntas-frequentes\/wp-json\/wp\/v2\/posts\/5792\/revisions\/5793"}],"wp:attachment":[{"href":"https:\/\/ammabarbacena.com.br\/perguntas-frequentes\/wp-json\/wp\/v2\/media?parent=5792"}],"wp:term":[{"taxonomy":"category","embeddable":true,"href":"https:\/\/ammabarbacena.com.br\/perguntas-frequentes\/wp-json\/wp\/v2\/categories?post=5792"},{"taxonomy":"post_tag","embeddable":true,"href":"https:\/\/ammabarbacena.com.br\/perguntas-frequentes\/wp-json\/wp\/v2\/tags?post=5792"}],"curies":[{"name":"wp","href":"https:\/\/api.w.org\/{rel}","templated":true}]}}