{"id":5782,"date":"2025-07-18T20:44:53","date_gmt":"2025-07-18T20:44:53","guid":{"rendered":"http:\/\/1f1d53f9-911d-488f-af3d-4615746a53c2"},"modified":"2025-07-18T20:44:53","modified_gmt":"2025-07-18T20:44:53","slug":"o-que-e-ecoetica","status":"publish","type":"post","link":"https:\/\/ammabarbacena.com.br\/perguntas-frequentes\/o-que-e-ecoetica\/","title":{"rendered":"O que \u00e9 eco\u00e9tica"},"content":{"rendered":"\n\n<h2 class=\"wp-block-heading\">O que se entende por eco\u00e9tica?<\/h2>\n\nConclui- se que a Eco\u00e9tica oferece uma base para reinterpretar a natureza no direito, promovendo um ecocentrismo que reconhece a natureza como sujeito de direitos e contribui para a justi\u00e7a clim\u00e1tica e a sustentabilidade. Palavras chaves: Eco\u00e9tica ; Filosofia do Direito; Rela\u00e7\u00e3o Humano-Natureza; Decolonialidade; ODS 13.<br \/>\n\n\n\n\n<h2 class=\"wp-block-heading\">O que \u00e9 eco\u00e9tica?<\/h2>\n\n\n<p class=\"wp-block-paragraph\"><\/p>A eco\u00e9tica, como uma extens\u00e3o da bio\u00e9tica que se foca especificamente nas quest\u00f5es ambientais, enfatiza a responsabilidade \u00e9tica para com o ambiente natural e os seres n\u00e3o-humanos.<br \/>\n\n\n\n\n<h2 class=\"wp-block-heading\">O que se entende por ecocentrismo?<\/h2>\n\n\n<p class=\"wp-block-paragraph\"><\/p>Dunlap (2008) prop\u00f5e a defini\u00e7\u00e3o de ecocentrismo mais utilizada na atualidade: \u00e9 o grau em que as pessoas se conscientizam sobre os problemas ambientais e s\u00e3o capazes de empenhar esfor\u00e7os para contribuir na solu\u00e7\u00e3o ou ao menos demonstrar vontade de engajar- se pessoalmente na quest\u00e3o ambiental.<br \/>\n\n\n\n\n<h2 class=\"wp-block-heading\">Qual a import\u00e2ncia da eco\u00e9tica?<\/h2>\n\n\n<p class=\"wp-block-paragraph\"><\/p>Conclui-se que a Eco\u00e9tica oferece uma base para reinterpretar a natureza no direito, promovendo um ecocentrismo que reconhece a natureza como sujeito de direitos e contribui para a justi\u00e7a clim\u00e1tica e a sustentabilidade.<br \/>\n\n\n\n\n<h2 class=\"wp-block-heading\">O que \u00e9 bio\u00e9tica e eco\u00e9tica?<\/h2>\n\n\n<p class=\"wp-block-paragraph\"><\/p>Enquanto isso, Bio\u00e9tica e eco\u00e9tica s\u00e3o neologismos que combinam a vida e a natureza com a \u00e9tica, ou seja, com o sentido de viver, a combina\u00e7\u00e3o entre o humano e o natural, a necessidade de refletir sobre as estruturas mais humanas como s\u00e3o a ci\u00eancia, a tecnologia e a paradigm\u00e1tica \u00abqualidade de vida\u00bb, bem como resolver &#8230;<br \/>\n\n\n\n\n<h2 class=\"wp-block-heading\">O que \u00e9 \u00e9cosmo?<\/h2>\n\n\n<p class=\"wp-block-paragraph\"><\/p>O termo tem origem de duas palavras gregas: cosmos, que quer dizer universo, e gignomai, que remete a nascimento. Trata-se de um relato que explica a cria\u00e7\u00e3o e a ordem do mundo e, ao mesmo tempo, o surgimento dos seres humanos. As cosmogonias refletem a cultura e o momento hist\u00f3rico.<br \/>\n\n\n\n\n<h2 class=\"wp-block-heading\">O que \u00e9 o conceito de bio\u00e9tica?<\/h2>\n\nA bio\u00e9tica, que promove uma s\u00e9rie de princ\u00edpios para a correta intera\u00e7\u00e3o do ser humano com a vida \u2014 tanto com seus semelhantes quanto com outros seres vivos \u2014, deve vincular-se, agora mais do que nunca, \u00e0 prote\u00e7\u00e3o do meio ambiente.<br \/>\n\n\n\n\n<h2 class=\"wp-block-heading\">O que \u00e9 bio\u00e9tica?<\/h2>\n\n\n<p class=\"wp-block-paragraph\"><\/p>A Bio\u00e9tica pode ser compreendida como \u201c o estudo sistem\u00e1tico de car\u00e1ter multidisciplinar, da con- duta humana na \u00e1rea das ci\u00eancias da vida e da sa\u00fade, na medida em que esta conduta \u00e9 examinada \u00e0 luz dos valores e princ\u00edpios morais \u201d.<br \/>\n\n\n\n\n<h2 class=\"wp-block-heading\">\u00c9 correto afirmar que o conceito de bio\u00e9tica define?<\/h2>\n\n\n<p class=\"wp-block-paragraph\"><\/p>Considerando esse contexto, \u00e9 correto afirmar que o conceito de bio\u00e9tica define: as rela\u00e7\u00f5es de trabalho dos profissionais da sa\u00fade. as pesquisas diante dos dilemas econ\u00f4micos em rela\u00e7\u00e3o as pesquisas que trazem o ser humano como objeto de estudo.<br \/>\n\n\n\n\n<h2 class=\"wp-block-heading\">O que a bio\u00e9tica protege?<\/h2>\n\n\n<p class=\"wp-block-paragraph\"><\/p>Em suma, a bio\u00e9tica pode ser pensada como meio pr\u00e1tico para prote- ger seres e entes vivos contra amea\u00e7as que podem prejudicar de maneira irrevers\u00edvel suas exist\u00eancias, al\u00e9m de ser tamb\u00e9m um meio &#8220;de segunda ordem&#8221; para entender a moralidade e seus conflitos, imanentes ao pr\u00f3prio viver &#8220;juntos&#8221;.<br \/>\n\n\n\n\n<h2 class=\"wp-block-heading\">O que \u00e9 \u00e9tica ecocentrica?<\/h2>\n\nA \u00e9tica ecoc\u00eantrica reconhece que o equil\u00edbrio do planeta \u00e9 essencial para o bem-estar de todas as formas de vida, inclusive dos seres humanos. Por isso, defende que as tomadas de decis\u00f5es devem considerar os impactos nas comunidades humanas, nos ecossistemas e em toda a diversidade biol\u00f3gica.<br \/>\n\n\n\n\n<h2 class=\"wp-block-heading\">O que significa ecoc\u00eantrica?<\/h2>\n\n\n<p class=\"wp-block-paragraph\"><\/p>O que \u00e9 uma vis\u00e3o ecoc\u00eantrica ? Uma vis\u00e3o ecoc\u00eantrica \u00e9 uma perspectiva \u00e9tica e filos\u00f3fica que coloca o ecossistema no centro das considera\u00e7\u00f5es morais e v aloriza a interconex\u00e3o e interdepend\u00eancia de todos os seres e elementos dentro desse sistema.<br \/>\n\n\n\n\n<h2 class=\"wp-block-heading\">Qual o conceito de ecocentrismo?<\/h2>\n\n\n<p class=\"wp-block-paragraph\"><\/p>Dunlap (2008) prop\u00f5e a defini\u00e7\u00e3o de ecocentrismo mais utilizada na atualidade: \u00e9 o grau em que as pessoas se conscientizam sobre os problemas ambientais e s\u00e3o capazes de empenhar esfor\u00e7os para contribuir na solu\u00e7\u00e3o ou ao menos demonstrar vontade de engajar-se pessoalmente na quest\u00e3o ambiental.<br \/>\n\n\n\n\n<h2 class=\"wp-block-heading\">O que \u00e9 a vis\u00e3o ecoc\u00eantrica?<\/h2>\n\n\n<p class=\"wp-block-paragraph\"><\/p>Na vis\u00e3o ecoc\u00eantrica, o meio ambiente \u00e9 patrim\u00f4nio da humanidade. A natureza existe em si mesma e deve prevalecer sobre o homem. Trata da prote\u00e7\u00e3o da natureza do ponto de vista da Lei Espiritual que n\u00e3o pode ser tratada como um objeto \u00fatil em benef\u00edcio do homem.<br \/>\n\n\n\n\n<h2 class=\"wp-block-heading\">O que significa uma pessoa ecocentrica?<\/h2>\n\n\n<p class=\"wp-block-paragraph\"><\/p>A \u00e9tica ecoc\u00eantrica reconhece que o equil\u00edbrio do planeta \u00e9 essencial para o bem-estar de todas as formas de vida, inclusive dos seres humanos.<br \/>\n\n\n\n\n<h2 class=\"wp-block-heading\">O que \u00e9 eco-filosofia?<\/h2>\n\nA ecofilosofia, termo cunhado pelo fil\u00f3sofo noruegu\u00eas Arne Naess, provindo da jun\u00e7\u00e3o de \u201cecologia\u201d e \u201cfilosofia\u201d, prop\u00f5e uma vis\u00e3o hol\u00edstica da evolu\u00e7\u00e3o humana, na qual as possibilidades de progresso devem levar em conta a totalidade da exist\u00eancia humana e sua intera\u00e7\u00e3o completa com o planeta.<br \/>\n\n\n\n\n<h2 class=\"wp-block-heading\">O que significa o termo ecosofia?<\/h2>\n\n\n<p class=\"wp-block-paragraph\"><\/p>Para Maffesoli (2017), a Ecosofia consiste em uma mudan\u00e7a de paradigma, onde o homem tem a consci\u00eancia que \u00e9 parte indissoci\u00e1vel do meio ambiente. A Ecosofia Mental implica compreender a ess\u00eancia da individualiza\u00e7\u00e3o do ser atrav\u00e9s da sua subjetividade.<br \/>\n\n\n\n\n<h2 class=\"wp-block-heading\">O que \u00e9 eco\u00e9tica na filosofia?<\/h2>\n\n\n<p class=\"wp-block-paragraph\"><\/p>Conclui-se que a Eco\u00e9tica oferece uma base para reinterpretar a natureza no direito, promovendo um ecocentrismo que reconhece a natureza como sujeito de direitos e contribui para a justi\u00e7a clim\u00e1tica e a sustentabilidade. Palavras chaves: Eco\u00e9tica ; Filosofia do Direito; Rela\u00e7\u00e3o Humano-Natureza; Decolonialidade; ODS 13.<br \/>\n\n\n\n\n<h2 class=\"wp-block-heading\">O que \u00e9 ecocentrismo na filosofia?<\/h2>\n\n\n<p class=\"wp-block-paragraph\"><\/p>Ecocentrismo \u00e9 uma filosofia que enfatiza a import\u00e2ncia de todos os seres vivos, incluindo a import\u00e2ncia do meio ambiente. Busca minimizar a import\u00e2ncia humana, promovendo a import\u00e2ncia de plantas, animais e outros organismos, bem como de seres n\u00e3o vivos, como a \u00e1gua e o solo.<br \/>\n\n\n\n\n<h2 class=\"wp-block-heading\">Qual o pensamento de F\u00e9lix Guattari?<\/h2>\n\n\n<p class=\"wp-block-paragraph\"><\/p>Entende que os problemas psicopatol\u00f3gicos n\u00e3o se podem pensar fora do universo social. F\u00e9lix Guattari era profundamente otimista relativamente \u00e0 vida associativa. Para ele, as associa\u00e7\u00f5es t\u00eam que ter um papel de reinven\u00e7\u00e3o da vida social e n\u00e3o funcionarem s\u00f3 como corrente de transmiss\u00e3o do Estado.<br \/>\n\n\n\n\n<h2 class=\"wp-block-heading\">O que \u00e9 ser ecocentrismo?<\/h2>\n\nDunlap (2008) prop\u00f5e a defini\u00e7\u00e3o de ecocentrismo mais utilizada na atualidade: \u00e9 o grau em que as pessoas se conscientizam sobre os problemas ambientais e s\u00e3o capazes de empenhar esfor\u00e7os para contribuir na solu\u00e7\u00e3o ou ao menos demonstrar vontade de engajar-se pessoalmente na quest\u00e3o ambiental.<br \/>\n\n\n\n\n<h2 class=\"wp-block-heading\">O que significa ser ecoc\u00eantrico?<\/h2>\n\n\n<p class=\"wp-block-paragraph\"><\/p>Na vis\u00e3o ecoc\u00eantrica, o meio ambiente \u00e9 patrim\u00f4nio da humanidade. A natureza existe em si mesma e deve prevalecer sobre o homem. Trata da prote\u00e7\u00e3o da natureza do ponto de vista da Lei Espiritual que n\u00e3o pode ser tratada como um objeto \u00fatil em benef\u00edcio do homem.<br \/>\n\n\n\n\n<h2 class=\"wp-block-heading\">O que \u00e9 uma pessoa ecocentrista?<\/h2>\n\n\n<p class=\"wp-block-paragraph\"><\/p>No contexto do ecocentrismo a palavra \u201ceco\u201d refere-se \u00e0 ecologia, destacando a import\u00e2ncia de considerar o meio ambiente como um todo interlig ado. Essa abordagem reconhece que a sa\u00fade e o equil\u00edbrio do planeta s\u00e3o essenciais para o bem-estar de todas as formas de vida, incluindo os seres humanos.<br \/>\n\n\n\n\n<h2 class=\"wp-block-heading\">Quem \u00e9 o autor do conceito de ecocentrismo?<\/h2>\n\n\n<p class=\"wp-block-paragraph\"><\/p>A \u00c9tica Ecoc\u00eantrica foi concebida por Aldo Leopold e reconhece que todas as esp\u00e9cies, incluindo humanos, s\u00e3o produto de um longo processo evolucion\u00e1rio e s\u00e3o inter-ligados em seus processos de vida.<br \/>\n\n\n\n\n<h2 class=\"wp-block-heading\">O que \u00e9 ser uma pessoa ecocentrica?<\/h2>\n\n\n<p class=\"wp-block-paragraph\"><\/p>As principais caracter\u00edsticas de uma pessoa egoc\u00eantrica s\u00e3o as seguintes: Quase sempre falam do seu ponto de vista: podem ter alguns problemas ao negociar ou captar o interesse dos outros ao falar, porque raramente mudam a sua perspectiva e apoiam outras pessoas.<br \/>\n\n\n\n\n<h2 class=\"wp-block-heading\">O que \u00e9 ecocentrismo?<\/h2>\n\n\n<p class=\"wp-block-paragraph\"><\/p>Ecocentrismo \u00e9 a cren\u00e7a \u00e9tica que atribui valor inerente tanto aos seres vivos individuais quanto aos ecossistemas inteiros, considerando-os como fins em si mesmos e n\u00e3o como meios para fins humanos.<br \/>\n\n\n\n\n<h2 class=\"wp-block-heading\">O que \u00e9 \u00e9tica ecol\u00f3gica?<\/h2>\n\n\u00c9tica Ecol\u00f3gica ou ambiental \u00e9 um conceito filos\u00f3fico que amplia o conceito de \u00e9tica, enquanto da forma de agir do homem em seu meio social, pois se refere tamb\u00e9m \u00e0 sua maneira de agir em rela\u00e7\u00e3o \u00e0 natureza. Considera que a conserva\u00e7\u00e3o da vida humana est\u00e1 intrinsecamente ligada \u00e0 conserva\u00e7\u00e3o da vida de todos os seres.<br \/>\n\n\n\n\n<h2 class=\"wp-block-heading\">O que \u00e9 \u00e9tica e Ecologia?<\/h2>\n\n\n<p class=\"wp-block-paragraph\"><\/p>Na verdade, se a \u00c9tica \u00e9 a ci\u00eancia normativa dos atos huma- nos, a Ecologia, &#8220;sensu lato&#8221;, \u00e9 a ci\u00eancia que trata do meio ambien- te, no qual se inclui \u00e8 fundamentalmente o homem. Assim, ambas es- t\u00e3o assim voltadas para a maneira de ser e agir do homem em rela\u00e7\u00e3o \u00e0 sua morada (oik\u00f3s).<br \/>\n\n\n\n\n<h2 class=\"wp-block-heading\">Qual \u00e9 o resumo da \u00e9tica ambiental?<\/h2>\n\n\n<p class=\"wp-block-paragraph\"><\/p>A \u00e9tica ambiental \u00e9 uma disciplina filos\u00f3fica que busca estabelecer princ\u00edpios e valores para orientar a conduta humana em rela\u00e7\u00e3o ao meio ambiente. Ela se baseia em princ\u00edpios como interdepend\u00eancia, responsabilidade e sustentabilidade para promover a preserva\u00e7\u00e3o do meio ambiente e a sustentabilidade do planeta.<br \/>\n\n\n\n\n<h2 class=\"wp-block-heading\">O que \u00e9 \u00e9tica e explique?<\/h2>\n\n\n<p class=\"wp-block-paragraph\"><\/p>A \u00e9tica \u00e9 filos\u00f3fica e cient\u00edfica. conviv\u00eancia, na vida social e comunit\u00e1ria, que o ser humano se descobre e se realiza enquanto um ser moral e \u00e9tico. \u00c9 na rela\u00e7\u00e3o com o outro que surgem os problemas e as indaga\u00e7\u00f5es morais: o que devo fazer? Como agir em determinada situa\u00e7\u00e3o?<br \/>\n\n\n\n\n<h2 class=\"wp-block-heading\">\u00c9 o conceito de \u00e9tica?<\/h2>\n\n\n<p class=\"wp-block-paragraph\"><\/p>A \u00e9tica, hoje, \u00e9 compreendida como parte da Filosofia, cuja teoria estuda o comportamen- to moral e relaciona a moral como uma pr\u00e1tica, entendida por Cortella (2007, p. 103) como o \u201cexerc\u00edcio das condutas\u201d.<br \/>\n\n\n\n\n<h2 class=\"wp-block-heading\">Qual o conceito de Ecologia?<\/h2>\n\n\n<p class=\"wp-block-paragraph\"><\/p>Ecologia \u00e9 a parte da Biologia que se preocupa com o estudo das rela\u00e7\u00f5es estabelecidas entre os seres vivos e destes com o meio ambiente em que vivem. \u00c9 um termo derivado do grego que foi formado a partir das jun\u00e7\u00f5es das palavras \u201coikos\u201d e \u201clogos\u201d, que significam, respectivamente, casa e estudo.<br \/>\n\n\n","protected":false},"excerpt":{"rendered":"<p>O que se entende por eco\u00e9tica? Conclui- se que a Eco\u00e9tica oferece uma base para reinterpretar a natureza no direito, promovendo um ecocentrismo que reconhece a natureza como sujeito de direitos e contribui para a justi\u00e7a clim\u00e1tica e a sustentabilidade. Palavras chaves: Eco\u00e9tica ; Filosofia do Direito; Rela\u00e7\u00e3o Humano-Natureza; Decolonialidade; ODS 13. O que \u00e9 [&hellip;]<\/p>\n","protected":false},"author":2,"featured_media":0,"comment_status":"open","ping_status":"closed","sticky":false,"template":"","format":"standard","meta":{"footnotes":""},"categories":[1],"tags":[],"class_list":["post-5782","post","type-post","status-publish","format-standard","hentry","category-conteudo"],"_links":{"self":[{"href":"https:\/\/ammabarbacena.com.br\/perguntas-frequentes\/wp-json\/wp\/v2\/posts\/5782","targetHints":{"allow":["GET"]}}],"collection":[{"href":"https:\/\/ammabarbacena.com.br\/perguntas-frequentes\/wp-json\/wp\/v2\/posts"}],"about":[{"href":"https:\/\/ammabarbacena.com.br\/perguntas-frequentes\/wp-json\/wp\/v2\/types\/post"}],"author":[{"embeddable":true,"href":"https:\/\/ammabarbacena.com.br\/perguntas-frequentes\/wp-json\/wp\/v2\/users\/2"}],"replies":[{"embeddable":true,"href":"https:\/\/ammabarbacena.com.br\/perguntas-frequentes\/wp-json\/wp\/v2\/comments?post=5782"}],"version-history":[{"count":1,"href":"https:\/\/ammabarbacena.com.br\/perguntas-frequentes\/wp-json\/wp\/v2\/posts\/5782\/revisions"}],"predecessor-version":[{"id":5783,"href":"https:\/\/ammabarbacena.com.br\/perguntas-frequentes\/wp-json\/wp\/v2\/posts\/5782\/revisions\/5783"}],"wp:attachment":[{"href":"https:\/\/ammabarbacena.com.br\/perguntas-frequentes\/wp-json\/wp\/v2\/media?parent=5782"}],"wp:term":[{"taxonomy":"category","embeddable":true,"href":"https:\/\/ammabarbacena.com.br\/perguntas-frequentes\/wp-json\/wp\/v2\/categories?post=5782"},{"taxonomy":"post_tag","embeddable":true,"href":"https:\/\/ammabarbacena.com.br\/perguntas-frequentes\/wp-json\/wp\/v2\/tags?post=5782"}],"curies":[{"name":"wp","href":"https:\/\/api.w.org\/{rel}","templated":true}]}}