{"id":5502,"date":"2025-07-18T17:55:39","date_gmt":"2025-07-18T17:55:39","guid":{"rendered":"http:\/\/229a2e75-9490-4f66-b1b6-37ba7654c424"},"modified":"2025-07-18T17:55:39","modified_gmt":"2025-07-18T17:55:39","slug":"o-que-e-tronco-linguistico","status":"publish","type":"post","link":"https:\/\/ammabarbacena.com.br\/perguntas-frequentes\/o-que-e-tronco-linguistico\/","title":{"rendered":"O que \u00e9 tronco linguistico"},"content":{"rendered":"\n\n<h2 class=\"wp-block-heading\">O que \u00e9 um tronco lingu\u00edstico?<\/h2>\n\nO tronco lingu\u00edstico \u00e9 um conjunto de l\u00ednguas que t\u00eam a mesma origem : uma l\u00edngua mais antiga, que n\u00e3o \u00e9 mais falada. Como essa l\u00edngua de origem existiu h\u00e1 milhares de anos, as semelhan\u00e7as entre as l\u00ednguas que vieram dela s\u00e3o muito dif\u00edceis de serem percebidas.<br \/>\n\n\n\n\n<h2 class=\"wp-block-heading\">Qual \u00e9 o significado de tronco lingu\u00edstico?<\/h2>\n\n\n<p><\/p>O tronco lingu\u00edstico \u00e9 um conjunto de l\u00ednguas que t\u00eam a mesma origem : uma l\u00edngua mais antiga, que n\u00e3o \u00e9 mais falada. Como essa l\u00edngua de origem existiu h\u00e1 milhares de anos, as semelhan\u00e7as entre as l\u00ednguas que vieram dela s\u00e3o muito dif\u00edceis de serem percebidas.<br \/>\n\n\n\n\n<h2 class=\"wp-block-heading\">O que s\u00e3o troncos?<\/h2>\n\n\n<p><\/p>Nas plantas, um tronco \u00e9 um tipo de caule lenhoso, resistente, cil\u00edndrico ou c\u00f4nico e tamb\u00e9m mais largo na base que no topo, com ramifica\u00e7\u00f5es, que se formam a partir de certa altura. \u00c9 o caule exclusivo das \u00e1rvores.<br \/>\n\n\n\n\n<h2 class=\"wp-block-heading\">O que \u00e9 tronco lingu\u00edstico tupi?<\/h2>\n\nO tronco lingu\u00edstico Tupi \u00e9 constitu\u00eddo por dez fam\u00edlias lingu\u00edsticas para as quais \u00e9 admitida uma origem pr\u00e9-hist\u00f3rica comum. Estas fam\u00edlias s\u00e3o reconhecidas como aparentadas geneticamente num n\u00edvel mais remoto, constituindo um conjunto de conjuntos, a que se chama tronco lingu\u00edstico, nesse caso o tronco Tupi.<br \/>\n\n\n\n\n<h2 class=\"wp-block-heading\">O que significa tronco lingu\u00edstico Tupi?<\/h2>\n\n\n<p><\/p>O tronco lingu\u00edstico Tupi \u00e9 constitu\u00eddo por dez fam\u00edlias lingu\u00edsticas para as quais \u00e9 admitida uma origem pr\u00e9-hist\u00f3rica comum. Estas fam\u00edlias s\u00e3o reconhecidas como aparentadas geneticamente num n\u00edvel mais remoto, constituindo um conjunto de conjuntos, a que se chama tronco lingu\u00edstico, nesse caso o tronco Tupi.<br \/>\n\n\n\n\n<h2 class=\"wp-block-heading\">Quais s\u00e3o as caracter\u00edsticas lingu\u00edsticas das l\u00ednguas tupi?<\/h2>\n\n\n<p><\/p>O tupi \u00e9 uma l\u00edngua SOV (sujeito-objeto-verbo), mas, por influ\u00eancia do portugu\u00eas, foi se tornando SVO (sujeito-verbo-objeto) com o tempo. Apresenta um sistema voc\u00e1lico sim\u00e9trico, no qual cada uma das vogais orais possui seu equivalente nasal: \/i\/, \/\u0129\/; \/\u0268\/, \/\u0268\u0303\/; \/u\/, \/\u0169\/; \/\u025b\/, \/\u025b\u0303\/; \/\u0254\/, \/\u0254\u0303\/; \/a\/, \/\u00e3\/.<br \/>\n\n\n\n\n<h2 class=\"wp-block-heading\">Quais s\u00e3o os povos do tronco lingu\u00edstico Tupi?<\/h2>\n\n\n<p><\/p><p>Povo | Popula\u00e7\u00e3o<\/p><table border=\"1\"><tr><td>Arik\u00e9m<\/td><td>311<\/td><\/tr><tr><td>Tupar\u00ed<\/td><td>1196<\/td><\/tr><tr><td>Mond\u00e9<\/td><td>4789<\/td><\/tr><tr><td>Purobor\u00e1<\/td><td>160<\/td><\/tr><\/table><br \/>\n\n\n\n\n<h2 class=\"wp-block-heading\">Qual \u00e9 o tronco lingu\u00edstico da l\u00edngua portuguesa?<\/h2>\n\nA l\u00edngua portuguesa \u00e9 uma l\u00edngua neolatina, formada da mistura de muito latim vulgar e mais a influ\u00eancia \u00e1rabe e das tribos que viviam na regi\u00e3o. Sua origem est\u00e1 altamente conectada a outra l\u00edngua (o galego), mas, o portugu\u00eas \u00e9 uma l\u00edngua pr\u00f3pria e independente.<br \/>\n\n\n\n\n<h2 class=\"wp-block-heading\">Qual \u00e9 o tronco lingu\u00edstico?<\/h2>\n\n\n<p><\/p>Tronco lingu\u00edstico \u00e9 um conjunto de fam\u00edlias lingu\u00edsticas. A origem comum das fam\u00edlias que integram o mesmo tronco \u00e9, no entanto, muito remota (\u00e0s vezes situada h\u00e1 milhares de anos) e, por essa raz\u00e3o, as semelhan\u00e7as entre l\u00ednguas de um mesmo tronco (o lituano e o portugu\u00eas, por exemplo) podem ser muito sutis.<br \/>\n\n\n\n\n<h2 class=\"wp-block-heading\">Qual o principal tronco ind\u00edgena do Brasil?<\/h2>\n\n\n<p><\/p>O tupi n\u00e3o \u00e9 o \u00fanico tronco lingu\u00edstico ind\u00edgena existente no Brasil. O tronco macro-j\u00ea \u00e9 outro grande exemplo. Depois de um tempo, essa l\u00edngua geral foi deixada de lado e o portugu\u00eas passa a ser usado como l\u00edngua oficial. Mas, nesse ponto, a influ\u00eancia j\u00e1 era grande demais para ser apagada.<br \/>\n\n\n\n\n<h2 class=\"wp-block-heading\">Qual \u00e9 o tronco lingu\u00edstico do guarani?<\/h2>\n\n\n<p><\/p>O termo tupi-guarani \u00e9 designado para definir uma das dez fam\u00edlias lingu\u00edsticas do tronco tupi. Os demais troncos lingu\u00edsticos identificados no Brasil s\u00e3o o tronco J\u00ea e Arauak, dos quais derivam o conjunto de l\u00ednguas dos povos ind\u00edgenas que habitavam o Brasil na chegada dos colonizadores portugueses.<br \/>\n\n\n\n\n<h2 class=\"wp-block-heading\">Qual o tronco da l\u00edngua inglesa?<\/h2>\n\n\n<p><\/p>O vocabul\u00e1rio, em sua grande parte, deve-se do tronco germ\u00e2nico, ainda que o Latim tenha influenciado a esses povos germ\u00e2nicos devido ao contato com a cultura romana.<br \/>\n\n\n\n\n<h2 class=\"wp-block-heading\">Quais s\u00e3o os 4 troncos lingu\u00edsticos?<\/h2>\n\n\n\n<ul class=\"wp-block-list\">\n<li>Fam\u00edlias lingu\u00edsticas do tronco Tupi.<\/li>\n<li>Fam\u00edlias lingu\u00edsticas do tronco Macro-J\u00ea<\/li>\n<li>Outras fam\u00edlias lingu\u00edsticas.<\/li>\n<\/ul>\n\n\n\n\n<h2 class=\"wp-block-heading\">Quais s\u00e3o os principais grupos lingu\u00edsticos?<\/h2>\n\n\n<p><\/p>\n\n<ul class=\"wp-block-list\">\n<li>Nigero-congolesas (1514 l\u00ednguas)<\/li>\n<li>Austron\u00e9sias (1268 l\u00ednguas)<\/li>\n<li>Trans-neoguineanas (564 l\u00ednguas) (validade disputada)<\/li>\n<li>Indo-europeias (449 l\u00ednguas)<\/li>\n<li>Sino-tibetanas (403 l\u00ednguas)<\/li>\n<li>Afro-asi\u00e1ticas (375 l\u00ednguas)<\/li>\n<\/ul>\n\n\n\n\n<h2 class=\"wp-block-heading\">O que \u00e9 o tronco Macro-J\u00ea?<\/h2>\n\n\n<p><\/p>O tronco lingu\u00edstico Macro-J\u00ea \u00e9 um dos maiores agrupamentos gen\u00e9ticos de l\u00ednguas da Am\u00e9rica do Sul e tem a caracter\u00edstica de, apesar de sua consider\u00e1vel amplitude geogr\u00e1fica, situar-se exclusivamente no Brasil.<br \/>\n\n\n\n\n<h2 class=\"wp-block-heading\">Quais s\u00e3o os principais troncos lingu\u00edsticos do continente europeu?<\/h2>\n\n\n<p><\/p>A Europa \u00e9 dividida em grandes \u00e1reas segundo fam\u00edlias lingu\u00edsticas. S\u00e3o elas: Europa latina (l\u00ednguas rom\u00e2nicas), Europa germ\u00e2nica (l\u00ednguas germ\u00e2nicas), Europa eslava (l\u00ednguas eslavas), e Europa celta (l\u00ednguas c\u00e9lticas).<br \/>\n\n\n\n\n<h2 class=\"wp-block-heading\">Como \u00e9 o tronco da l\u00edngua?<\/h2>\n\nTronco lingu\u00edstico \u00e9 um conjunto de fam\u00edlias lingu\u00edsticas. A origem comum das fam\u00edlias que integram o mesmo tronco \u00e9, no entanto, muito remota (\u00e0s vezes situada h\u00e1 milhares de anos) e, por essa raz\u00e3o, as semelhan\u00e7as entre l\u00ednguas de um mesmo tronco (o lituano e o portugu\u00eas, por exemplo) podem ser muito sutis.<br \/>\n\n\n\n\n<h2 class=\"wp-block-heading\">O que \u00e9 dor no tronco da l\u00edngua?<\/h2>\n\n\n<p><\/p>A dor intensa na l\u00edngua ou na boca toda pode ser causada pela s\u00edndrome de ardor bucal. Geralmente, para encontrar a causa do desconforto \u00e9 iniciado um processo de elimina\u00e7\u00e3o. O desconforto na l\u00edngua n\u00e3o causado por uma infec\u00e7\u00e3o normalmente \u00e9 tratado com elimina\u00e7\u00e3o da causa.<br \/>\n\n\n\n\n<h2 class=\"wp-block-heading\">Qual o tronco da l\u00edngua Tupi?<\/h2>\n\n\n<p><\/p>O tronco lingu\u00edstico Tupi \u00e9 constitu\u00eddo por dez fam\u00edlias lingu\u00edsticas para as quais \u00e9 admitida uma origem pr\u00e9-hist\u00f3rica comum. Estas fam\u00edlias s\u00e3o reconhecidas como aparentadas geneticamente num n\u00edvel mais remoto, constituindo um conjunto de conjuntos, a que se chama tronco lingu\u00edstico, nesse caso o tronco Tupi.<br \/>\n\n\n\n\n<h2 class=\"wp-block-heading\">Quando devo me preocupar com a l\u00edngua?<\/h2>\n\n\n<p><\/p>\u00c1reas vermelhas ou brancas inexplic\u00e1veis, feridas ou tumora\u00e7\u00f5es (particularmente, se forem duras) na l\u00edngua \u2013 especialmente se forem indolores \u2013 podem ser sinais de c\u00e2ncer e requerem uma observa\u00e7\u00e3o por um m\u00e9dico ou dentista.<br \/>\n\n\n\n\n<h2 class=\"wp-block-heading\">O que \u00e9 um tronco de voz?<\/h2>\n\nO que \u00e9 e como funciona um tronco de voz? O tronco de voz \u00e9 um tipo de servi\u00e7o avan\u00e7ado de telecom que oferece a interliga\u00e7\u00e3o entre a central telef\u00f4nica da sua empresa e a operadora de telefonia. Por interm\u00e9dio desse tronco de voz, \u00e9 poss\u00edvel receber e fazer liga\u00e7\u00f5es externas.<br \/>\n\n\n\n\n<h2 class=\"wp-block-heading\">O que \u00e9 um tronco E1?<\/h2>\n\n\n<p><\/p>\n\n<ul class=\"wp-block-list\">\n<li>Entendendo o Tronco E1 SIP<\/li>\n<li> O Tronco E1 SIP oferece a capacidade de conectar m\u00faltiplas linhas de telefone a um PBX ou a uma central telef\u00f4nica. O E1 \u00e9 uma tecnologia de telecomunica\u00e7\u00f5es espec\u00edfica, muito utilizada em telecomunica\u00e7\u00f5es, que permite a transmiss\u00e3o de voz, dados ou v\u00eddeo.<\/li>\n<\/ul>\n\n\n\n\n<h2 class=\"wp-block-heading\">Como funciona um tronco SIP?<\/h2>\n\n\n<p><\/p>O tronco SIP serve de intermedi\u00e1rio entre as conex\u00f5es telef\u00f4nicas da companhia e o provedor de servi\u00e7os de telefonia pela Internet (ITSP). Podemos pensar no tronco SIP como uma linha telef\u00f4nica virtual que conecta uma resid\u00eancia ou empresa a um provedor de servi\u00e7os de telefonia.<br \/>\n\n\n\n\n<h2 class=\"wp-block-heading\">O que \u00e9 o E1?<\/h2>\n\n\n<p><\/p>O E1, tamb\u00e9m conhecido como E-Carrier, \u00e9 um sistema \u00e9 baseado em placas, podendo ser dividido em 32 canais, sendo 30 para liga\u00e7\u00f5es. Os dois restantes ficam reservados para fins de sinaliza\u00e7\u00e3o. Ele \u00e9 utilizado para consolidar o tr\u00e1fego de voz e acessar redes p\u00fablicas telef\u00f4nicas comutadas.<br \/>\n\n\n\n\n<h2 class=\"wp-block-heading\">O que \u00e9 rede tronco?<\/h2>\n\n\n<p><\/p>Tronco Internet \u00e9 o ambiente de rede que liga os servi\u00e7os fornecidos pelo Serpro \u00e0 internet, disponibilizando acesso para internautas, empresas e governo. Adicionalmente, passam pelo Tronco os acessos dos usu\u00e1rios do Serpro e seus clientes.<br \/>\n\n\n","protected":false},"excerpt":{"rendered":"<p>O que \u00e9 um tronco lingu\u00edstico? O tronco lingu\u00edstico \u00e9 um conjunto de l\u00ednguas que t\u00eam a mesma origem : uma l\u00edngua mais antiga, que n\u00e3o \u00e9 mais falada. Como essa l\u00edngua de origem existiu h\u00e1 milhares de anos, as semelhan\u00e7as entre as l\u00ednguas que vieram dela s\u00e3o muito dif\u00edceis de serem percebidas. Qual \u00e9 [&hellip;]<\/p>\n","protected":false},"author":2,"featured_media":0,"comment_status":"open","ping_status":"closed","sticky":false,"template":"","format":"standard","meta":{"footnotes":""},"categories":[1],"tags":[],"class_list":["post-5502","post","type-post","status-publish","format-standard","hentry","category-conteudo"],"_links":{"self":[{"href":"https:\/\/ammabarbacena.com.br\/perguntas-frequentes\/wp-json\/wp\/v2\/posts\/5502","targetHints":{"allow":["GET"]}}],"collection":[{"href":"https:\/\/ammabarbacena.com.br\/perguntas-frequentes\/wp-json\/wp\/v2\/posts"}],"about":[{"href":"https:\/\/ammabarbacena.com.br\/perguntas-frequentes\/wp-json\/wp\/v2\/types\/post"}],"author":[{"embeddable":true,"href":"https:\/\/ammabarbacena.com.br\/perguntas-frequentes\/wp-json\/wp\/v2\/users\/2"}],"replies":[{"embeddable":true,"href":"https:\/\/ammabarbacena.com.br\/perguntas-frequentes\/wp-json\/wp\/v2\/comments?post=5502"}],"version-history":[{"count":1,"href":"https:\/\/ammabarbacena.com.br\/perguntas-frequentes\/wp-json\/wp\/v2\/posts\/5502\/revisions"}],"predecessor-version":[{"id":5503,"href":"https:\/\/ammabarbacena.com.br\/perguntas-frequentes\/wp-json\/wp\/v2\/posts\/5502\/revisions\/5503"}],"wp:attachment":[{"href":"https:\/\/ammabarbacena.com.br\/perguntas-frequentes\/wp-json\/wp\/v2\/media?parent=5502"}],"wp:term":[{"taxonomy":"category","embeddable":true,"href":"https:\/\/ammabarbacena.com.br\/perguntas-frequentes\/wp-json\/wp\/v2\/categories?post=5502"},{"taxonomy":"post_tag","embeddable":true,"href":"https:\/\/ammabarbacena.com.br\/perguntas-frequentes\/wp-json\/wp\/v2\/tags?post=5502"}],"curies":[{"name":"wp","href":"https:\/\/api.w.org\/{rel}","templated":true}]}}