{"id":5044,"date":"2025-07-18T13:25:42","date_gmt":"2025-07-18T13:25:42","guid":{"rendered":"http:\/\/57cd3a5e-a9c5-49ec-8be9-01f9d18d2fc9"},"modified":"2025-07-18T13:25:42","modified_gmt":"2025-07-18T13:25:42","slug":"o-que-e-hepatocoledoco","status":"publish","type":"post","link":"https:\/\/ammabarbacena.com.br\/perguntas-frequentes\/o-que-e-hepatocoledoco\/","title":{"rendered":"O que \u00e9 hepatocol\u00e9doco"},"content":{"rendered":"\n\n<h2 class=\"wp-block-heading\">O que \u00e9 hepato-col\u00e9doco?<\/h2>\n\nA coledocolit\u00edase \u00e9 uma condi\u00e7\u00e3o m\u00e9dica relativamente comum caracterizada pela presen\u00e7a de c\u00e1lculos (\u201cpedras\u201d) na via biliar principal, chamada de ducto col\u00e9doco. Esses c\u00e1lculos se formam quando subst\u00e2ncias presentes na bile, como colesterol, bilirrubina e sais biliares, se solidificam e se acumulam na via biliar.<br \/>\n\n\n\n\n<h2 class=\"wp-block-heading\">O que \u00e9 col\u00e9doco no f\u00edgado?<\/h2>\n\n\n<p><\/p>Introdu\u00e7\u00e3o e defini\u00e7\u00e3o. O ducto col\u00e9doco \u00e9 formado pela uni\u00e3o do ducto hep\u00e1tico comum \u2013 que deriva da jun\u00e7\u00e3o do do ducto hep\u00e1tico direito e esquerdo \u2013 ao ducto c\u00edstico. Tem como fun\u00e7\u00e3o o transporte da bile para o duodeno, e, por isso, durante muito tempo recebeu a denomina\u00e7\u00e3o de ducto biliar.<br \/>\n\n\n\n\n<h2 class=\"wp-block-heading\">O que \u00e9 dilata\u00e7\u00e3o do hepatocoledoco?<\/h2>\n\nS\u00e3o dilata\u00e7\u00f5es que podem ser \u00fanicas ou m\u00faltiplas por todo o sistema de drenagem da bile, chamado de \u00e1rvore biliar (ductos hep\u00e1ticos, ducto hep\u00e1tico comum, col\u00e9doco). S\u00e3o conhecidos tamb\u00e9m como cisto de col\u00e9doco.<br \/>\n\n\n\n\n<h2 class=\"wp-block-heading\">O que \u00e9 hepatocoledoco dilatado?<\/h2>\n\n\n<p><\/p>\u00c9 a presen\u00e7a de pedras no interior dos canais biliares (ducto hep\u00e1tico comum e col\u00e9doco).<br \/>\n\n\n\n\n<h2 class=\"wp-block-heading\">Qual o significado da palavra hepatocoledoco?<\/h2>\n\n\n<p><\/p>Ducto que leva a bile ao duodeno.<br \/>\n\n\n\n\n<h2 class=\"wp-block-heading\">O que causa dilata\u00e7\u00e3o do col\u00e9doco?<\/h2>\n\n\n<p><\/p>Obstru\u00e7\u00f5es completas provocam dilata\u00e7\u00e3o de vias biliares, icter\u00edcia e, algumas vezes, infec\u00e7\u00e3o bacteriana (colangite). C\u00e1lculos que obstruem a ampola de Vater podem causar pancreatite biliar.<br \/>\n\n\n\n\n<h2 class=\"wp-block-heading\">Qual o tamanho normal do hepatocoledoco?<\/h2>\n\n\n<p><\/p>Sinais de aerobilia, associada a moderada dilata\u00e7\u00e3o das vias biliares intra-hep\u00e1ticas (um pouco mais proeminente do que encontrado em pacientes colecistectomizados), sem fator obstrutivo detect\u00e1vel no presente estudo, sendo o hepatocol\u00e9doco mede cerca de 1,2 cm.<br \/>\n\n\n\n\n<h2 class=\"wp-block-heading\">Qual o tamanho normal do col\u00e9doco?<\/h2>\n\nO di\u00e2metro considerado normal de um col\u00e9doco \u00e9 de at\u00e9 6 mm. Em pacientes mais idosos, o col\u00e9doco normal pode ter um di\u00e2metro maior. Pacientes j\u00e1 submetidos a colecistectomia podem apresentar col\u00e9doco dilatado, de at\u00e9 10 mm, sem necessariamente apresentar obstru\u00e7\u00e3o por c\u00e1lculos.<br \/>\n\n\n\n\n<h2 class=\"wp-block-heading\">Qual o valor normal do col\u00e9doco dilatado?<\/h2>\n\n\n<p><\/p>Confira algumas refer\u00eancias importantes: 1\ufe0f\u20e3 Adultos com ves\u00edcula: \u22646 mm \u00e9 considerado normal. 2\ufe0f\u20e3 P\u00f3s-colecistectomia: Pode atingir 8\u201310 mm devido \u00e0 dilata\u00e7\u00e3o compensat\u00f3ria. 3\ufe0f\u20e3 Idosos (&gt;60 anos): Aumento de 1 mm por d\u00e9cada, at\u00e9 7\u20138 mm \u00e9 esperado. 4\ufe0f\u20e3 Crian\u00e7as: Normalmente &lt;4 mm.<br \/>\n\n\n\n\n<h2 class=\"wp-block-heading\">O que \u00e9 col\u00e9doco dilatado?<\/h2>\n\n\n<p><\/p>O cisto de col\u00e9doco \u00e9 uma dilata\u00e7\u00e3o anormal da via biliar, que pode ocorrer em segmentos intra-hep\u00e1ticos, extra-hep\u00e1ticos ou em ambos. Trata-se de uma condi\u00e7\u00e3o de origem cong\u00eanita ou adquirida, mais frequentemente diagnosticada na inf\u00e2ncia, embora tamb\u00e9m possa ser identificada em adultos.<br \/>\n\n\n\n\n<h2 class=\"wp-block-heading\">Qual o di\u00e2metro do ducto biliar?<\/h2>\n\n\n<p><\/p>O di\u00e2metro normal do ducto biliar comum varia de 4 mm a 7 mm. A dilata\u00e7\u00e3o deste ducto geralmente indica uma obstru\u00e7\u00e3o distal por um c\u00e1lculo do ducto biliar comum, estenose benigna ou neoplasia do ducto biliar, cabe\u00e7a pancre\u00e1tica ou ampola de Vater.<br \/>\n\n\n\n\n<h2 class=\"wp-block-heading\">Quais os sintomas do col\u00e9doco?<\/h2>\n\nIcter\u00edcia (pele e olhos amarelados); Coceira na pele; Urina escura; Fezes claras.<br \/>\n\n\n\n\n<h2 class=\"wp-block-heading\">O que causa a dilata\u00e7\u00e3o do col\u00e9doco?<\/h2>\n\n\n<p><\/p>Causa. O mais comum \u00e9 um c\u00e1lculo da ves\u00edcula biliar migrar para o interior dos canais biliares, causando obstru\u00e7\u00e3o do fluxo da bile. Existem c\u00e1lculos que ser formam no interior da pr\u00f3pria via biliar, o que \u00e9 mais raro.<br \/>\n\n\n\n\n<h2 class=\"wp-block-heading\">Quais s\u00e3o os sintomas de pedra no col\u00e9doco?<\/h2>\n\n\n<p><\/p>\n\n<ul class=\"wp-block-list\">\n<li>Sintomas de coledocolit\u00edase<\/li>\n<li> N\u00e1useas e v\u00f4mitos; Febre; Icter\u00edcia (pele e olhos amarelados);<\/li>\n<\/ul>\n\n\n\n\n<h2 class=\"wp-block-heading\">Quais s\u00e3o os sintomas da inflama\u00e7\u00e3o do col\u00e9doco?<\/h2>\n\n\n<p><\/p>Coledocolit\u00edase \u00e9 a presen\u00e7a de um c\u00e1lculo biliar no ducto biliar comum. Esse \u00e9 o ducto que transporta a bile da ves\u00edcula biliar. C\u00e1lculos biliares nessa passagem estreita representam um risco de obstru\u00e7\u00e3o do fluxo da bile. Uma obstru\u00e7\u00e3o pode causar dor, inflama\u00e7\u00e3o e complica\u00e7\u00f5es graves.<br \/>\n\n\n\n\n<h2 class=\"wp-block-heading\">O que o ducto col\u00e9doco faz?<\/h2>\n\n\n<p><\/p>Introdu\u00e7\u00e3o e defini\u00e7\u00e3o. O ducto col\u00e9doco \u00e9 formado pela uni\u00e3o do ducto hep\u00e1tico comum \u2013 que deriva da jun\u00e7\u00e3o do do ducto hep\u00e1tico direito e esquerdo \u2013 ao ducto c\u00edstico. Tem como fun\u00e7\u00e3o o transporte da bile para o duodeno, e, por isso, durante muito tempo recebeu a denomina\u00e7\u00e3o de ducto biliar.<br \/>\n\n\n\n\n<h2 class=\"wp-block-heading\">O cisto de col\u00e9doco \u00e9 grave?<\/h2>\n\n\n\n<h2 class=\"wp-block-heading\">O que \u00e9 cisto no col\u00e9doco?<\/h2>\n\n\n<p><\/p>Um cisto de col\u00e9doco (CC) ou cisto biliar \u00e9 uma anomalia cong\u00eanita ou adquirida que afeta a \u00e1rvore biliar. Envolve a dilata\u00e7\u00e3o da \u00e1rvore biliar, podendo afetar os segmentos extra-hep\u00e1ticos e\/ou intra-hep\u00e1ticos. O diagn\u00f3stico e o tratamento precoces s\u00e3o essenciais.<br \/>\n\n\n\n\n<h2 class=\"wp-block-heading\">Como \u00e9 realizada a cirurgia para cisto de col\u00e9doco?<\/h2>\n\n\n<p><\/p>Trata-se de uma cirurgia de grande porte, realizada pela via aberta ou, preferencialmente, pela via laparosc\u00f3pica. Nesse \u00faltimo caso, o aux\u00edlio da rob\u00f3tica melhora a precis\u00e3o do procedimento. Alguns casos selecionados, mais raros, o tratamento \u00e9 endosc\u00f3pico.<br \/>\n\n\n\n\n<h2 class=\"wp-block-heading\">Qual \u00e9 a fun\u00e7\u00e3o do col\u00e9doco?<\/h2>\n\n\n<p><\/p>Introdu\u00e7\u00e3o e defini\u00e7\u00e3o. O ducto col\u00e9doco \u00e9 formado pela uni\u00e3o do ducto hep\u00e1tico comum \u2013 que deriva da jun\u00e7\u00e3o do do ducto hep\u00e1tico direito e esquerdo \u2013 ao ducto c\u00edstico. Tem como fun\u00e7\u00e3o o transporte da bile para o duodeno, e, por isso, durante muito tempo recebeu a denomina\u00e7\u00e3o de ducto biliar.<br \/>\n\n\n\n\n<h2 class=\"wp-block-heading\">Quais s\u00e3o os sintomas de um problema no f\u00edgado no ducto biliar?<\/h2>\n\n\n\n<h2 class=\"wp-block-heading\">Quais s\u00e3o os sintomas de problemas no ducto biliar?<\/h2>\n\n\n<p><\/p>As doen\u00e7as do ducto biliar costumam causar sintomas relacionados aos produtos hep\u00e1ticos que se acumulam e vazam na corrente sangu\u00ednea. Outros sintomas resultam da falha dos ductos biliares em fornecer certos sucos digestivos (sais biliares) ao intestino, impedindo a absor\u00e7\u00e3o de algumas gorduras e vitaminas.<br \/>\n\n\n\n\n<h2 class=\"wp-block-heading\">Quais s\u00e3o os sintomas da doen\u00e7a autoimune das vias biliares?<\/h2>\n\n\n<p><\/p>A colangite biliar prim\u00e1ria (CBP) resulta provavelmente de uma rea\u00e7\u00e3o autoimune. Este dist\u00farbio comumente causa coceira, fadiga, boca e olhos secos e icter\u00edcia, mas algumas pessoas n\u00e3o apresentam sintomas. Um exame de sangue para medir determinados anticorpos geralmente consegue confirmar o diagn\u00f3stico.<br \/>\n\n\n\n\n<h2 class=\"wp-block-heading\">O que \u00e9 ducto biliar no f\u00edgado?<\/h2>\n\n\n<p><\/p>Os ductos biliares s\u00e3o pequenos canais que conectam alguns \u00f3rg\u00e3os do sistema digestivo . Sua fun\u00e7\u00e3o \u00e9 transportar a bile entre esses \u00f3rg\u00e3os.<br \/>\n\n\n","protected":false},"excerpt":{"rendered":"<p>O que \u00e9 hepato-col\u00e9doco? A coledocolit\u00edase \u00e9 uma condi\u00e7\u00e3o m\u00e9dica relativamente comum caracterizada pela presen\u00e7a de c\u00e1lculos (\u201cpedras\u201d) na via biliar principal, chamada de ducto col\u00e9doco. Esses c\u00e1lculos se formam quando subst\u00e2ncias presentes na bile, como colesterol, bilirrubina e sais biliares, se solidificam e se acumulam na via biliar. O que \u00e9 col\u00e9doco no f\u00edgado? [&hellip;]<\/p>\n","protected":false},"author":2,"featured_media":0,"comment_status":"open","ping_status":"closed","sticky":false,"template":"","format":"standard","meta":{"footnotes":""},"categories":[1],"tags":[],"class_list":["post-5044","post","type-post","status-publish","format-standard","hentry","category-conteudo"],"_links":{"self":[{"href":"https:\/\/ammabarbacena.com.br\/perguntas-frequentes\/wp-json\/wp\/v2\/posts\/5044","targetHints":{"allow":["GET"]}}],"collection":[{"href":"https:\/\/ammabarbacena.com.br\/perguntas-frequentes\/wp-json\/wp\/v2\/posts"}],"about":[{"href":"https:\/\/ammabarbacena.com.br\/perguntas-frequentes\/wp-json\/wp\/v2\/types\/post"}],"author":[{"embeddable":true,"href":"https:\/\/ammabarbacena.com.br\/perguntas-frequentes\/wp-json\/wp\/v2\/users\/2"}],"replies":[{"embeddable":true,"href":"https:\/\/ammabarbacena.com.br\/perguntas-frequentes\/wp-json\/wp\/v2\/comments?post=5044"}],"version-history":[{"count":1,"href":"https:\/\/ammabarbacena.com.br\/perguntas-frequentes\/wp-json\/wp\/v2\/posts\/5044\/revisions"}],"predecessor-version":[{"id":5045,"href":"https:\/\/ammabarbacena.com.br\/perguntas-frequentes\/wp-json\/wp\/v2\/posts\/5044\/revisions\/5045"}],"wp:attachment":[{"href":"https:\/\/ammabarbacena.com.br\/perguntas-frequentes\/wp-json\/wp\/v2\/media?parent=5044"}],"wp:term":[{"taxonomy":"category","embeddable":true,"href":"https:\/\/ammabarbacena.com.br\/perguntas-frequentes\/wp-json\/wp\/v2\/categories?post=5044"},{"taxonomy":"post_tag","embeddable":true,"href":"https:\/\/ammabarbacena.com.br\/perguntas-frequentes\/wp-json\/wp\/v2\/tags?post=5044"}],"curies":[{"name":"wp","href":"https:\/\/api.w.org\/{rel}","templated":true}]}}