{"id":4994,"date":"2025-07-18T06:39:51","date_gmt":"2025-07-18T06:39:51","guid":{"rendered":"http:\/\/c3d12cf5-98af-4636-b625-fdf902e8c6ce"},"modified":"2025-07-18T06:39:51","modified_gmt":"2025-07-18T06:39:51","slug":"o-que-e-provab","status":"publish","type":"post","link":"https:\/\/ammabarbacena.com.br\/perguntas-frequentes\/o-que-e-provab\/","title":{"rendered":"O que \u00e9 provab"},"content":{"rendered":"\n\n<h2 class=\"wp-block-heading\">Como funciona o programa provab?<\/h2>\n\nO PROVAB prev\u00ea atua\u00e7\u00e3o de profissionais de sa\u00fade durante 12 meses em diversos postos de atua\u00e7\u00e3o pelo pa\u00eds, supervisionados por uma institui\u00e7\u00e3o supervisora, sendo obrigat\u00f3ria a participa\u00e7\u00e3o em curso de especializa\u00e7\u00e3o em Aten\u00e7\u00e3o B\u00e1sica provido pela Rede UNA-SUS.<br \/>\n\n\n\n\n<h2 class=\"wp-block-heading\">Como o Provab funciona?<\/h2>\n\n\n<p><\/p>O PROVAB prev\u00ea atua\u00e7\u00e3o de profissionais de sa\u00fade durante 12 meses em diversos postos de atua\u00e7\u00e3o pelo pa\u00eds, supervisionados por uma institui\u00e7\u00e3o supervisora, sendo obrigat\u00f3ria a participa\u00e7\u00e3o em curso de especializa\u00e7\u00e3o em Aten\u00e7\u00e3o B\u00e1sica provido pela Rede UNA-SUS.<br \/>\n\n\n\n\n<h2 class=\"wp-block-heading\">Quem tem direito ao programa PROVAB?<\/h2>\n\n\n<p><\/p>\u00c9 preciso cumprir uma carga hor\u00e1ria de 40 horas semanais, e o programa \u00e9 destinado para estudantes matriculados regularmente no 6\u00ba ou 5\u00ba ano no curso de Medicina do sistema federal de ensino. Para os que est\u00e3o matriculados nos anos anteriores, a carga hor\u00e1ria e o valor da bolsa caem pela metade.<br \/>\n\n\n\n\n<h2 class=\"wp-block-heading\">O Provab ainda existe?<\/h2>\n\n\n<p><\/p>O Governo Brasileiro divulgou, no dia 11 de novembro, o corte de benef\u00edcios e o cancelamento do PROVAB, Programa de Valoriza\u00e7\u00e3o do Profissional da Aten\u00e7\u00e3o B\u00e1sica, juntamente com o novo edital (confira ao final da mat\u00e9ria).<br \/>\n\n\n\n\n<h2 class=\"wp-block-heading\">Como funciona o programa Previne Brasil?<\/h2>\n\n\n<p><\/p>A proposta tem como princ\u00edpio a estrutura\u00e7\u00e3o de um modelo de financiamento focado em: Aumentar o acesso das pessoas aos servi\u00e7os da Aten\u00e7\u00e3o Prim\u00e1ria. Fortalecer o v\u00ednculo entre a popula\u00e7\u00e3o e a equipe. Utilizar mecanismos que induzem \u00e0 responsabiliza\u00e7\u00e3o dos gestores e profissionais pelas pessoas que assistem.<br \/>\n\n\n\n\n<h2 class=\"wp-block-heading\">Como participar do provab?<\/h2>\n\n\n<p><\/p>Os interessados podem se cadastrar no Programa por meio do site http:\/\/provab.saude.gov.br\/ at\u00e9 o dia 30 de janeiro. Os participantes do Programa cursar\u00e3o a especializa\u00e7\u00e3o de Sa\u00fade da Fam\u00edlia por 12 meses.<br \/>\n\n\n\n\n<h2 class=\"wp-block-heading\">Quem tem direito ao provab?<\/h2>\n\n\n\n<h2 class=\"wp-block-heading\">Como posso comprovar meu PROVAB?<\/h2>\n\n\n<p><\/p>Como comprovar? Em geral, o candidato precisa apresentar o comprovante do PROVAB no ato da inscri\u00e7\u00e3o, seja pela internet, Correios ou pessoalmente. \u00c9 a pr\u00f3pria banca do concurso que verifica o certificado e autoriza o uso da nota.<br \/>\n\n\n\n\n<h2 class=\"wp-block-heading\">Quem tem direito ao b\u00f4nus de 10% no programa Mais M\u00e9dicos?<\/h2>\n\n\n<p><\/p>O que \u00e9 a bonifica\u00e7\u00e3o e quem tem direito? A lei 12.871\/13, que criou o Programa Mais M\u00e9dicos, tamb\u00e9m estabeleceu que m\u00e9dicos que atuaram em a\u00e7\u00f5es de aten\u00e7\u00e3o b\u00e1sica em regi\u00f5es priorit\u00e1rias para o SUS teriam direito a um b\u00f4nus de 10% na nota de sele\u00e7\u00e3o para programas de resid\u00eancia m\u00e9dica.<br \/>\n\n\n\n\n<h2 class=\"wp-block-heading\">Quem tem direito ao programa Mais Futuro?<\/h2>\n\n\n<p><\/p>A iniciativa \u00e9 voltada a estudantes regularmente matriculados em cursos de gradua\u00e7\u00e3o presencial da Uesb, que ainda n\u00e3o tenham conclu\u00eddo outro curso de n\u00edvel superior e que se encontrem em situa\u00e7\u00e3o de vulnerabilidade socioecon\u00f4mica, de acordo com os crit\u00e9rios estabelecidos no Edital da sele\u00e7\u00e3o.<br \/>\n\n\n\n\n<h2 class=\"wp-block-heading\">O que significa a pontua\u00e7\u00e3o PROVAB?<\/h2>\n\nNa resid\u00eancia m\u00e9dica, o PROVAB equivale a uma pontua\u00e7\u00e3o de 10% a mais para os candidatos que comprovarem a participa\u00e7\u00e3o no programa. Ela pode ser aplicada em todas as fases das provas de resid\u00eancia, tanto de acesso direto quanto de pr\u00e9-requisito.<br \/>\n\n\n\n\n<h2 class=\"wp-block-heading\">Como funciona a pontua\u00e7\u00e3o do concurso p\u00fablico?<\/h2>\n\n\n<p><\/p>A pontua\u00e7\u00e3o \u00e9 calculada de acordo com crit\u00e9rios espec\u00edficos, como a forma\u00e7\u00e3o acad\u00eamica, experi\u00eancia profissional e cursos de capacita\u00e7\u00e3o. Cada item apresentado pelo candidato possui um valor pr\u00e9-estabelecido, que pode variar de acordo com o edital do concurso.<br \/>\n\n\n\n\n<h2 class=\"wp-block-heading\">Quais s\u00e3o os direitos dos participantes do Programa Mais M\u00e9dicos?<\/h2>\n\n\n<p><\/p>\n\n<ul class=\"wp-block-list\">\n<li>recesso anual remunerado de 30 dias.<\/li>\n<li>contribui\u00e7\u00e3o previdenci\u00e1ria custeada pelo Minist\u00e9rio da Sa\u00fade.<\/li>\n<li>Bolsa mensal: R$ 14.058,00.<\/li>\n<li>Aux\u00edlio-moradia e aux\u00edlio-alimenta\u00e7\u00e3o: Pagos pelos munic\u00edpios.<\/li>\n<\/ul>\n\n\n\n\n<h2 class=\"wp-block-heading\">O PROVAB acabou?<\/h2>\n\nO PROVAB acabou? Sim, o PROVAB foi descontinuado pelo Governo Federal em 2017. De l\u00e1 para c\u00e1, n\u00e3o foram mais abertos editais para que novos m\u00e9dicos pudessem se inscrever no programa.<br \/>\n\n\n\n\n<h2 class=\"wp-block-heading\">Quem tem direito ao programa Previne Brasil?<\/h2>\n\nTer\u00e3o direito ao pr\u00eamio Previne Brasil \u2013 Pagamento por Desempenho todos os m\u00e9dicos, enfermeiros, odont\u00f3logos, t\u00e9cnicos de enfermagem, t\u00e9cnicos de sa\u00fade bucal, agentes comunit\u00e1rios de sa\u00fade, os apoiadores institucionais e apoiadores operacionais, na forma definida no \u00a7 3\u00ba do artigo antecedente, e os servidores de n\u00edvel &#8230;<br \/>\n\n\n\n\n<h2 class=\"wp-block-heading\">Quem tem direito a receber o Previne Brasil?<\/h2>\n\n\n<p><\/p>Ter\u00e3o direito ao pr\u00eamio Previne Brasil \u2013 Pagamento por Desempenho todos os m\u00e9dicos, enfermeiros, odont\u00f3logos, t\u00e9cnicos de enfermagem, t\u00e9cnicos de sa\u00fade bucal, agentes comunit\u00e1rios de sa\u00fade, os apoiadores institucionais e apoiadores operacionais, na forma definida no \u00a7 3\u00ba do artigo antecedente, e os servidores de n\u00edvel &#8230;<br \/>\n\n\n\n\n<h2 class=\"wp-block-heading\">Quais os crit\u00e9rios do Previne Brasil?<\/h2>\n\n\n<p><\/p>\n\n<ul class=\"wp-block-list\">\n<li>Capita\u00e7\u00e3o ponderada.<\/li>\n<li>Pagamento por desempenho.<\/li>\n<li>Incentivo para a\u00e7\u00f5es estrat\u00e9gicas.<\/li>\n<\/ul>\n\n\n\n\n<h2 class=\"wp-block-heading\">Qual \u00e9 o valor do Previne Brasil?<\/h2>\n\n\n<p><\/p>a) Enfermeiros(as) \u2013 R$ 1.900,00 (mil e novecentos reais); b) T\u00e9cnicos(as) de Enfermagem e\/ou Auxiliares de Enfermagem \u2013 R$ 900,00 (novecentos reais). II \u2013 Equipe de Sa\u00fade Bucal: a) Odont\u00f3logo(a) \u2013 R$ 1.900,00 (mil e novecentos reais);<br \/>\n\n\n\n\n<h2 class=\"wp-block-heading\">O que \u00e9 a Gratifica\u00e7\u00e3o Previne Brasil?<\/h2>\n\n\n<p><\/p>A \u201cGratifica\u00e7\u00e3o por Desempenho &#8211; Metas Programa Previne Brasil\u201d criada pela Lei Municipal n\u00ba 3048\/2021, de Pai\u00e7andu-PR, apenas poder\u00e1 ser paga aos servidores p\u00fablicos municipais a partir de 1\u00ba de janeiro de 2022, vedada a retroa\u00e7\u00e3o de seus efeitos financeiros, tendo em vista a proibi\u00e7\u00e3o estabelecida pelo art.<br \/>\n\n\n\n\n<h2 class=\"wp-block-heading\">Qual o programa que vai substituir o Previne Brasil?<\/h2>\n\n\n<p><\/p>Uma iniciativa do Minist\u00e9rio da Sa\u00fade, em 2023, instituiu um novo modelo de aloca\u00e7\u00e3o do cofinanciamento federal para a Aten\u00e7\u00e3o Prim\u00e1ria \u00e0 Sa\u00fade (APS), por meio da Portaria n\u00ba 3.493\/2024, substituindo o Previne Brasil (Portaria n\u00ba 2.979\/2019).<br \/>\n\n\n\n\n<h2 class=\"wp-block-heading\">Como \u00e9 a resid\u00eancia de Medicina de Fam\u00edlia e Comunidade?<\/h2>\n\nA resid\u00eancia m\u00e9dica em Medicina da Fam\u00edlia e Comunidade \u00e9 de acesso direto e possui dura\u00e7\u00e3o de dois anos. Segundo a matriz curricular da \u00e1rea, estabelecida pelo MEC, o residente dividir\u00e1 seu tempo aprendendo e dominando os conhecimentos das seguintes \u00e1reas: Aten\u00e7\u00e3o prim\u00e1ria &#8211; Princ\u00edpios.<br \/>\n\n\n\n\n<h2 class=\"wp-block-heading\">Como \u00e9 a resid\u00eancia em Medicina da Fam\u00edlia e Comunidade?<\/h2>\n\n\n<p><\/p>A resid\u00eancia m\u00e9dica em Medicina da Fam\u00edlia e Comunidade \u00e9 de acesso direto e possui dura\u00e7\u00e3o de dois anos. Segundo a matriz curricular da \u00e1rea, estabelecida pelo MEC, o residente dividir\u00e1 seu tempo aprendendo e dominando os conhecimentos das seguintes \u00e1reas: Aten\u00e7\u00e3o prim\u00e1ria &#8211; Princ\u00edpios.<br \/>\n\n\n\n\n<h2 class=\"wp-block-heading\">Quanto ganha um residente de Medicina de Fam\u00edlia e Comunidade?<\/h2>\n\n\n<p><\/p>\n\n<ul class=\"wp-block-list\">\n<li>Remunera\u00e7\u00e3o do m\u00e9dico de Fam\u00edlia e Comunidade<\/li>\n<li> O m\u00e9dico de Fam\u00edlia e Comunidade ganha em m\u00e9dia R$ 12.332,93 para uma jornada de trabalho de 29 horas semanais.<\/li>\n<\/ul>\n\n\n\n\n<h2 class=\"wp-block-heading\">Quanto tempo dura a resid\u00eancia em medicina da fam\u00edlia e comunidade?<\/h2>\n\n\n<p><\/p>O programa de resid\u00eancia m\u00e9dica (PRM) em Medicina da Fam\u00edlia e Comunidade tem a dura\u00e7\u00e3o de dois anos e \u00e9 de acesso direto.<br \/>\n\n\n\n\n<h2 class=\"wp-block-heading\">Quanto ganha um M\u00e9dico de Fam\u00edlia e Comunidade?<\/h2>\n\n\n<p><\/p>\n\n<ul class=\"wp-block-list\">\n<li>Sal\u00e1rios de Medico De Familia E Comunidade (Brasil)<\/li>\n<li> Como calculamos a remunera\u00e7\u00e3o? Como lhe parece a faixa de sal\u00e1rio base m\u00e9dio de R$ 13 mil-R$ 20 mil\/m\u00eas ? Sua contribui\u00e7\u00e3o ajuda o Glassdoor a refinar nossas estimativas de sal\u00e1rios com o tempo.<\/li>\n<\/ul>\n\n\n\n\n<h2 class=\"wp-block-heading\">Onde o m\u00e9dico da fam\u00edlia e Comunidade trabalha?<\/h2>\n\n\n<p><\/p>\u201cA principal \u00e1rea de atua\u00e7\u00e3o da MFC \u00e9 a Aten\u00e7\u00e3o Prim\u00e1ria \u00e0 Sa\u00fade (APS), embora tenha profissionais que trabalhem com ensino, gest\u00e3o e mesmo em centros de reabilita\u00e7\u00e3o \u201d, diz o presidente da Sociedade Brasileira de Medicina de Fam\u00edlia e Comunidade (SBMFC), Gustavo Gusso.<br \/>\n\n\n\n\n<h2 class=\"wp-block-heading\">Quanto paga a Resid\u00eancia de sa\u00fade da Fam\u00edlia?<\/h2>\n\n\n<p><\/p>Quanto \u00e9 a bolsa de Resid\u00eancia? Desde 1\u00ba de janeiro de 2022, a bolsa paga aos residentes m\u00e9dicos e residentes em \u00e1rea profissional da sa\u00fade \u00e9 de R$ 4.106,09.<br \/>\n\n\n","protected":false},"excerpt":{"rendered":"<p>Como funciona o programa provab? O PROVAB prev\u00ea atua\u00e7\u00e3o de profissionais de sa\u00fade durante 12 meses em diversos postos de atua\u00e7\u00e3o pelo pa\u00eds, supervisionados por uma institui\u00e7\u00e3o supervisora, sendo obrigat\u00f3ria a participa\u00e7\u00e3o em curso de especializa\u00e7\u00e3o em Aten\u00e7\u00e3o B\u00e1sica provido pela Rede UNA-SUS. Como o Provab funciona? O PROVAB prev\u00ea atua\u00e7\u00e3o de profissionais de sa\u00fade [&hellip;]<\/p>\n","protected":false},"author":2,"featured_media":0,"comment_status":"open","ping_status":"closed","sticky":false,"template":"","format":"standard","meta":{"footnotes":""},"categories":[1],"tags":[],"class_list":["post-4994","post","type-post","status-publish","format-standard","hentry","category-conteudo"],"_links":{"self":[{"href":"https:\/\/ammabarbacena.com.br\/perguntas-frequentes\/wp-json\/wp\/v2\/posts\/4994","targetHints":{"allow":["GET"]}}],"collection":[{"href":"https:\/\/ammabarbacena.com.br\/perguntas-frequentes\/wp-json\/wp\/v2\/posts"}],"about":[{"href":"https:\/\/ammabarbacena.com.br\/perguntas-frequentes\/wp-json\/wp\/v2\/types\/post"}],"author":[{"embeddable":true,"href":"https:\/\/ammabarbacena.com.br\/perguntas-frequentes\/wp-json\/wp\/v2\/users\/2"}],"replies":[{"embeddable":true,"href":"https:\/\/ammabarbacena.com.br\/perguntas-frequentes\/wp-json\/wp\/v2\/comments?post=4994"}],"version-history":[{"count":1,"href":"https:\/\/ammabarbacena.com.br\/perguntas-frequentes\/wp-json\/wp\/v2\/posts\/4994\/revisions"}],"predecessor-version":[{"id":4995,"href":"https:\/\/ammabarbacena.com.br\/perguntas-frequentes\/wp-json\/wp\/v2\/posts\/4994\/revisions\/4995"}],"wp:attachment":[{"href":"https:\/\/ammabarbacena.com.br\/perguntas-frequentes\/wp-json\/wp\/v2\/media?parent=4994"}],"wp:term":[{"taxonomy":"category","embeddable":true,"href":"https:\/\/ammabarbacena.com.br\/perguntas-frequentes\/wp-json\/wp\/v2\/categories?post=4994"},{"taxonomy":"post_tag","embeddable":true,"href":"https:\/\/ammabarbacena.com.br\/perguntas-frequentes\/wp-json\/wp\/v2\/tags?post=4994"}],"curies":[{"name":"wp","href":"https:\/\/api.w.org\/{rel}","templated":true}]}}