{"id":4938,"date":"2025-07-18T06:11:27","date_gmt":"2025-07-18T06:11:27","guid":{"rendered":"http:\/\/0913148f-2e54-42b7-8724-ff5ef3079dfb"},"modified":"2025-07-18T06:11:27","modified_gmt":"2025-07-18T06:11:27","slug":"o-condutor-que-nao-reflete-sobre-suas-acoes-e","status":"publish","type":"post","link":"https:\/\/ammabarbacena.com.br\/perguntas-frequentes\/o-condutor-que-nao-reflete-sobre-suas-acoes-e\/","title":{"rendered":"O condutor que n\u00e3o reflete sobre suas a\u00e7\u00f5es \u00e9"},"content":{"rendered":"o condutor que n\u00e3o reflete sobre suas a\u00e7\u00f5es \u00e9 agressivo.<br \/>\n\n\n\n\n<h2 class=\"wp-block-heading\">O que \u00e9 um condutor que n\u00e3o reflete sobre suas a\u00e7\u00f5es?<\/h2>\n\n\n\n<h2 class=\"wp-block-heading\">O que \u00e9 um condutor impulsivo?<\/h2>\n\n\n<p><\/p>A impulsividade est\u00e1 associada aos comportamentos de risco no tr\u00e2nsito, correr por aventura e infra\u00e7\u00f5es.<br \/>\n\n\n\n\n<h2 class=\"wp-block-heading\">Qual \u00e9 a atitude correta do condutor?<\/h2>\n\n\n<p><\/p>O bom condutor \u00e9 cauteloso. Observa bem \u00e0 sua frente, prev\u00ea situa\u00e7\u00f5es de risco no tr\u00e2nsito, evita situa\u00e7\u00f5es dif\u00edceis, obedece \u00e0s instru\u00e7\u00f5es recebidas no percurso e sempre mant\u00eam a calma e a educa\u00e7\u00e3o.<br \/>\n\n\n\n\n<h2 class=\"wp-block-heading\">Quais s\u00e3o as responsabilidades do condutor?<\/h2>\n\n\n<p><\/p>Reportar problemas imediatamente: qualquer falha ou anomalia deve ser comunicada \u00e0 gest\u00e3o para evitar acidentes ou danos maiores; Manter a limpeza do ve\u00edculo: garantir que o ve\u00edculo esteja limpo por dentro e por fora contribui para a durabilidade e uma boa imagem da empresa.<br \/>\n\n\n\n\n<h2 class=\"wp-block-heading\">Como \u00e9 o comportamento de uma pessoa impulsiva?<\/h2>\n\n\n<p><\/p>Pessoas impulsivas tomam atitudes e decis\u00f5es sem medir consequ\u00eancias e considerar os riscos. Por isso, suas rea\u00e7\u00f5es surgem de forma imediata. Ela v\u00ea um problema, e age imediatamente sobre ele, sem considerar as melhores op\u00e7\u00f5es de a\u00e7\u00f5es. Isso geralmente resulta em arrependimentos no futuro.<br \/>\n\n\n\n\n<h2 class=\"wp-block-heading\">Quais s\u00e3o os tipos de motoristas?<\/h2>\n\n\n<p><\/p>\n\n<ul class=\"wp-block-list\">\n<li>O mentor. Bem, como o nome sugere, o motorista com este perfil \u00e9 daqueles que curte ensinar os outros como dirigir. &#8230;<\/li>\n<li>O sabe-tudo. Com este nome, podemos imaginar o tipo de condutor. &#8230;<\/li>\n<li>O competitivo. &#8230;<\/li>\n<li>O justiceiro. &#8230;<\/li>\n<li>O pensador. &#8230;<\/li>\n<li>O descontra\u00eddo. &#8230;<\/li>\n<li>O espa\u00e7oso.<\/li>\n<\/ul>\n\n\n\n\n<h2 class=\"wp-block-heading\">O que o condutor deve observar?<\/h2>\n\n\n\n<h2 class=\"wp-block-heading\">O que todo condutor deve saber?<\/h2>\n\n\n<p><\/p>A aten\u00e7\u00e3o deve ser direcionada a todos os elementos da via (condi\u00e7\u00f5es, sinaliza\u00e7\u00e3o, tempo, etc.), e tamb\u00e9m as condi\u00e7\u00f5es f\u00edsicas e mentais do condutor, os cuidados e a manuten\u00e7\u00e3o do ve\u00edculo, tempo de deslocamento, conhecimento pr\u00e9vio do percurso, entre outros.<br \/>\n\n\n\n\n<h2 class=\"wp-block-heading\">Ao dirigir o condutor precisa ver o que acontece?<\/h2>\n\n\n<p><\/p>O condutor deve adotar uma postura de aten\u00e7\u00e3o difusa, ou seja, precisa estar atento a tudo que acontece a sua volta, at\u00e9 para que n\u00e3o seja pego de surpresa. Da\u00ed a import\u00e2ncia de se estar sempre alerta aos retrovisores, \u00e0 pista, bem como aos outros ve\u00edculos pr\u00f3ximos, sempre antecipando situa\u00e7\u00f5es de risco.<br \/>\n\n\n\n\n<h2 class=\"wp-block-heading\">O que todo condutor dever\u00e1 observar antes de colocar o ve\u00edculo em circula\u00e7\u00e3o?<\/h2>\n\n\n<p><\/p>Antes de colocar o ve\u00edculo em circula\u00e7\u00e3o nas vias p\u00fablicas, o condutor dever\u00e1 verificar a exist\u00eancia e as boas condi\u00e7\u00f5es de funcionamento dos equipamentos de uso obrigat\u00f3rio, bem como assegurar-se da exist\u00eancia de combust\u00edvel suficiente para chegar ao local de destino.<br \/>\n\n\n\n\n<h2 class=\"wp-block-heading\">Qual \u00e9 o dever do condutor?<\/h2>\n\n\n<p><\/p>\u00c9 dever de todo condutor de ve\u00edculo: I &#8211; Dirigir com aten\u00e7\u00e3o e os cuidados indispens\u00e1veis \u00e0 seguran\u00e7a do tr\u00e2nsito. Penalidade: Grupo 4. II &#8211; Conservar o ve\u00edculo na m\u00e3o de dire\u00e7\u00e3o e na faixa pr\u00f3pria.<br \/>\n\n\n\n\n<h2 class=\"wp-block-heading\">O que mais cai na prova do Detran?<\/h2>\n\n\n<p><\/p>\n\n<ul class=\"wp-block-list\">\n<li>Processo de Habilita\u00e7\u00e3o (Legisla\u00e7\u00e3o de Tr\u00e2nsito)<\/li>\n<li>Sinaliza\u00e7\u00e3o de Tr\u00e2nsito (Legisla\u00e7\u00e3o de Tr\u00e2nsito)<\/li>\n<li>Circula\u00e7\u00e3o e Conduta (Legisla\u00e7\u00e3o de Tr\u00e2nsito)<\/li>\n<li>Infra\u00e7\u00f5es e Penalidades (Legisla\u00e7\u00e3o de Tr\u00e2nsito)<\/li>\n<li>Dire\u00e7\u00e3o Defensiva.<\/li>\n<li>Primeiros Socorros.<\/li>\n<li>Cidadania e Meio Ambiente.<\/li>\n<\/ul>\n\n\n\n\n<h2 class=\"wp-block-heading\">Qual \u00e9 a atitude do condutor?<\/h2>\n\nRespeitar as leis, estar atento ao ambiente, ser cort\u00eas, estar atualizado sobre as normas e buscar aprimoramento s\u00e3o atitudes que todo condutor pode adotar para contribuir para um tr\u00e2nsito mais seguro e reduzir o n\u00famero de acidentes.<br \/>\n\n\n\n\n<h2 class=\"wp-block-heading\">Qual \u00e9 o papel do condutor?<\/h2>\n\n\n<p><\/p>Ao conhecer e respeitar as normas de tr\u00e2nsito, o motorista contribui para a previsibilidade e a ordem no tr\u00e1fego, reduzindo o risco de colis\u00f5es e facilitando a conviv\u00eancia com os demais usu\u00e1rios da via.<br \/>\n\n\n\n\n<h2 class=\"wp-block-heading\">Qual atitude o condutor pode ter para contribuir com o tr\u00e2nsito seguro?<\/h2>\n\n\n<p><\/p>Manter a dist\u00e2ncia \u00e9 a regra b\u00e1sica para a dire\u00e7\u00e3o defensiva. Isso torna o tr\u00e2nsito mais seguro para todos. Essas atitudes permitem que o condutor tenha mais tempo para reagir a situa\u00e7\u00f5es inesperadas ou de risco, por possibilitarem mais espa\u00e7o para as manobras.<br \/>\n\n\n\n\n<h2 class=\"wp-block-heading\">Qual a postura correta de um condutor?<\/h2>\n\n\n<p><\/p>O \u00e2ngulo do encosto deve ficar entre 100 e 120 graus, ligeiramente inclinado, ou seja, nunca reto ou deitado demais. Al\u00e9m disso, o volante precisa ficar a uma dist\u00e2ncia compat\u00edvel com a estatura e as caracter\u00edsticas f\u00edsicas do condutor. As pernas devem estar levemente dobradas, bem como os bra\u00e7os.<br \/>\n\n\n\n\n<h2 class=\"wp-block-heading\">Qual \u00e9 o nome do efeito causado no condutor que vem em sentido contr\u00e1rio quando se usa o farol alto?<\/h2>\n\nO ofuscamento pode ser causado por incid\u00eancia direta de raios solares, reflexos de luz solar, luz alta em sentido contr\u00e1rio e luz alta no retrovisor.<br \/>\n\n\n\n\n<h2 class=\"wp-block-heading\">Quando o condutor em sentido contr\u00e1rio de outro ve\u00edculo usa luz alta, ele pode causar?<\/h2>\n\n\n<p><\/p>\u00c9 importante que o motorista evite usar o farol alto quando houver ve\u00edculos na sua frente evindo na dire\u00e7\u00e3o contr\u00e1ria. A luz intensa prejudica a visibilidade dos outros motoristas e pode provocar acidentes.<br \/>\n\n\n\n\n<h2 class=\"wp-block-heading\">Qual o procedimento quando a luz alta de ve\u00edculo sentido contr\u00e1rio?<\/h2>\n\n\n<p><\/p>Transitar com o farol desregulado ou com o facho de luz alta de forma a perturbar a vis\u00e3o de outro condutor: Infra\u00e7\u00e3o &#8211; grave; Penalidade &#8211; multa; Medida administrativa &#8211; reten\u00e7\u00e3o do ve\u00edculo para regulariza\u00e7\u00e3o.<br \/>\n\n\n\n\n<h2 class=\"wp-block-heading\">Quando o condutor do ve\u00edculo que vem em sentido contr\u00e1rio ao seu utilizar farol alto, voc\u00ea dever\u00e1 alertar-lo.?<\/h2>\n\n\n<p><\/p>Exemplo: Ao transitarmos por uma estrada, o farol alto do ve\u00edculo em sentido contr\u00e1rio pode causar- nos cegueira moment\u00e2nea, dificultando o controle do ve\u00edculo. Deve-se avisar o condutor piscando os far\u00f3is e desviando nosso foco de vis\u00e3o para o acostamento do lado direito.<br \/>\n\n\n\n\n<h2 class=\"wp-block-heading\">Quando o farol baixo de um ve\u00edculo vem em sentido contr\u00e1rio?<\/h2>\n\n\n<p><\/p>\n\n<ul class=\"wp-block-list\">\n<li>Farol baixo e alto<\/li>\n<li> \u00c9 importante lembrar que, ao encontrar um ve\u00edculo vindo na dire\u00e7\u00e3o oposta ou ao seguir outro ve\u00edculo, o farol alto deve ser desligado para evitar ofuscamento. A chamada Lei do Farol, que exigia o uso de far\u00f3is baixos em rodovias durante o dia, foi modificada.<\/li>\n<\/ul>\n\n\n\n\n<h2 class=\"wp-block-heading\">Quando vem um ve\u00edculo na dire\u00e7\u00e3o contr\u00e1ria a do seu carro \u00e0 noite com luz alta, voc\u00ea deve?<\/h2>\n\n\n<p><\/p>O farol alto atrapalha tanto os motoristas que est\u00e3o na sua frente na via quanto, principalmente, aqueles que v\u00eam na dire\u00e7\u00e3o contr\u00e1ria. Por isso, ele deve ser acionado apenas quando houver necessidade (e desativado sempre que outro ve\u00edculo estiver se aproximando).<br \/>\n\n\n\n\n<h2 class=\"wp-block-heading\">O que ocorre caso o condutor respons\u00e1vel n\u00e3o seja apresentado?<\/h2>\n\n\n\n<h2 class=\"wp-block-heading\">O que acontece se n\u00e3o apresentar condutor infrator?<\/h2>\n\n\n<p><\/p>Ressalta-se ainda que transcorrido o prazo para apresenta\u00e7\u00e3o de indica\u00e7\u00e3o do condutor infrator, se n\u00e3o o fizer, ser\u00e1 considerado respons\u00e1vel pela infra\u00e7\u00e3o o principal condutor ou, em sua aus\u00eancia, o propriet\u00e1rio do ve\u00edculo conforme disp\u00f5e o art. 257, \u00a77\u00ba do CTB.<br \/>\n\n\n\n\n<h2 class=\"wp-block-heading\">O que acontece se n\u00e3o identificar condutor pessoa f\u00edsica?<\/h2>\n\n\n<p><\/p>Multa por n\u00e3o indica\u00e7\u00e3o do condutor (Multa NIC): Caso n\u00e3o seja indicado o condutor, ser\u00e1 gerado uma nova multa, no mesmo valor da origin\u00e1ria (R$ 297,40).<br \/>\n\n\n\n\n<h2 class=\"wp-block-heading\">Quando o condutor infrator n\u00e3o puder ser identificado?<\/h2>\n\n\n<p><\/p>O CTB no \u00a77 do art. 257 tutela que: \u00a7 7\u00ba N\u00e3o sendo imediata a identifica\u00e7\u00e3o do infrator, o propriet\u00e1rio do ve\u00edculo ter\u00e1 quinze dias de prazo, ap\u00f3s a notifica\u00e7\u00e3o da autua\u00e7\u00e3o, para apresent\u00e1-lo, na forma em que dispuser o CONTRAN, ao fim do qual, n\u00e3o o fazendo, ser\u00e1 considerado respons\u00e1vel pela infra\u00e7\u00e3o.<br \/>\n\n\n\n\n<h2 class=\"wp-block-heading\">O que fazer quando perde o prazo para indicar o condutor?<\/h2>\n\n\n<p><\/p>Caso o propriet\u00e1rio do ve\u00edculo n\u00e3o indique o condutor infrator dentro do prazo estabelecido, ele poder\u00e1 recorrer da decis\u00e3o na esfera judicial. Para isso, \u00e9 necess\u00e1rio apresentar provas de que n\u00e3o cometeu a infra\u00e7\u00e3o e que o verdadeiro infrator foi outra pessoa.<br \/>\n\n\n\n\n<h2 class=\"wp-block-heading\">O que \u00e9 um condutor euf\u00f3rico?<\/h2>\n\nO condutor euf\u00f3rico, devido a varia\u00e7\u00f5es hormonais, drogas, bebidas alco\u00f3licas ou fortes emo\u00e7\u00f5es, manifesta sua felicidade e alegria com exagero e descontrole, provocando perda de concentra\u00e7\u00e3o e da no\u00e7\u00e3o do perigo, cometendo imprud\u00eancias ou envolvendo-se em acidentes.<br \/>\n\n\n\n\n<h2 class=\"wp-block-heading\">O que \u00e9 condutor euf\u00f3rico?<\/h2>\n\n\n<p><\/p>O condutor euf\u00f3rico, devido a varia\u00e7\u00f5es hormonais, drogas, bebidas alco\u00f3licas ou fortes emo\u00e7\u00f5es, manifesta sua felicidade e alegria com exagero e descontrole, provocando perda de concentra\u00e7\u00e3o e da no\u00e7\u00e3o do perigo, cometendo imprud\u00eancias ou envolvendo-se em acidentes.<br \/>\n\n\n\n\n<h2 class=\"wp-block-heading\">O que \u00e9 um condutor consciente?<\/h2>\n\n\n<p><\/p>Respeito aos outros usu\u00e1rios da via: A empatia e o respeito s\u00e3o fundamentais para uma condu\u00e7\u00e3o consciente. Os motoristas devem aprender a compartilhar a estrada com pedestres, ciclistas e motociclistas, mantendo uma atitude respons\u00e1vel e cort\u00eas em todas as situa\u00e7\u00f5es.<br \/>\n\n\n\n\n<h2 class=\"wp-block-heading\">O que \u00e9 um condutor distra\u00eddo?<\/h2>\n\n\n<p><\/p>Dirigir distra\u00eddo \u00e9 o ato de dirigir enquanto se realiza outras atividades que distraem o motorista da estrada. As distra\u00e7\u00f5es comprometem a seguran\u00e7a do motorista, dos passageiros, dos pedestres e das pessoas em outros ve\u00edculos.<br \/>\n\n\n\n\n<h2 class=\"wp-block-heading\">Qual \u00e9 a fun\u00e7\u00e3o do condutor?<\/h2>\n\n\n<p><\/p>Condutores s\u00e3o materiais que possibilitam a movimenta\u00e7\u00e3o de cargas el\u00e9tricas em seu interior com grande facilidade. Esses materiais possuem uma grande quantidade de el\u00e9trons livres, que podem ser conduzidos quando neles aplicamos uma diferen\u00e7a de potencial. Metais como cobre, platina e ouro s\u00e3o bons condutores.<br \/>\n\n\n","protected":false},"excerpt":{"rendered":"<p>o condutor que n\u00e3o reflete sobre suas a\u00e7\u00f5es \u00e9 agressivo. O que \u00e9 um condutor que n\u00e3o reflete sobre suas a\u00e7\u00f5es? O que \u00e9 um condutor impulsivo? A impulsividade est\u00e1 associada aos comportamentos de risco no tr\u00e2nsito, correr por aventura e infra\u00e7\u00f5es. Qual \u00e9 a atitude correta do condutor? O bom condutor \u00e9 cauteloso. Observa [&hellip;]<\/p>\n","protected":false},"author":2,"featured_media":0,"comment_status":"open","ping_status":"closed","sticky":false,"template":"","format":"standard","meta":{"footnotes":""},"categories":[1],"tags":[],"class_list":["post-4938","post","type-post","status-publish","format-standard","hentry","category-conteudo"],"_links":{"self":[{"href":"https:\/\/ammabarbacena.com.br\/perguntas-frequentes\/wp-json\/wp\/v2\/posts\/4938","targetHints":{"allow":["GET"]}}],"collection":[{"href":"https:\/\/ammabarbacena.com.br\/perguntas-frequentes\/wp-json\/wp\/v2\/posts"}],"about":[{"href":"https:\/\/ammabarbacena.com.br\/perguntas-frequentes\/wp-json\/wp\/v2\/types\/post"}],"author":[{"embeddable":true,"href":"https:\/\/ammabarbacena.com.br\/perguntas-frequentes\/wp-json\/wp\/v2\/users\/2"}],"replies":[{"embeddable":true,"href":"https:\/\/ammabarbacena.com.br\/perguntas-frequentes\/wp-json\/wp\/v2\/comments?post=4938"}],"version-history":[{"count":1,"href":"https:\/\/ammabarbacena.com.br\/perguntas-frequentes\/wp-json\/wp\/v2\/posts\/4938\/revisions"}],"predecessor-version":[{"id":4939,"href":"https:\/\/ammabarbacena.com.br\/perguntas-frequentes\/wp-json\/wp\/v2\/posts\/4938\/revisions\/4939"}],"wp:attachment":[{"href":"https:\/\/ammabarbacena.com.br\/perguntas-frequentes\/wp-json\/wp\/v2\/media?parent=4938"}],"wp:term":[{"taxonomy":"category","embeddable":true,"href":"https:\/\/ammabarbacena.com.br\/perguntas-frequentes\/wp-json\/wp\/v2\/categories?post=4938"},{"taxonomy":"post_tag","embeddable":true,"href":"https:\/\/ammabarbacena.com.br\/perguntas-frequentes\/wp-json\/wp\/v2\/tags?post=4938"}],"curies":[{"name":"wp","href":"https:\/\/api.w.org\/{rel}","templated":true}]}}