{"id":4376,"date":"2025-07-18T01:13:50","date_gmt":"2025-07-18T01:13:50","guid":{"rendered":"http:\/\/a3409ddb-dd3b-40ac-b172-44250bfc286b"},"modified":"2025-07-18T01:13:50","modified_gmt":"2025-07-18T01:13:50","slug":"o-que-e-perempcao-penal","status":"publish","type":"post","link":"https:\/\/ammabarbacena.com.br\/perguntas-frequentes\/o-que-e-perempcao-penal\/","title":{"rendered":"O que \u00e9 peremp\u00e7\u00e3o penal"},"content":{"rendered":"\n\n<h2 class=\"wp-block-heading\">Qual a diferen\u00e7a entre prescri\u00e7\u00e3o e peremp\u00e7\u00e3o?<\/h2>\n\n\n\n<h2 class=\"wp-block-heading\">O que significa a prescri\u00e7\u00e3o?<\/h2>\n\n\n<p><\/p>A prescri\u00e7\u00e3o \u00e9 uma forma de extin\u00e7\u00e3o de direitos (e dos correspondentes deveres) em consequ\u00eancia do seu n\u00e3o exerc\u00edcio durante um determinado per\u00edodo de tempo. Encontra-se referida no n.\u00ba 1 do artigo 298.\u00ba e regulada, enquanto instituto geral, nos artigos 300.\u00ba a 327.\u00ba do C\u00f3digo Civil.<br \/>\n\n\n\n\n<h2 class=\"wp-block-heading\">Quais s\u00e3o os tr\u00eas tipos de prescri\u00e7\u00e3o?<\/h2>\n\n\n<p><\/p>c) prescri\u00e7\u00e3o intercorrente; d) prescri\u00e7\u00e3o retroativa; e) prescri\u00e7\u00e3o antecipada ou virtual. Nesse tipo de prescri\u00e7\u00e3o, o decurso do tempo faz com que o Estado perca o jus puniendi (direito de punir), consubstanciado no direito de invocar o Poder Judici\u00e1rio para aplicar a san\u00e7\u00e3o ao autor do crime pelo fato cometido.<br \/>\n\n\n\n\n<h2 class=\"wp-block-heading\">Quais s\u00e3o os tipos de preclus\u00e3o?<\/h2>\n\n\n<p><\/p>Tipos de preclus\u00e3o: temporal, l\u00f3gica e consumativa.<br \/>\n\n\n\n\n<h2 class=\"wp-block-heading\">O que \u00e9 peremp\u00e7\u00e3o quando ela ocorre?<\/h2>\n\n\n\n<h2 class=\"wp-block-heading\">Quando ocorre a peremp\u00e7\u00e3o?<\/h2>\n\n\n<p><\/p>Isso ocorre quando o autor prop\u00f5e uma a\u00e7\u00e3o judicial, mas n\u00e3o realiza os atos necess\u00e1rios para o seu andamento, levando ao encerramento por abandono.<br \/>\n\n\n\n\n<h2 class=\"wp-block-heading\">O que \u00e9 o caso de peremp\u00e7\u00e3o?<\/h2>\n\n\n<p><\/p>60 prev\u00ea a ocorr\u00eancia de peremp\u00e7\u00e3o quando o querelante: a) deixar de comparecer, sem motivo justificado, a qualquer ato do processo; e b) nas alega\u00e7\u00f5es finais, deixar de formular pedido de condena\u00e7\u00e3o. A presen\u00e7a do querelante deve ser necess\u00e1ria para a pr\u00e1tica do ato processual.<br \/>\n\n\n\n\n<h2 class=\"wp-block-heading\">Quando ocorre a peremp\u00e7\u00e3o na justi\u00e7a do trabalho?<\/h2>\n\n\n<p><\/p>No Direito do trabalho, ocorre quando o reclamante, ap\u00f3s apresentar reclama\u00e7\u00e3o verbal, n\u00e3o comparece para formaliz\u00e1-la no prazo de cinco dias, ou quando, por duas vezes consecutivas, provoca o arquivamento da demanda por aus\u00eancia injustificada em audi\u00eancia.<br \/>\n\n\n\n\n<h2 class=\"wp-block-heading\">O que \u00e9 peremp\u00e7\u00e3o em um contrato?<\/h2>\n\n\n<p><\/p>A peremp\u00e7\u00e3o \u00e9 a perda do direito de a\u00e7\u00e3o por parte do credor hipotec\u00e1rio devido \u00e0 inatividade processual, o que implica na impossibilidade de reaver o cr\u00e9dito garantido pela hipoteca.<br \/>\n\n\n\n\n<h2 class=\"wp-block-heading\">O que diz o artigo 103 do C\u00f3digo Penal?<\/h2>\n\n\n<p><\/p>\n\n<ul class=\"wp-block-list\">\n<li>Prazo Decadencial e Extin\u00e7\u00e3o da Punibilidade<\/li>\n<li> Segundo o artigo 103 do C\u00f3digo Penal, esse prazo \u00e9 de seis meses contados a partir do conhecimento da identidade do autor do crime. Se o ofendido n\u00e3o agir dentro desse prazo, perde o direito de processar, o que resulta na extin\u00e7\u00e3o da punibilidade.<\/li>\n<\/ul>\n\n\n\n\n<h2 class=\"wp-block-heading\">O que \u00e9 o reconhecimento de peremp\u00e7\u00e3o?<\/h2>\n\n\n\n<h2 class=\"wp-block-heading\">Qual \u00e9 o sin\u00f4nimo de peremp\u00e7\u00e3o?<\/h2>\n\n\n<p><\/p>1 sin\u00f4nimo da palavra peremp\u00e7\u00e3o: Principais sin\u00f4nimos de peremp\u00e7\u00e3o: 1 prescri\u00e7\u00e3o.<br \/>\n\n\n\n\n<h2 class=\"wp-block-heading\">Quantas vezes um processo pode ser extinto por peremp\u00e7\u00e3o?<\/h2>\n\n\n<p><\/p>A peremp\u00e7\u00e3o ocorre quando h\u00e1 abuso do direito de a\u00e7\u00e3o. Conforme previsto pelo art. 486 \u00a7 3\u00ba do Novo CPC, a parte autora que der causa, por 3 vezes, \u00e0 extin\u00e7\u00e3o do processo por abandono, n\u00e3o poder\u00e1 propor nova a\u00e7\u00e3o contra o r\u00e9u.<br \/>\n\n\n\n\n<h2 class=\"wp-block-heading\">O que \u00e9 prazo de peremp\u00e7\u00e3o?<\/h2>\n\n\n\n<h2 class=\"wp-block-heading\">Qual \u00e9 o prazo da peremp\u00e7\u00e3o?<\/h2>\n\n\n<p><\/p>Os artigos 731 e 732 estabelecem que a peremp\u00e7\u00e3o no direito trabalhista tenha per\u00edodo m\u00e1ximo de seis meses, ou seja, o autor da a\u00e7\u00e3o n\u00e3o poder\u00e1 entrar com reclama\u00e7\u00f5es espec\u00edficas durante esse tempo.<br \/>\n\n\n\n\n<h2 class=\"wp-block-heading\">O que \u00e9 peremp\u00e7\u00e3o em penal?<\/h2>\n\n\u00c9 a perda do direito de a\u00e7\u00e3o, que acarreta na extin\u00e7\u00e3o da punibilidade, provocada pela in\u00e9rcia processual do querelante. A peremp\u00e7\u00e3o n\u00e3o \u00e9 aplic\u00e1vel na a\u00e7\u00e3o penal privada subsidi\u00e1ria da p\u00fablica, uma vez que nessa hip\u00f3tese o Minist\u00e9rio P\u00fablico dar\u00e1 andamento \u00e0 a\u00e7\u00e3o na hip\u00f3tese de omiss\u00e3o ou des\u00eddia do querelante.<br \/>\n\n\n\n\n<h2 class=\"wp-block-heading\">O que significa peremp\u00e7\u00e3o penal?<\/h2>\n\n\n<p><\/p>A peremp\u00e7\u00e3o criminal \u00e9 um instituto que se aplica exclusivamente \u00e0s a\u00e7\u00f5es penais privadas, representando a perda do direito de prosseguir na a\u00e7\u00e3o penal j\u00e1 iniciada. Est\u00e1 prevista no artigo 60 do C\u00f3digo de Processo Penal.<br \/>\n\n\n\n\n<h2 class=\"wp-block-heading\">Quando se d\u00e1 a peremp\u00e7\u00e3o?<\/h2>\n\n\n<p><\/p>No cen\u00e1rio do Direito Penal, a peremp\u00e7\u00e3o s\u00f3 \u00e9 aplicada em situa\u00e7\u00f5es em que a a\u00e7\u00e3o penal \u00e9 de iniciativa privada, al\u00e9m de enquadrar \u00e0s situa\u00e7\u00f5es impostas pelo par\u00e1grafo 2\u00ba do artigo 100 do C\u00f3digo de Processo Penal, ou seja, est\u00e1 relacionada aos processos que devam ser instaurados mediante queixa: Art.<br \/>\n\n\n\n\n<h2 class=\"wp-block-heading\">Quais s\u00e3o os casos de peremp\u00e7\u00e3o?<\/h2>\n\n\n\n<h2 class=\"wp-block-heading\">Quais s\u00e3o as hip\u00f3teses de peremp\u00e7\u00e3o?<\/h2>\n\n\n<p><\/p>O inciso III do art. 60 prev\u00ea a ocorr\u00eancia de peremp\u00e7\u00e3o quando o querelante: a) deixar de comparecer, sem motivo justificado, a qualquer ato do processo; e b) nas alega\u00e7\u00f5es finais, deixar de formular pedido de condena\u00e7\u00e3o.<br \/>\n\n\n\n\n<h2 class=\"wp-block-heading\">Quando cabe peremp\u00e7\u00e3o?<\/h2>\n\n\n<p><\/p>No cen\u00e1rio do Direito Penal, a peremp\u00e7\u00e3o s\u00f3 \u00e9 aplicada em situa\u00e7\u00f5es em que a a\u00e7\u00e3o penal \u00e9 de iniciativa privada, al\u00e9m de enquadrar \u00e0s situa\u00e7\u00f5es impostas pelo par\u00e1grafo 2\u00ba do artigo 100 do C\u00f3digo de Processo Penal, ou seja, est\u00e1 relacionada aos processos que devam ser instaurados mediante queixa: Art.<br \/>\n\n\n\n\n<h2 class=\"wp-block-heading\">Quando ocorre a peremp\u00e7\u00e3o no processo do trabalho?<\/h2>\n\n\n<p><\/p>No Direito do trabalho, ocorre quando o reclamante, ap\u00f3s apresentar reclama\u00e7\u00e3o verbal, n\u00e3o comparece para formaliz\u00e1-la no prazo de cinco dias, ou quando, por duas vezes consecutivas, provoca o arquivamento da demanda por aus\u00eancia injustificada em audi\u00eancia.<br \/>\n\n\n\n\n<h2 class=\"wp-block-heading\">Quais s\u00e3o as hip\u00f3teses de peremp\u00e7\u00e3o trabalhista?<\/h2>\n\n\n<p><\/p>A peremp\u00e7\u00e3o trabalhista se verifica em duas hip\u00f3teses : a) reclamante n\u00e3o se apresentar no prazo ao ju\u00edzo para a redu\u00e7\u00e3o a termo da reclamat\u00f3ria verbal ou b) der causa duas vezes seguidas ao arquivamento de que trata o art. 844 da CLT (aus\u00eancia \u00e0 audi\u00eancia).<br \/>\n\n\n\n\n<h2 class=\"wp-block-heading\">Quando cabe perd\u00e3o judicial?<\/h2>\n\n\n<p><\/p>O perd\u00e3o judicial somente deve ser concedido quando ficar demonstrado que o agente guarda estreita rela\u00e7\u00e3o de intimidade ou parentesco com a v\u00edtima e, principalmente, que tenha suportado tamanho sofrimento, a ponto de se revelar desnecess\u00e1ria a aplica\u00e7\u00e3o de san\u00e7\u00e3o penal.\u201d<br \/>\n\n\n","protected":false},"excerpt":{"rendered":"<p>Qual a diferen\u00e7a entre prescri\u00e7\u00e3o e peremp\u00e7\u00e3o? O que significa a prescri\u00e7\u00e3o? A prescri\u00e7\u00e3o \u00e9 uma forma de extin\u00e7\u00e3o de direitos (e dos correspondentes deveres) em consequ\u00eancia do seu n\u00e3o exerc\u00edcio durante um determinado per\u00edodo de tempo. Encontra-se referida no n.\u00ba 1 do artigo 298.\u00ba e regulada, enquanto instituto geral, nos artigos 300.\u00ba a 327.\u00ba [&hellip;]<\/p>\n","protected":false},"author":2,"featured_media":0,"comment_status":"open","ping_status":"closed","sticky":false,"template":"","format":"standard","meta":{"footnotes":""},"categories":[1],"tags":[],"class_list":["post-4376","post","type-post","status-publish","format-standard","hentry","category-conteudo"],"_links":{"self":[{"href":"https:\/\/ammabarbacena.com.br\/perguntas-frequentes\/wp-json\/wp\/v2\/posts\/4376","targetHints":{"allow":["GET"]}}],"collection":[{"href":"https:\/\/ammabarbacena.com.br\/perguntas-frequentes\/wp-json\/wp\/v2\/posts"}],"about":[{"href":"https:\/\/ammabarbacena.com.br\/perguntas-frequentes\/wp-json\/wp\/v2\/types\/post"}],"author":[{"embeddable":true,"href":"https:\/\/ammabarbacena.com.br\/perguntas-frequentes\/wp-json\/wp\/v2\/users\/2"}],"replies":[{"embeddable":true,"href":"https:\/\/ammabarbacena.com.br\/perguntas-frequentes\/wp-json\/wp\/v2\/comments?post=4376"}],"version-history":[{"count":1,"href":"https:\/\/ammabarbacena.com.br\/perguntas-frequentes\/wp-json\/wp\/v2\/posts\/4376\/revisions"}],"predecessor-version":[{"id":4377,"href":"https:\/\/ammabarbacena.com.br\/perguntas-frequentes\/wp-json\/wp\/v2\/posts\/4376\/revisions\/4377"}],"wp:attachment":[{"href":"https:\/\/ammabarbacena.com.br\/perguntas-frequentes\/wp-json\/wp\/v2\/media?parent=4376"}],"wp:term":[{"taxonomy":"category","embeddable":true,"href":"https:\/\/ammabarbacena.com.br\/perguntas-frequentes\/wp-json\/wp\/v2\/categories?post=4376"},{"taxonomy":"post_tag","embeddable":true,"href":"https:\/\/ammabarbacena.com.br\/perguntas-frequentes\/wp-json\/wp\/v2\/tags?post=4376"}],"curies":[{"name":"wp","href":"https:\/\/api.w.org\/{rel}","templated":true}]}}