{"id":4360,"date":"2025-07-18T01:05:34","date_gmt":"2025-07-18T01:05:34","guid":{"rendered":"http:\/\/11e2f476-9944-46de-9542-f6e36407dfa2"},"modified":"2025-07-18T01:05:34","modified_gmt":"2025-07-18T01:05:34","slug":"o-que-e-prolacao-da-sentenca","status":"publish","type":"post","link":"https:\/\/ammabarbacena.com.br\/perguntas-frequentes\/o-que-e-prolacao-da-sentenca\/","title":{"rendered":"O que \u00e9 prola\u00e7\u00e3o da senten\u00e7a"},"content":{"rendered":"\n\n<h2 class=\"wp-block-heading\">O que quer dizer prola\u00e7\u00e3o de senten\u00e7a?<\/h2>\n\nAto pelo qual se profere ou se enuncia o que \u00e9 feito. Significa publica\u00e7\u00e3o.<br \/>\n\n\n\n\n<h2 class=\"wp-block-heading\">O que significa prola\u00e7\u00e3o de senten\u00e7a?<\/h2>\n\n\n<p><\/p>Ato pelo qual se profere ou se enuncia o que \u00e9 feito. Significa publica\u00e7\u00e3o.<br \/>\n\n\n\n\n<h2 class=\"wp-block-heading\">Quando o juiz prolatou a senten\u00e7a?<\/h2>\n\n\n<p><\/p>A prola\u00e7\u00e3o acontece quando o juiz julga o processo, juntando a senten\u00e7a \u00e0 a\u00e7\u00e3o. J\u00e1 a publica\u00e7\u00e3o acontece quando a decis\u00e3o \u00e9 notificada \u00e0s partes, geralmente via publica\u00e7\u00e3o em di\u00e1rio oficial ou atualiza\u00e7\u00f5es enviadas pelos sistemas eletr\u00f4nicos dos tribunais.<br \/>\n\n\n\n\n<h2 class=\"wp-block-heading\">O que acontece ap\u00f3s o juiz prola\u00e7\u00e3o da senten\u00e7a?<\/h2>\n\n\n<p><\/p>A partir do momento em que a senten\u00e7a \u00e9 publicada, ela se torna p\u00fablica, permitindo que as partes e seus advogados tenham acesso ao conte\u00fado da decis\u00e3o. A publica\u00e7\u00e3o \u00e9 essencial para que os prazos processuais, como o prazo de recurso, comecem a ser contados.<br \/>\n\n\n\n\n<h2 class=\"wp-block-heading\">Quando ocorre a prola\u00e7\u00e3o da senten\u00e7a?<\/h2>\n\nA senten\u00e7a pode ser prolatada na audi\u00eancia de instru\u00e7\u00e3o e julgamento, ap\u00f3s a produ\u00e7\u00e3o de todas as provas (como a oitiva de testemunhas), sempre que o juiz assim desejar. Nesse caso, as partes tamb\u00e9m s\u00e3o consideradas intimadas no ato. Logo, a contagem de prazos para eventuais recursos ser\u00e1 iniciada imediatamente.<br \/>\n\n\n\n\n<h2 class=\"wp-block-heading\">Quando da prola\u00e7\u00e3o da senten\u00e7a?<\/h2>\n\n\n<p><\/p>A senten\u00e7a pode ser prolatada na audi\u00eancia de instru\u00e7\u00e3o e julgamento, ap\u00f3s a produ\u00e7\u00e3o de todas as provas (como a oitiva de testemunhas), sempre que o juiz assim desejar. Nesse caso, as partes tamb\u00e9m s\u00e3o consideradas intimadas no ato.<br \/>\n\n\n\n\n<h2 class=\"wp-block-heading\">O que \u00e9 prola\u00e7\u00e3o de senten\u00e7a?<\/h2>\n\n\n<p><\/p>Ato pelo qual se profere ou se enuncia o que \u00e9 feito. Significa publica\u00e7\u00e3o.<br \/>\n\n\n\n\n<h2 class=\"wp-block-heading\">O que \u00e9 data da prola\u00e7\u00e3o da senten\u00e7a?<\/h2>\n\n\n<p><\/p>A data de prola\u00e7\u00e3o da senten\u00e7a \u00e9 o marco temporal que define qual diploma legal &#8211; CPC\/73 ou CPC\/15 &#8211; deve ser aplicado na fixa\u00e7\u00e3o de honor\u00e1rios de sucumb\u00eancia quando se estiver diante de processo pendente ao tempo do advento do novel comp\u00eandio.<br \/>\n\n\n\n\n<h2 class=\"wp-block-heading\">Qual o momento processual onde o juiz pode prolatar a senten\u00e7a?<\/h2>\n\n\n<p><\/p>9\u00ba e 10 do C\u00f3digo de Processo Civil. Neste caso, o juiz ter\u00e1 de intimar as partes, para que estas possam se manifestar a respeito da ocorr\u00eancia ou n\u00e3o da prescri\u00e7\u00e3o, e s\u00f3 depois de conceder essa oportunidade \u00e9 que a senten\u00e7a poder\u00e1 ser prolatada.<br \/>\n\n\n\n\n<h2 class=\"wp-block-heading\">Quanto tempo demora a prola\u00e7\u00e3o da senten\u00e7a?<\/h2>\n\nO art. 226, III, do C\u00f3digo de Processo Civil estabelece o prazo de 30 (trinta) dias para proferir a senten\u00e7a ap\u00f3s instru\u00eddo o feito (todas as provas j\u00e1 produzidas). O Juiz poder\u00e1 prorrogar esse prazo por igual per\u00edodo, ou seja, poder\u00e1 levar at\u00e9 60 dias.<br \/>\n\n\n\n\n<h2 class=\"wp-block-heading\">O que vem depois da prola\u00e7\u00e3o de senten\u00e7a?<\/h2>\n\n\n<p><\/p>\n\n<ul class=\"wp-block-list\">\n<li>5) Audi\u00eancia de prosseguimento<\/li>\n<li> N\u00e3o havendo acordo nem mais provas a serem produzidas, \u00e9 encerrada a instru\u00e7\u00e3o, sendo os autos conclusos ao magistrado para prola\u00e7\u00e3o da senten\u00e7a (ou seja, o processo \u00e9 encaminhado ao juiz para elaborar sua decis\u00e3o).<\/li>\n<\/ul>\n\n\n\n\n<h2 class=\"wp-block-heading\">Qual o tempo que o juiz tem para proferir a senten\u00e7a?<\/h2>\n\n\n<p><\/p>O juiz proferir\u00e1: I \u2013 os despachos no prazo de 5 (cinco) dias; II \u2013 as decis\u00f5es interlocut\u00f3rias no prazo de 10 (dez) dias; III \u2013 as senten\u00e7as no prazo de 30 (trinta) dias.<br \/>\n\n\n\n\n<h2 class=\"wp-block-heading\">Qual a data da prola\u00e7\u00e3o da senten\u00e7a?<\/h2>\n\n\n<p><\/p>A data de prola\u00e7\u00e3o da senten\u00e7a \u00e9 o marco temporal que define qual diploma legal &#8211; CPC\/73 ou CPC\/15 &#8211; deve ser aplicado na fixa\u00e7\u00e3o de honor\u00e1rios de sucumb\u00eancia quando se estiver diante de processo pendente ao tempo do advento do novel comp\u00eandio.<br \/>\n\n\n\n\n<h2 class=\"wp-block-heading\">O que \u00e9 fase de prola\u00e7\u00e3o de senten\u00e7a?<\/h2>\n\n\n<p><\/p>A prola\u00e7\u00e3o acontece quando o juiz julga o processo, juntando a senten\u00e7a \u00e0 a\u00e7\u00e3o. J\u00e1 a publica\u00e7\u00e3o acontece quando a decis\u00e3o \u00e9 notificada \u00e0s partes, geralmente via publica\u00e7\u00e3o em di\u00e1rio oficial ou atualiza\u00e7\u00f5es enviadas pelos sistemas eletr\u00f4nicos dos tribunais.<br \/>\n\n\n\n\n<h2 class=\"wp-block-heading\">O que acontece depois da prola\u00e7\u00e3o da senten\u00e7a?<\/h2>\n\nQuando proferida em audi\u00eancia, as partes e os respectivos advogados ser\u00e3o cientificados no mesmo ato. Quando prolatada em momento posterior, a intima\u00e7\u00e3o da senten\u00e7a ser\u00e1, preferencialmente, realizada por meio eletr\u00f4nico. N\u00e3o sendo o caso, ser\u00e1 publicada no \u00f3rg\u00e3o oficial (art.<br \/>\n\n\n\n\n<h2 class=\"wp-block-heading\">Qual \u00e9 a data da prola\u00e7\u00e3o da senten\u00e7a?<\/h2>\n\nA data de prola\u00e7\u00e3o da senten\u00e7a \u00e9 o marco temporal que define qual diploma legal &#8211; CPC\/73 ou CPC\/15 &#8211; deve ser aplicado na fixa\u00e7\u00e3o de honor\u00e1rios de sucumb\u00eancia quando se estiver diante de processo pendente ao tempo do advento do novel comp\u00eandio.<br \/>\n\n\n\n\n<h2 class=\"wp-block-heading\">Qual \u00e9 o prazo previsto na lei para a prola\u00e7\u00e3o da senten\u00e7a?<\/h2>\n\n\n<p><\/p>III &#8211; tendo expirado o prazo a que se refere o art. 11, inciso III, desde que a parte interessada tenha notificado o \u00e1rbitro, ou o presidente do tribunal arbitral, concedendo-lhe o prazo de dez dias para a prola\u00e7\u00e3o e apresenta\u00e7\u00e3o da senten\u00e7a arbitral.<br \/>\n\n\n\n\n<h2 class=\"wp-block-heading\">O que \u00e9 concluso para prola\u00e7\u00e3o de senten\u00e7a?<\/h2>\n\n\n<p><\/p>O que significa Conclusos para Senten\u00e7a? Saiba o Significado. Quando a express\u00e3o \u201cConclusos para Senten\u00e7a\u201d aparece em sua consulta processual significa que o seu processo (incluindo todos documentos e provas) foi encaminhado para o Juiz para que ele d\u00ea uma Senten\u00e7a.<br \/>\n\n\n\n\n<h2 class=\"wp-block-heading\">O que significa concluso para prola\u00e7\u00e3o de senten\u00e7a?<\/h2>\n\nSaiba o Significado. Quando a express\u00e3o \u201cConclusos para Senten\u00e7a\u201d aparece em sua consulta processual significa que o seu processo (incluindo todos documentos e provas) foi encaminhado para o Juiz para que ele d\u00ea uma Senten\u00e7a.<br \/>\n\n\n\n\n<h2 class=\"wp-block-heading\">Quando um processo est\u00e1 concluso para senten\u00e7a demora muito?<\/h2>\n\n\n<p><\/p>Em geral, ap\u00f3s todos os procedimentos terem sido analisados, existe um prazo m\u00e9dio de dez a trinta dias para que a decis\u00e3o judicial seja determinada. No entanto, em algumas situa\u00e7\u00f5es, esse per\u00edodo pode ser prolongado e h\u00e1 diversos fatores que podem incidir sobre esse adiamento.<br \/>\n\n\n","protected":false},"excerpt":{"rendered":"<p>O que quer dizer prola\u00e7\u00e3o de senten\u00e7a? Ato pelo qual se profere ou se enuncia o que \u00e9 feito. Significa publica\u00e7\u00e3o. O que significa prola\u00e7\u00e3o de senten\u00e7a? Ato pelo qual se profere ou se enuncia o que \u00e9 feito. Significa publica\u00e7\u00e3o. Quando o juiz prolatou a senten\u00e7a? A prola\u00e7\u00e3o acontece quando o juiz julga o [&hellip;]<\/p>\n","protected":false},"author":2,"featured_media":0,"comment_status":"open","ping_status":"closed","sticky":false,"template":"","format":"standard","meta":{"footnotes":""},"categories":[1],"tags":[],"class_list":["post-4360","post","type-post","status-publish","format-standard","hentry","category-conteudo"],"_links":{"self":[{"href":"https:\/\/ammabarbacena.com.br\/perguntas-frequentes\/wp-json\/wp\/v2\/posts\/4360","targetHints":{"allow":["GET"]}}],"collection":[{"href":"https:\/\/ammabarbacena.com.br\/perguntas-frequentes\/wp-json\/wp\/v2\/posts"}],"about":[{"href":"https:\/\/ammabarbacena.com.br\/perguntas-frequentes\/wp-json\/wp\/v2\/types\/post"}],"author":[{"embeddable":true,"href":"https:\/\/ammabarbacena.com.br\/perguntas-frequentes\/wp-json\/wp\/v2\/users\/2"}],"replies":[{"embeddable":true,"href":"https:\/\/ammabarbacena.com.br\/perguntas-frequentes\/wp-json\/wp\/v2\/comments?post=4360"}],"version-history":[{"count":1,"href":"https:\/\/ammabarbacena.com.br\/perguntas-frequentes\/wp-json\/wp\/v2\/posts\/4360\/revisions"}],"predecessor-version":[{"id":4361,"href":"https:\/\/ammabarbacena.com.br\/perguntas-frequentes\/wp-json\/wp\/v2\/posts\/4360\/revisions\/4361"}],"wp:attachment":[{"href":"https:\/\/ammabarbacena.com.br\/perguntas-frequentes\/wp-json\/wp\/v2\/media?parent=4360"}],"wp:term":[{"taxonomy":"category","embeddable":true,"href":"https:\/\/ammabarbacena.com.br\/perguntas-frequentes\/wp-json\/wp\/v2\/categories?post=4360"},{"taxonomy":"post_tag","embeddable":true,"href":"https:\/\/ammabarbacena.com.br\/perguntas-frequentes\/wp-json\/wp\/v2\/tags?post=4360"}],"curies":[{"name":"wp","href":"https:\/\/api.w.org\/{rel}","templated":true}]}}