{"id":4354,"date":"2025-07-18T01:01:47","date_gmt":"2025-07-18T01:01:47","guid":{"rendered":"http:\/\/2ed3c94c-4dda-498e-8de2-1bfd38f14ec2"},"modified":"2025-07-18T01:01:47","modified_gmt":"2025-07-18T01:01:47","slug":"o-que-e-proeminencia-ossea","status":"publish","type":"post","link":"https:\/\/ammabarbacena.com.br\/perguntas-frequentes\/o-que-e-proeminencia-ossea\/","title":{"rendered":"O que \u00e9 proemin\u00eancia \u00f3ssea"},"content":{"rendered":"\n\n<h2 class=\"wp-block-heading\">O que s\u00e3o ossos proeminentes?<\/h2>\n\nAs protuber\u00e2ncias, semelhantes aos processos, s\u00e3o regi\u00f5es proeminentes ou salientes do osso. A protuber\u00e2ncia occipital externa \u00e9 um exemplo. Projetando-se a partir da linha m\u00e9dia da superf\u00edcie externa, \u00e9 palp\u00e1vel na parte de tr\u00e1s da cabe\u00e7a.<br \/>\n\n\n\n\n<h2 class=\"wp-block-heading\">O que s\u00e3o proeminencias \u00f3sseas?<\/h2>\n\n\n<p><\/p>Les\u00e3o por press\u00e3o \u00e9 quando existe um apoio constante do peso do corpo em uma mesma posi\u00e7\u00e3o, acontece o aumento da press\u00e3o nas regi\u00f5es onde o osso \u00e9 mais evidente (proemin\u00eancia \u00f3ssea).<br \/>\n\n\n\n\n<h2 class=\"wp-block-heading\">Quais s\u00e3o os 4 tipos de ossos?<\/h2>\n\n\n<p><\/p>Todos os 206 ossos do esqueleto podem ser categorizados em quatro tipos: longo, curto, plano e irregular. Cada tipo de osso tem uma finalidade espec\u00edfica e alguns tipos t\u00eam mais de uma fun\u00e7\u00e3o.<br \/>\n\n\n\n\n<h2 class=\"wp-block-heading\">O que seria proemin\u00eancia?<\/h2>\n\n\n<p><\/p>substantivo. Tamb\u00e9m proemin\u00eancia. O estado de ser proeminente ; conspicuidade. algo que \u00e9 proeminente ; uma proje\u00e7\u00e3o ou protuber\u00e2ncia.<br \/>\n\n\n\n\n<h2 class=\"wp-block-heading\">Como proteger proeminencias \u00f3sseas?<\/h2>\n\n\n<p><\/p>Se a pessoa mudar ou for mudada de posi\u00e7\u00e3o com frequ\u00eancia e fizer uso de cremes hidratantes diariamente nas regi\u00f5es com proemin\u00eancias \u00f3sseas vai colaborar para evitar o surgimento da les\u00e3o.<br \/>\n\n\n\n\n<h2 class=\"wp-block-heading\">O que \u00e9 uma proemin\u00eancia acentuada de um osso?<\/h2>\n\nA proemin\u00eancia acentuada de um osso \u00e9 geralmente chamada de &#8220;protuber\u00e2ncia&#8221; ou &#8220;emin\u00eancia&#8221;. Essas caracter\u00edsticas \u00f3sseas podem servir como pontos de ancoragem para m\u00fasculos, tend\u00f5es ou ligamentos. Exemplos incluem a espinha da esc\u00e1pula ou o processo estiloide do r\u00e1dio.<br \/>\n\n\n\n\n<h2 class=\"wp-block-heading\">Qual a proemin\u00eancia acentuada de um osso?<\/h2>\n\n\n<p><\/p>Um processo \u00e9 uma proemin\u00eancia \u00f3ssea de um osso maior.<br \/>\n\n\n\n\n<h2 class=\"wp-block-heading\">O que \u00e9 uma proje\u00e7\u00e3o \u00f3ssea?<\/h2>\n\n\n<p><\/p>As proje\u00e7\u00f5es articuladas s\u00e3o encontradas onde dois ossos se encontram para formar uma articula\u00e7\u00e3o. Essas estruturas geralmente s\u00e3o encontradas nas extremidades dos ossos. A maior articula\u00e7\u00e3o \u00e9 uma proje\u00e7\u00e3o arredondada chamada cabe\u00e7a, sustentada por um pesco\u00e7o estreito nas extremidades de ossos grandes e longos.<br \/>\n\n\n\n\n<h2 class=\"wp-block-heading\">O que significa osteoporose acentuada?<\/h2>\n\n\n<p><\/p>A osteoporose \u00e9 uma condi\u00e7\u00e3o que torna os ossos mais fr\u00e1geis e porosos, aumentando o risco de fraturas mesmo em atividades simples do dia a dia, como uma queda da pr\u00f3pria altura ou at\u00e9 um espirro mais forte. Isso acontece porque h\u00e1 uma redu\u00e7\u00e3o na densidade e na qualidade do tecido \u00f3sseo ao longo do tempo.<br \/>\n\n\n\n\n<h2 class=\"wp-block-heading\">O que \u00e9 a proemin\u00eancia \u00f3ssea no quadril?<\/h2>\n\n\n\n<h2 class=\"wp-block-heading\">O que \u00e9 um &#8220;bump \u00f3sseo&#8221; no quadril?<\/h2>\n\n\n<p><\/p>O \u201cbump\u201d \u00f3sseo leva a redu\u00e7\u00e3o do \u201coffset\u201d femoral (figura 12), definido como a dist\u00e2ncia entre o maior di\u00e2metro da cabe\u00e7a femoral e a por\u00e7\u00e3o mais proeminente do colo femoral, podendo ser avaliado nas imagens seccionais (TC e RM) e nas incid\u00eancias laterais, como o perfil de Ducroquet e o perfil cir\u00fargico (\u201ccross-table\u201d) &#8230;<br \/>\n\n\n\n\n<h2 class=\"wp-block-heading\">O que \u00e9 proemin\u00eancia acetabular?<\/h2>\n\n\n<p><\/p>Ele \u00e9 caracterizado pela presen\u00e7a de uma proemin\u00eancia \u00f3ssea localizada na por\u00e7\u00e3o \u00f3ssea da cavidade da bacia, e n\u00e3o na cabe\u00e7a femoral. A deformidade causada pelo impacto femoroacetabular do tipo PINCER consiste no aumento da cobertura \u00f3ssea da cabe\u00e7a do f\u00eamur por parte do acet\u00e1bulo.<br \/>\n\n\n\n\n<h2 class=\"wp-block-heading\">O que \u00e9 protus\u00e3o no quadril?<\/h2>\n\n\n<p><\/p>A protrus\u00e3o acetabular \u00e9 caracterizada por deformidade da parede medial do acet\u00e1bulo com migra\u00e7\u00e3o progressiva da cabe\u00e7a femoral para o interior da pelve, causando dist\u00farbios mec\u00e2nicos, dor e importante limita\u00e7\u00e3o funcional da articula\u00e7\u00e3o do quadril.<br \/>\n\n\n\n\n<h2 class=\"wp-block-heading\">Como tratar edema \u00f3sseo no quadril?<\/h2>\n\n\n<p><\/p>Seu tratamento \u00e9 feito com a cessa\u00e7\u00e3o dos treinos e uso de muletas por 6 semanas. Com a melhora da dor e das altera\u00e7\u00f5es nos exames de imagem, o paciente pode retomar gradualmente os treinos.<br \/>\n\n\n\n\n<h2 class=\"wp-block-heading\">Qual o sintoma de tumor no quadril?<\/h2>\n\n\n<p><\/p>\n\n<ul class=\"wp-block-list\">\n<li>Incha\u00e7o e Sensibilidade<\/li>\n<li> Algumas pessoas podem experimentar incha\u00e7o na \u00e1rea do quadril, juntamente com uma sensibilidade aumentada. O incha\u00e7o pode n\u00e3o ser vis\u00edvel nos est\u00e1gios iniciais, mas pode tornar-se mais aparente \u00e0 medida que o tumor cresce.<\/li>\n<\/ul>\n\n\n\n\n<h2 class=\"wp-block-heading\">O que significa protuber\u00e2ncia \u00f3ssea?<\/h2>\n\nOsteocondromas s\u00e3o protuber\u00e2ncias \u00f3sseas envolvidas por uma camada de cartilagem. Atingem, habitualmente, as extremidades dos ossos longos no esqueleto imaturo e os deformam. Em geral s\u00e3o \u00fanicos, mas a forma de apresenta\u00e7\u00e3o m\u00faltipla pode ser encontrada. De aspecto bastante caracter\u00edstico, s\u00e3o de f\u00e1cil diagn\u00f3stico.<br \/>\n\n\n\n\n<h2 class=\"wp-block-heading\">O que s\u00e3o protuber\u00e2ncias \u00f3sseas?<\/h2>\n\n\n<p><\/p>Exostoses s\u00e3o tumores \u00f3sseos benignos que se formam sobre o tecido \u00f3sseo existente. Em outras palavras, s\u00e3o protuber\u00e2ncias \u00f3sseas que crescem a partir de um dos ossos. N\u00e3o s\u00e3o cancer\u00edgenas. Isso significa que n\u00e3o s\u00e3o um sintoma de c\u00e2ncer e n\u00e3o o causam.<br \/>\n\n\n\n\n<h2 class=\"wp-block-heading\">Como \u00e9 chamado o tumor benigno no osso?<\/h2>\n\n\n<p><\/p>O osteocondroma \u00e9 um tumor benigno da superf\u00edcie do osso, como uma protuber\u00e2ncia \u00f3ssea coberta por uma capa de cartilagem. \u00c9 o tumor benigno \u00f3sseo mais frequente. A maior parte do diagn\u00f3stico \u00e9 feito na idade jovem, antes dos 20 anos.<br \/>\n\n\n\n\n<h2 class=\"wp-block-heading\">Qual \u00e9 o tratamento para esp\u00edcula \u00f3ssea?<\/h2>\n\n\n<p><\/p>Inje\u00e7\u00f5es de corticosteroides: em certos casos, inje\u00e7\u00f5es de corticosteroides podem ser aplicadas diretamente na \u00e1rea afetada para reduzir a inflama\u00e7\u00e3o e aliviar a dor; Interven\u00e7\u00e3o cir\u00fargica: quando os outros tratamentos n\u00e3o surtem efeito, a cirurgia pode ser uma op\u00e7\u00e3o para remo\u00e7\u00e3o de esp\u00edcula \u00f3ssea.<br \/>\n\n\n\n\n<h2 class=\"wp-block-heading\">Como saber se o tumor \u00f3sseo \u00e9 benigno ou maligno?<\/h2>\n\n\n<p><\/p>O diagn\u00f3stico de um tumor \u00f3sseo benigno geralmente come\u00e7a com um exame f\u00edsico e a coleta de um hist\u00f3rico m\u00e9dico completo. A partir da\u00ed, podem ser necess\u00e1rios v\u00e1rios testes de imagem para visualizar o tumor e avaliar suas caracter\u00edsticas.<br \/>\n\n\n\n\n<h2 class=\"wp-block-heading\">O que \u00e9 uma proemin\u00eancia \u00f3ssea?<\/h2>\n\n\n\n<h2 class=\"wp-block-heading\">O que \u00e9 uma prolifera\u00e7\u00e3o \u00f3ssea?<\/h2>\n\n\n<p><\/p>Ocorre prolifera\u00e7\u00e3o \u00f3ssea, mais precisamente do peri\u00f3steo (camada mais externa do osso), tornando a regi\u00e3o hipertrofiada (aumentada). Os locais mais acometidos s\u00e3o os ossos da mand\u00edbula e do cr\u00e2nio e eventualmente a bula timp\u00e2nica no ouvido.<br \/>\n\n\n\n\n<h2 class=\"wp-block-heading\">O que significa sali\u00eancia \u00f3ssea?<\/h2>\n\n\n<p><\/p>Os oste\u00f3fitos s\u00e3o protuber\u00e2ncias de osso e cartilagem, tamb\u00e9m s\u00e3o chamados de sali\u00eancias \u00f3sseas e possuem at\u00e9 alguns \u201capelidos\u201d como espor\u00e3o ou bico de papagaio. Eles se desenvolvem nas articula\u00e7\u00f5es que apresentam sinais de degenera\u00e7\u00e3o ou regi\u00f5es que sofrem tra\u00e7\u00e3o pelas c\u00e1psulas, tend\u00f5es e ligamentos.<br \/>\n\n\n\n\n<h2 class=\"wp-block-heading\">Quais s\u00e3o as proeminencias \u00f3sseas?<\/h2>\n\n\n\n<h2 class=\"wp-block-heading\">Quais s\u00e3o as principais proemin\u00eancias \u00f3sseas acometidas nas \u00falceras por press\u00e3o?<\/h2>\n\n\n<p><\/p>\n\n<ul class=\"wp-block-list\">\n<li>Diagn\u00f3stico das les\u00e3o por press\u00e3o<\/li>\n<li> O diagn\u00f3stico das les\u00f5es por press\u00e3o baseia-se em avalia\u00e7\u00e3o cl\u00ednica. Tipicamente, identifica-se uma les\u00e3o por press\u00e3o por seu aspecto caracter\u00edstico e por sua localiza\u00e7\u00e3o ao longo de uma proemin\u00eancia \u00f3ssea. O sacro \u00e9 o local mais comum, seguido dos calc\u00e2neos.<\/li>\n<\/ul>\n\n\n\n\n<h2 class=\"wp-block-heading\">O que s\u00e3o proemin\u00eancias?<\/h2>\n\n\n<p><\/p>substantivo. Tamb\u00e9m proemin\u00eancia. O estado de ser proeminente ; conspicuidade. algo que \u00e9 proeminente ; uma proje\u00e7\u00e3o ou protuber\u00e2ncia.<br \/>\n\n\n\n\n<h2 class=\"wp-block-heading\">Como posso proteger minhas proemin\u00eancias \u00f3sseas?<\/h2>\n\n\n<p><\/p>Se a pessoa mudar ou for mudada de posi\u00e7\u00e3o com frequ\u00eancia e fizer uso de cremes hidratantes diariamente nas regi\u00f5es com proemin\u00eancias \u00f3sseas vai colaborar para evitar o surgimento da les\u00e3o.<br \/>\n\n\n","protected":false},"excerpt":{"rendered":"<p>O que s\u00e3o ossos proeminentes? As protuber\u00e2ncias, semelhantes aos processos, s\u00e3o regi\u00f5es proeminentes ou salientes do osso. A protuber\u00e2ncia occipital externa \u00e9 um exemplo. Projetando-se a partir da linha m\u00e9dia da superf\u00edcie externa, \u00e9 palp\u00e1vel na parte de tr\u00e1s da cabe\u00e7a. O que s\u00e3o proeminencias \u00f3sseas? Les\u00e3o por press\u00e3o \u00e9 quando existe um apoio constante [&hellip;]<\/p>\n","protected":false},"author":2,"featured_media":0,"comment_status":"open","ping_status":"closed","sticky":false,"template":"","format":"standard","meta":{"footnotes":""},"categories":[1],"tags":[],"class_list":["post-4354","post","type-post","status-publish","format-standard","hentry","category-conteudo"],"_links":{"self":[{"href":"https:\/\/ammabarbacena.com.br\/perguntas-frequentes\/wp-json\/wp\/v2\/posts\/4354","targetHints":{"allow":["GET"]}}],"collection":[{"href":"https:\/\/ammabarbacena.com.br\/perguntas-frequentes\/wp-json\/wp\/v2\/posts"}],"about":[{"href":"https:\/\/ammabarbacena.com.br\/perguntas-frequentes\/wp-json\/wp\/v2\/types\/post"}],"author":[{"embeddable":true,"href":"https:\/\/ammabarbacena.com.br\/perguntas-frequentes\/wp-json\/wp\/v2\/users\/2"}],"replies":[{"embeddable":true,"href":"https:\/\/ammabarbacena.com.br\/perguntas-frequentes\/wp-json\/wp\/v2\/comments?post=4354"}],"version-history":[{"count":1,"href":"https:\/\/ammabarbacena.com.br\/perguntas-frequentes\/wp-json\/wp\/v2\/posts\/4354\/revisions"}],"predecessor-version":[{"id":4355,"href":"https:\/\/ammabarbacena.com.br\/perguntas-frequentes\/wp-json\/wp\/v2\/posts\/4354\/revisions\/4355"}],"wp:attachment":[{"href":"https:\/\/ammabarbacena.com.br\/perguntas-frequentes\/wp-json\/wp\/v2\/media?parent=4354"}],"wp:term":[{"taxonomy":"category","embeddable":true,"href":"https:\/\/ammabarbacena.com.br\/perguntas-frequentes\/wp-json\/wp\/v2\/categories?post=4354"},{"taxonomy":"post_tag","embeddable":true,"href":"https:\/\/ammabarbacena.com.br\/perguntas-frequentes\/wp-json\/wp\/v2\/tags?post=4354"}],"curies":[{"name":"wp","href":"https:\/\/api.w.org\/{rel}","templated":true}]}}