{"id":3900,"date":"2025-07-17T20:47:56","date_gmt":"2025-07-17T20:47:56","guid":{"rendered":"http:\/\/b96df3e7-1c37-47b3-9006-713e8aa4c4e1"},"modified":"2025-07-17T20:47:56","modified_gmt":"2025-07-17T20:47:56","slug":"o-que-e-fci-aluguel","status":"publish","type":"post","link":"https:\/\/ammabarbacena.com.br\/perguntas-frequentes\/o-que-e-fci-aluguel\/","title":{"rendered":"O que \u00e9 fci aluguel"},"content":{"rendered":"\n\n<h2 class=\"wp-block-heading\">Sou obrigado a pagar o FCI?<\/h2>\n\n\u200bO pagamento do FCI n\u00e3o \u00e9 obrigat\u00f3rio por lei, sua aplica\u00e7\u00e3o depende de um acordo entre locador e locat\u00e1rio. \u00c9 essencial que locadores e locat\u00e1rios discutam e compreendam os termos relacionados ao FCI antes de firmar o contrato, garantindo transpar\u00eancia e evitando poss\u00edveis desentendimentos futuros.<br \/>\n\n\n\n\n<h2 class=\"wp-block-heading\">Quem \u00e9 obrigado a fazer o FCI?<\/h2>\n\n\n<p><\/p>Sobre a Ficha Conte\u00fado de Importa\u00e7\u00e3o, a cl\u00e1usula quinta estabelece que o contribuinte ind\u00fastria, que tenha submetido bens ou mercadorias importados a processo de industrializa\u00e7\u00e3o, dever\u00e1 preencher a Ficha de Conte\u00fado de Importa\u00e7\u00e3o &#8211; FCI. N\u00e3o h\u00e1 exce\u00e7\u00e3o \u00e0s empresas do Simples Nacional quanto a esta obriga\u00e7\u00e3o.<br \/>\n\n\n\n\n<h2 class=\"wp-block-heading\">O FCI \u00e9 devolvido ao inquilino?<\/h2>\n\n\n<p><\/p>Caso n\u00e3o sejam identificados danos al\u00e9m do desgaste natural durante a vistoria final, o valor acumulado no FCI \u00e9 devolvido ao locat\u00e1rio, geralmente com corre\u00e7\u00e3o monet\u00e1ria.<br \/>\n\n\n\n\n<h2 class=\"wp-block-heading\">Para que serve o FCI no aluguel?<\/h2>\n\n\n<p><\/p>O Fundo de Conserva\u00e7\u00e3o do Im\u00f3vel (FCI) \u00e9 uma cl\u00e1usula presente em um contrato de aluguel para garantir o bom estado do im\u00f3vel durante a loca\u00e7\u00e3o. A taxa varia entre 3% e 8% do valor do aluguel e \u00e9 cobrada mensalmente. Essa quantia fica guardada pela imobili\u00e1ria ou pelo dono do im\u00f3vel at\u00e9 o fim do contrato.<br \/>\n\n\n\n\n<h2 class=\"wp-block-heading\">Como funciona o c\u00e1lculo do FCI?<\/h2>\n\n\n<p><\/p>Este c\u00e1lculo \u00e9 feito considerando o pre\u00e7o de venda do item-pai e o custo FCI de cada item-filho importado, com base no valor informado na nota de entrada, acrescido do frete, seguros e outras despesas, excluindo-se os cr\u00e9ditos de impostos.<br \/>\n\n\n\n\n<h2 class=\"wp-block-heading\">Quando emitir o FCI?<\/h2>\n\n\n<p><\/p>A FCI deve ser apresentada: Mensalmente, ou; Antes da sa\u00edda da mercadoria. Caso n\u00e3o haja mudan\u00e7a na faixa do conte\u00fado de importa\u00e7\u00e3o, n\u00e3o h\u00e1 necessidade de nova apresenta\u00e7\u00e3o.<br \/>\n\n\n\n\n<h2 class=\"wp-block-heading\">Como o FCI funciona no aluguel?<\/h2>\n\nO Locat\u00e1rio efetuar\u00e1 o pagamento no percentual de 6% (seis por cento) mensalmente sobre o valor do aluguel. Esse valor destina-se a formar uma poupan\u00e7a a favor do Locat\u00e1rio em poder da Imobili\u00e1ria Ativa, e ao t\u00e9rmino do contrato de loca\u00e7\u00e3o, assegurar a devolu\u00e7\u00e3o do im\u00f3vel nos termos em que fora locado.<br \/>\n\n\n\n\n<h2 class=\"wp-block-heading\">Quem paga o fundo de reserva aluguel?<\/h2>\n\n\n<p><\/p>Normalmente, o fundo de reserva \u00e9 utilizado para cobrir essas despesas, e nesses casos o pagamento deve ser feito pelo propriet\u00e1rio.<br \/>\n\n\n\n\n<h2 class=\"wp-block-heading\">Como cobrar o FCI?<\/h2>\n\n\n<p><\/p>O FCI deve ser preenchido e entregue junto com o contrato de loca\u00e7\u00e3o, especificando o valor, o percentual e a forma de pagamento. Deve ser cobrado mensalmente junto com o aluguel e as demais taxas. O FCI deve ser guardado pela imobili\u00e1ria ou pelo propriet\u00e1rio at\u00e9 o fim do contrato.<br \/>\n\n\n\n\n<h2 class=\"wp-block-heading\">Quem deve entregar o FCI?<\/h2>\n\n\n<p><\/p>A FCI dever\u00e1 ser apresentada mensalmente pelas empresas, sendo dispensada nova apresenta\u00e7\u00e3o nos per\u00edodos subsequentes enquanto n\u00e3o houver altera\u00e7\u00e3o do percentual do conte\u00fado de importa\u00e7\u00e3o que implique modifica\u00e7\u00e3o da al\u00edquota interestadual.<br \/>\n\n\n\n\n<h2 class=\"wp-block-heading\">O que \u00e9 taxa FCI?<\/h2>\n\n\n\n<h2 class=\"wp-block-heading\">O que \u00e9 taxa de FCI?<\/h2>\n\n\n<p><\/p>O FCI aluguel, como j\u00e1 conversamos, \u00e9 uma taxa paga pelo inquilino para cobrir as despesas de manuten\u00e7\u00e3o do im\u00f3vel. Ou seja, o objetivo principal \u00e9 garantir que o im\u00f3vel esteja sempre em boas condi\u00e7\u00f5es e que eventuais reparos sejam feitos rapidamente.<br \/>\n\n\n\n\n<h2 class=\"wp-block-heading\">O que \u00e9 taxa de aluguel 12% localiza?<\/h2>\n\n\n<p><\/p>Taxa: 12% sobre o valor total do contrato para carros retirados e devolvidos nas Ag\u00eancias Centro, Ag\u00eancias Aeroporto e Ag\u00eancias dos Terminais Rodovi\u00e1rios. *os valores acima podem variar de acordo com as pol\u00edticas da Localiza. OBRIGADO POR ESCOLHER A LOCALIZA!<br \/>\n\n\n\n\n<h2 class=\"wp-block-heading\">Para que serve o FCI?<\/h2>\n\nA FCI cont\u00e9m informa\u00e7\u00f5es que permitem determinar a participa\u00e7\u00e3o da parcela importada no total do bem ou mercadoria (Conte\u00fado de Importa\u00e7\u00e3o), al\u00e9m de identificar o contribuinte e a mercadoria.<br \/>\n\n\n\n\n<h2 class=\"wp-block-heading\">Para que serve a FCI?<\/h2>\n\n\n<p><\/p>A FCI cont\u00e9m informa\u00e7\u00f5es que permitem determinar a participa\u00e7\u00e3o da parcela importada no total do bem ou mercadoria (Conte\u00fado de Importa\u00e7\u00e3o), al\u00e9m de identificar o contribuinte e a mercadoria.<br \/>\n\n\n\n\n<h2 class=\"wp-block-heading\">Quando devo fazer o FCI?<\/h2>\n\n\n<p><\/p>A FCI deve ser apresentada: Mensalmente, ou; Antes da sa\u00edda da mercadoria. Caso n\u00e3o haja mudan\u00e7a na faixa do conte\u00fado de importa\u00e7\u00e3o, n\u00e3o h\u00e1 necessidade de nova apresenta\u00e7\u00e3o.<br \/>\n\n\n\n\n<h2 class=\"wp-block-heading\">Quem \u00e9 obrigado a declarar o FCI?<\/h2>\n\n\n<p><\/p>A obriga\u00e7\u00e3o acess\u00f3ria de preenchimento da Ficha de Conte\u00fado de Importa\u00e7\u00e3o &#8211; FCI se aplica ao industrializador, no caso de opera\u00e7\u00f5es com bens ou mercadorias importados que tenham sido submetidos a processo de industrializa\u00e7\u00e3o, e que resultem em produtos com algum &#8220;valor da parcela importada do exterior&#8221; e &#8220;conte\u00fado de &#8230;<br \/>\n\n\n\n\n<h2 class=\"wp-block-heading\">Quais taxas a imobili\u00e1ria pode cobrar do inquilino?<\/h2>\n\n\n\n<ul class=\"wp-block-list\">\n<li>Porcentagem sobre o valor do aluguel<\/li>\n<li> Nesse formato, a imobili\u00e1ria recebe uma comiss\u00e3o que varia entre 8% e 12% do valor mensal do aluguel do im\u00f3vel. Essa porcentagem \u00e9 aplicada diretamente sobre o valor pago pelo inquilino e \u00e9 repassada \u00e0 imobili\u00e1ria como pagamento pelos servi\u00e7os prestados.<\/li>\n<\/ul>\n\n\n\n\n<h2 class=\"wp-block-heading\">O que uma imobili\u00e1ria pode cobrar do inquilino?<\/h2>\n\n\n<p><\/p>\n\n<ul class=\"wp-block-list\">\n<li>Porcentagem sobre o valor do aluguel<\/li>\n<li> Nesse formato, a imobili\u00e1ria recebe uma comiss\u00e3o que varia entre 8% e 12% do valor mensal do aluguel do im\u00f3vel. Essa porcentagem \u00e9 aplicada diretamente sobre o valor pago pelo inquilino e \u00e9 repassada \u00e0 imobili\u00e1ria como pagamento pelos servi\u00e7os prestados.<\/li>\n<\/ul>\n\n\n\n\n<h2 class=\"wp-block-heading\">Quais taxas posso cobrar do inquilino?<\/h2>\n\n\n<p><\/p>\n\n<ul class=\"wp-block-list\">\n<li>Sal\u00e1rios e encargos trabalhistas dos funcion\u00e1rios;<\/li>\n<li>Limpeza, conserva\u00e7\u00e3o e pintura das instala\u00e7\u00f5es e depend\u00eancias de uso comum;<\/li>\n<li>Consumo de \u00e1gua, luz, esgoto;<\/li>\n<li>Manuten\u00e7\u00e3o e conserva\u00e7\u00e3o dos jardins.<\/li>\n<li>Manuten\u00e7\u00e3o e conserva\u00e7\u00e3o de equipamentos, como: elevadores, bombas hidr\u00e1ulicas, interfones, port\u00f5es, seguran\u00e7a, etc.;<\/li>\n<\/ul>\n\n\n\n\n<h2 class=\"wp-block-heading\">O que o inquilino n\u00e3o \u00e9 obrigado a pagar?<\/h2>\n\n\n<p><\/p>O inquilino n\u00e3o deve ser obrigado a arcar com despesas que estejam al\u00e9m daquelas essenciais, como a taxa mensal de condom\u00ednio, sal\u00e1rio e encargos trabalhistas dos porteiros, profissionais da limpeza e zelador, servi\u00e7os de limpeza e manuten\u00e7\u00e3o das \u00e1reas de uso comum, reparos fundamentais para o funcionamento di\u00e1rio do &#8230;<br \/>\n\n\n\n\n<h2 class=\"wp-block-heading\">Qual a responsabilidade da imobili\u00e1ria com o inquilino?<\/h2>\n\n\n<p><\/p>A imobili\u00e1ria deve, com zelo, buscar todas as informa\u00e7\u00f5es e documentos do pretenso inquilino, atuando com dilig\u00eancia para que a loca\u00e7\u00e3o seja lucrativa tanto para a administradora como para o propriet\u00e1rio e que n\u00e3o gere preju\u00edzos desde o in\u00edcio da loca\u00e7\u00e3o at\u00e9 sua rescis\u00e3o final.<br \/>\n\n\n\n\n<h2 class=\"wp-block-heading\">Qual o valor do FCI?<\/h2>\n\nA taxa varia entre 3% e 8% do valor do aluguel e \u00e9 cobrada mensalmente. Essa quantia fica guardada pela imobili\u00e1ria ou pelo dono do im\u00f3vel at\u00e9 o fim do contrato. Se nenhum reparo for necess\u00e1rio ao entregar o im\u00f3vel, a verba do FCI \u00e9 devolvida com corre\u00e7\u00e3o e atualiza\u00e7\u00e3o.<br \/>\n\n\n\n\n<h2 class=\"wp-block-heading\">Como \u00e9 o c\u00e1lculo do FCI?<\/h2>\n\n\n<p><\/p>Este c\u00e1lculo \u00e9 feito considerando o pre\u00e7o de venda do item-pai e o custo FCI de cada item-filho importado, com base no valor informado na nota de entrada, acrescido do frete, seguros e outras despesas, excluindo-se os cr\u00e9ditos de impostos.<br \/>\n\n\n\n\n<h2 class=\"wp-block-heading\">Como funciona o FCI?<\/h2>\n\n\n<p><\/p>A FCI cont\u00e9m informa\u00e7\u00f5es que permitem determinar a participa\u00e7\u00e3o da parcela importada no total do bem ou mercadoria (Conte\u00fado de Importa\u00e7\u00e3o), al\u00e9m de identificar o contribuinte e a mercadoria.<br \/>\n\n\n\n\n<h2 class=\"wp-block-heading\">Quando a FCI \u00e9 obrigat\u00f3ria?<\/h2>\n\n\n<p><\/p>Quem e quando se realiza a entrega da FCI? Qualquer empresa que beneficie produtos utilizando mat\u00e9rias-primas importadas possuem a obriga\u00e7\u00e3o de entregar a FCI, n\u00e3o importando qual \u00e9 o tipo de industrializa\u00e7\u00e3o.<br \/>\n\n\n","protected":false},"excerpt":{"rendered":"<p>Sou obrigado a pagar o FCI? \u200bO pagamento do FCI n\u00e3o \u00e9 obrigat\u00f3rio por lei, sua aplica\u00e7\u00e3o depende de um acordo entre locador e locat\u00e1rio. \u00c9 essencial que locadores e locat\u00e1rios discutam e compreendam os termos relacionados ao FCI antes de firmar o contrato, garantindo transpar\u00eancia e evitando poss\u00edveis desentendimentos futuros. Quem \u00e9 obrigado a [&hellip;]<\/p>\n","protected":false},"author":2,"featured_media":0,"comment_status":"open","ping_status":"closed","sticky":false,"template":"","format":"standard","meta":{"footnotes":""},"categories":[1],"tags":[],"class_list":["post-3900","post","type-post","status-publish","format-standard","hentry","category-conteudo"],"_links":{"self":[{"href":"https:\/\/ammabarbacena.com.br\/perguntas-frequentes\/wp-json\/wp\/v2\/posts\/3900","targetHints":{"allow":["GET"]}}],"collection":[{"href":"https:\/\/ammabarbacena.com.br\/perguntas-frequentes\/wp-json\/wp\/v2\/posts"}],"about":[{"href":"https:\/\/ammabarbacena.com.br\/perguntas-frequentes\/wp-json\/wp\/v2\/types\/post"}],"author":[{"embeddable":true,"href":"https:\/\/ammabarbacena.com.br\/perguntas-frequentes\/wp-json\/wp\/v2\/users\/2"}],"replies":[{"embeddable":true,"href":"https:\/\/ammabarbacena.com.br\/perguntas-frequentes\/wp-json\/wp\/v2\/comments?post=3900"}],"version-history":[{"count":1,"href":"https:\/\/ammabarbacena.com.br\/perguntas-frequentes\/wp-json\/wp\/v2\/posts\/3900\/revisions"}],"predecessor-version":[{"id":3901,"href":"https:\/\/ammabarbacena.com.br\/perguntas-frequentes\/wp-json\/wp\/v2\/posts\/3900\/revisions\/3901"}],"wp:attachment":[{"href":"https:\/\/ammabarbacena.com.br\/perguntas-frequentes\/wp-json\/wp\/v2\/media?parent=3900"}],"wp:term":[{"taxonomy":"category","embeddable":true,"href":"https:\/\/ammabarbacena.com.br\/perguntas-frequentes\/wp-json\/wp\/v2\/categories?post=3900"},{"taxonomy":"post_tag","embeddable":true,"href":"https:\/\/ammabarbacena.com.br\/perguntas-frequentes\/wp-json\/wp\/v2\/tags?post=3900"}],"curies":[{"name":"wp","href":"https:\/\/api.w.org\/{rel}","templated":true}]}}