{"id":3898,"date":"2025-07-17T20:46:50","date_gmt":"2025-07-17T20:46:50","guid":{"rendered":"http:\/\/5518d739-8063-442b-8a69-33bcc247c58e"},"modified":"2025-07-17T20:46:50","modified_gmt":"2025-07-17T20:46:50","slug":"o-conjunto-de-leis-que-regulamenta-o-nosso-transito-e","status":"publish","type":"post","link":"https:\/\/ammabarbacena.com.br\/perguntas-frequentes\/o-conjunto-de-leis-que-regulamenta-o-nosso-transito-e\/","title":{"rendered":"O conjunto de leis que regulamenta o nosso tr\u00e2nsito \u00e9"},"content":{"rendered":"\n\n<h2 class=\"wp-block-heading\">Qual o conjunto de leis que regulamenta o nosso tr\u00e2nsito?<\/h2>\n\nO tr\u00e2nsito brasileiro \u00e9 regulamentado pela Lei 9.503\/97 \u2013 C\u00f3digo de Tr\u00e2nsito Brasileiro \u2013 CTB, e pelas Resolu\u00e7\u00f5es complementares. Al\u00e9m do CTB e das Resolu\u00e7\u00f5es, os Estados complementam a legisla\u00e7\u00e3o por meio de Portarias e Decretos.<br \/>\n\n\n\n\n<h2 class=\"wp-block-heading\">Qual a Lei que regulamenta o tr\u00e2nsito?<\/h2>\n\n\n<p><\/p>\n\n<ul class=\"wp-block-list\">\n<li>LEI N\u00ba 9.503, DE 23 DE SETEMBRO DE 1997<\/li>\n<li> Institui o C\u00f3digo de Tr\u00e2nsito Brasileiro.<\/li>\n<\/ul>\n\n\n\n\n<h2 class=\"wp-block-heading\">O que significa CTB no C\u00f3digo de Tr\u00e2nsito Brasileiro?<\/h2>\n\n\n<p><\/p>O C\u00f3digo de Tr\u00e2nsito Brasileiro (CTB) completa nove anos como um instrumento atual.<br \/>\n\n\n\n\n<h2 class=\"wp-block-heading\">Quem define as leis de tr\u00e2nsito?<\/h2>\n\n\n<p><\/p>Secretaria Nacional de Tr\u00e2nsito &#8211; Senatran \u2014 Minist\u00e9rio dos Transportes.<br \/>\n\n\n\n\n<h2 class=\"wp-block-heading\">Quem regulamenta as leis de tr\u00e2nsito no Brasil?<\/h2>\n\nA Senatran \u00e9 o \u00f3rg\u00e3o m\u00e1ximo executivo do Sistema Nacional de Tr\u00e2nsito (SNT), e tem autonomia administrativa e t\u00e9cnica, e jurisdi\u00e7\u00e3o sobre todo o territ\u00f3rio brasileiro. Sua sede \u00e9 em Bras\u00edlia (DF).<br \/>\n\n\n\n\n<h2 class=\"wp-block-heading\">Quem regula as leis de tr\u00e2nsito no Brasil?<\/h2>\n\n\n<p><\/p>A Senatran \u00e9 o \u00f3rg\u00e3o m\u00e1ximo executivo do Sistema Nacional de Tr\u00e2nsito (SNT), e tem autonomia administrativa e t\u00e9cnica, e jurisdi\u00e7\u00e3o sobre todo o territ\u00f3rio brasileiro. Sua sede \u00e9 em Bras\u00edlia (DF).<br \/>\n\n\n\n\n<h2 class=\"wp-block-heading\">Quem fiscaliza as leis de tr\u00e2nsito no Brasil?<\/h2>\n\n\n<p><\/p>\n\n<ul class=\"wp-block-list\">\n<li>DENATRAN (SENATRAN)<\/li>\n<li> Sua principal fun\u00e7\u00e3o \u00e9 fiscalizar e fazer cumprir a legisla\u00e7\u00e3o de tr\u00e2nsito. Com sede tamb\u00e9m em Bras\u00edlia, a Senatran executa as normas e resolu\u00e7\u00f5es estabelecidas pelo Contran atrav\u00e9s do C\u00f3digo de Tr\u00e2nsito Brasileiro.<\/li>\n<\/ul>\n\n\n\n\n<h2 class=\"wp-block-heading\">Qual o \u00f3rg\u00e3o que regulamenta as normas do C\u00f3digo de Tr\u00e2nsito Brasileiro?<\/h2>\n\n\n<p><\/p>O Conselho Nacional de Tr\u00e2nsito \u00e9 o respons\u00e1vel m\u00e1ximo pelo Sistema Nacional de Tr\u00e2nsito e exerce as fun\u00e7\u00f5es de \u00f3rg\u00e3o coordenador, normativo e consultivo, estando vinculado, desde 2003, ao Minist\u00e9rio das Cidades, conforme Decreto federal n\u00ba 4.711\/03.<br \/>\n\n\n\n\n<h2 class=\"wp-block-heading\">Quem manda nas leis de tr\u00e2nsito?<\/h2>\n\n\n<p><\/p>Conselho Nacional de Tr\u00e2nsito : \u00e9 o \u00f3rg\u00e3o m\u00e1ximo normativo e consultivo do Sistema Nacional de Tr\u00e2nsito.<br \/>\n\n\n\n\n<h2 class=\"wp-block-heading\">Qual a diferen\u00e7a entre o Detran e a Ciretran?<\/h2>\n\n\n<p><\/p>\n\n<ul class=\"wp-block-list\">\n<li>Qual a diferen\u00e7a entre DETRAN e CIRETRAN<\/li>\n<li> Portanto, o DETRAN tem fun\u00e7\u00f5es mais estrat\u00e9gicas e de regula\u00e7\u00e3o, enquanto o CIRETRAN atua na execu\u00e7\u00e3o direta do atendimento ao p\u00fablico e das opera\u00e7\u00f5es de tr\u00e2nsito na sua circunscri\u00e7\u00e3o regional.<\/li>\n<\/ul>\n\n\n\n\n<h2 class=\"wp-block-heading\">O que \u00e9 contran e denatran?<\/h2>\n\nO principal objetivo do Denatran \u00e9 fiscalizar as normas e diretrizes do Conselho Nacional de Tr\u00e2nsito ( Contran ) e do C\u00f3digo de Tr\u00e2nsito Brasileiro (CTB) para que elas sejam cumpridas corretamente.<br \/>\n\n\n\n\n<h2 class=\"wp-block-heading\">Qual a diferen\u00e7a do Contran para o Denatran?<\/h2>\n\n\n<p><\/p>O principal objetivo do Denatran \u00e9 fiscalizar as normas e diretrizes do Conselho Nacional de Tr\u00e2nsito ( Contran ) e do C\u00f3digo de Tr\u00e2nsito Brasileiro (CTB) para que elas sejam cumpridas corretamente.<br \/>\n\n\n\n\n<h2 class=\"wp-block-heading\">Qual \u00e9 a fun\u00e7\u00e3o do Ciretran?<\/h2>\n\n\n<p><\/p>Ciretran. O que faz: \u00c9 o Detran dos munic\u00edpios mais distantes. Exerce a mesma fun\u00e7\u00e3o dos departamentos estaduais s\u00f3 que em cidades do interior.<br \/>\n\n\n\n\n<h2 class=\"wp-block-heading\">O que se faz no Ciretran?<\/h2>\n\n\n<p><\/p>O Ciretran \u00e9 um \u00f3rg\u00e3o p\u00fablico que presta apoio ao tr\u00e2nsito, e busca organizar as vias urbanas e garantir que o tr\u00e2nsito flua com rapidez e seguran\u00e7a. O Ciretran atua nos munic\u00edpios e no interior dos estados. Your browser can&#8217;t play this video.<br \/>\n\n\n\n\n<h2 class=\"wp-block-heading\">Como se chamam as leis do tr\u00e2nsito?<\/h2>\n\n\n\n<ul class=\"wp-block-list\">\n<li>LEI N\u00ba 9.503, DE 23 DE SETEMBRO DE 1997<\/li>\n<li> Institui o C\u00f3digo de Tr\u00e2nsito Brasileiro.<\/li>\n<\/ul>\n\n\n\n\n<h2 class=\"wp-block-heading\">Como se chamam as leis de tr\u00e2nsito?<\/h2>\n\n\n<p><\/p>O tr\u00e2nsito brasileiro \u00e9 regulamentado pela Lei 9.503\/97 \u2013 C\u00f3digo de Tr\u00e2nsito Brasileiro \u2013 CTB, e pelas Resolu\u00e7\u00f5es complementares.<br \/>\n\n\n\n\n<h2 class=\"wp-block-heading\">Quais s\u00e3o as leis que regem o tr\u00e2nsito?<\/h2>\n\n\n<p><\/p>\n\n<ul class=\"wp-block-list\">\n<li>LEI N\u00ba 9.503, DE 23 DE SETEMBRO DE 1997<\/li>\n<li> Institui o C\u00f3digo de Tr\u00e2nsito Brasileiro. Art. 1\u00ba O tr\u00e2nsito de qualquer natureza nas vias terrestres do territ\u00f3rio nacional, abertas \u00e0 circula\u00e7\u00e3o, rege-se por este C\u00f3digo.<\/li>\n<\/ul>\n\n\n\n\n<h2 class=\"wp-block-heading\">Quais s\u00e3o os 4 tipos de infra\u00e7\u00e3o?<\/h2>\n\n\n<p><\/p>Infra\u00e7\u00e3o leve: 3 pontos. Infra\u00e7\u00e3o m\u00e9dia: 4 pontos. Infra\u00e7\u00e3o grave: 5 pontos. Infra\u00e7\u00e3o grav\u00edssima: 7 pontos.<br \/>\n\n\n\n\n<h2 class=\"wp-block-heading\">Quais s\u00e3o as 3 novas leis de tr\u00e2nsito?<\/h2>\n\n\n<p><\/p>\n\n<ul class=\"wp-block-list\">\n<li>Retrovisores de ve\u00edculos escolares dever\u00e3o eliminar os pontos cegos das laterais \u2014 Foto: Reprodu\u00e7\u00e3o\/Alesp.<\/li>\n<li>Controle de estabilidade passa a ser obrigat\u00f3rio em autom\u00f3veis \u2014 Foto: Auto Esporte.<\/li>\n<li>DRL tamb\u00e9m se tornou item obrigat\u00f3rio \u2014 Foto: Divulga\u00e7\u00e3o.<\/li>\n<\/ul>\n\n\n\n\n<h2 class=\"wp-block-heading\">O que \u00e9 o Contran?<\/h2>\n\n\n<p><\/p>O que \u00e9 o Contran? Conselho Nacional de Tr\u00e2nsito: \u00e9 o \u00f3rg\u00e3o m\u00e1ximo normativo e consultivo do Sistema Nacional de Tr\u00e2nsito. Ele elabora diretrizes da Pol\u00edtica Nacional de Tr\u00e2nsito e coordena todos os \u00f3rg\u00e3os do Sistema Nacional de Tr\u00e2nsito.<br \/>\n\n\n\n\n<h2 class=\"wp-block-heading\">O que significa contran?<\/h2>\n\nConselho Nacional de Tr\u00e2nsito : \u00e9 o \u00f3rg\u00e3o m\u00e1ximo normativo e consultivo do Sistema Nacional de Tr\u00e2nsito.<br \/>\n\n\n\n\n<h2 class=\"wp-block-heading\">O que \u00e9 o Contran e para que serve?<\/h2>\n\n\n<p><\/p>Conselho Nacional de Tr\u00e2nsito: \u00e9 o \u00f3rg\u00e3o m\u00e1ximo normativo e consultivo do Sistema Nacional de Tr\u00e2nsito. Ele elabora diretrizes da Pol\u00edtica Nacional de Tr\u00e2nsito e coordena todos os \u00f3rg\u00e3os do Sistema Nacional de Tr\u00e2nsito.<br \/>\n\n\n\n\n<h2 class=\"wp-block-heading\">Qual a diferen\u00e7a entre Contran e Denatran?<\/h2>\n\n\n<p><\/p>CONTRAN : \u00f3rg\u00e3o nacional normativo e consultivo. CETRAN: \u00f3rg\u00e3o nacional normativo e consultivo. CONTRANDIFE (apenas no DF): \u00f3rg\u00e3o normativo e consultivo do Distrito Federal. DENATRAN : \u00f3rg\u00e3o executivo federal.<br \/>\n\n\n\n\n<h2 class=\"wp-block-heading\">Quem \u00e9 maior, Contran ou Denatran?<\/h2>\n\n\n<p><\/p>Contran. O que faz: \u00c9 o \u00f3rg\u00e3o m\u00e1ximo normativo e consultivo do Sistema Nacional de Tr\u00e2nsito.<br \/>\n\n\n\n\n<h2 class=\"wp-block-heading\">O que significa ciretran?<\/h2>\n\n\n<p><\/p>A Circunscri\u00e7\u00e3o Regional de Tr\u00e2nsito, conhecida como Ciretran, \u00e9 \u00f3rg\u00e3o do DETRAN nos munic\u00edpios do interior dos estados, tem a responsabilidade de exigir e impor a obedi\u00eancia e o devido cumprimento da legisla\u00e7\u00e3o de tr\u00e2nsito no \u00e2mbito de sua jurisdi\u00e7\u00e3o.<br \/>\n\n\n\n\n<h2 class=\"wp-block-heading\">Quais s\u00e3o as tr\u00eas principais leis de tr\u00e2nsito?<\/h2>\n\n\n\n<ul class=\"wp-block-list\">\n<li>#1 Cinto de seguran\u00e7a \u00e9 obrigat\u00f3rio para todos os passageiros. &#8230;<\/li>\n<li>#2 Crian\u00e7as devem ser transportadas com equipamentos de prote\u00e7\u00e3o. &#8230;<\/li>\n<li>#3 Dirigir embriagado \u00e9 crime. &#8230;<\/li>\n<li>#4 Bicicleta tamb\u00e9m \u00e9 considerado um ve\u00edculo. &#8230;<\/li>\n<li>#5 Limites de velocidade precisam ser respeitados.<\/li>\n<\/ul>\n\n\n\n\n<h2 class=\"wp-block-heading\">Quais s\u00e3o as 3 leis de tr\u00e2nsito?<\/h2>\n\n\n<p><\/p>\n\n<ul class=\"wp-block-list\">\n<li>Uso obrigat\u00f3rio do cinto de seguran\u00e7a para todos os passageiros. &#8230;<\/li>\n<li>\u00c9 proibido dirigir embriagado. &#8230;<\/li>\n<li>Bicicletas tamb\u00e9m s\u00e3o consideradas ve\u00edculos. &#8230;<\/li>\n<li>Crian\u00e7as menores de 10 anos devem ser transportadas em equipamentos de seguran\u00e7a especiais.<\/li>\n<\/ul>\n\n\n\n\n<h2 class=\"wp-block-heading\">Quais s\u00e3o os 3 pilares do tr\u00e2nsito?<\/h2>\n\n\n<p><\/p>De volta \u00e0 contemporaneidade, e tendo essa ideia em mente, em especial quando a aplicamos \u00e0 l\u00f3gica do tr\u00e2nsito, temos, ent\u00e3o, o conceito do trip\u00e9 da seguran\u00e7a vi\u00e1ria, &#8216;os tr\u00eas E&#8217;s&#8217;: a engenharia, a educa\u00e7\u00e3o para o tr\u00e2nsito e o esfor\u00e7o legal.<br \/>\n\n\n\n\n<h2 class=\"wp-block-heading\">Quais s\u00e3o as regras de tr\u00e2nsito mais importantes?<\/h2>\n\n\n<p><\/p>\n\n<ul class=\"wp-block-list\">\n<li>1) Cuidar do ve\u00edculo. &#8230;<\/li>\n<li>2) Respeitar a sinaliza\u00e7\u00e3o. &#8230;<\/li>\n<li>3) N\u00e3o parar em fila dupla. &#8230;<\/li>\n<li>4) N\u00e3o usar o celular. &#8230;<\/li>\n<li>5) Cuidar de pedestres e ciclistas. &#8230;<\/li>\n<li>6) Manter a dist\u00e2ncia. &#8230;<\/li>\n<li>7) Diminuir a velocidade.<\/li>\n<\/ul>\n\n\n\n\n<h2 class=\"wp-block-heading\">Quais s\u00e3o as 4 infra\u00e7\u00f5es?<\/h2>\n\n\n<p><\/p>O C\u00f3digo de Tr\u00e2nsito Brasileiro (CTB) classifica as infra\u00e7\u00f5es em quatro categorias: leves, m\u00e9dias, graves e grav\u00edssimas, de acordo com o risco que representam para a seguran\u00e7a vi\u00e1ria. Compreender essa classifica\u00e7\u00e3o \u00e9 essencial para todos os condutores.<br \/>\n\n\n\n\n<h2 class=\"wp-block-heading\">O que mais cai nas provas do Detran?<\/h2>\n\n\n<p><\/p>\n\n<ul class=\"wp-block-list\">\n<li>Processo de Habilita\u00e7\u00e3o (Legisla\u00e7\u00e3o de Tr\u00e2nsito)<\/li>\n<li>Sinaliza\u00e7\u00e3o de Tr\u00e2nsito (Legisla\u00e7\u00e3o de Tr\u00e2nsito)<\/li>\n<li>Circula\u00e7\u00e3o e Conduta (Legisla\u00e7\u00e3o de Tr\u00e2nsito)<\/li>\n<li>Infra\u00e7\u00f5es e Penalidades (Legisla\u00e7\u00e3o de Tr\u00e2nsito)<\/li>\n<li>Dire\u00e7\u00e3o Defensiva.<\/li>\n<li>Primeiros Socorros.<\/li>\n<li>Cidadania e Meio Ambiente.<\/li>\n<\/ul>\n\n\n\n\n<h2 class=\"wp-block-heading\">Quais s\u00e3o os tr\u00eas principais elementos que comp\u00f5em o tr\u00e2nsito?<\/h2>\n\n\n<p><\/p>O tr\u00e2nsito pode ser considerado como um sistema constitu\u00eddo de tr\u00eas elementos, ser humano, ve\u00edculo e via\/meio ambiente, os quais, na maioria absoluta das vezes, interagem de maneira adequada entre si.<br \/>\n\n\n","protected":false},"excerpt":{"rendered":"<p>Qual o conjunto de leis que regulamenta o nosso tr\u00e2nsito? O tr\u00e2nsito brasileiro \u00e9 regulamentado pela Lei 9.503\/97 \u2013 C\u00f3digo de Tr\u00e2nsito Brasileiro \u2013 CTB, e pelas Resolu\u00e7\u00f5es complementares. Al\u00e9m do CTB e das Resolu\u00e7\u00f5es, os Estados complementam a legisla\u00e7\u00e3o por meio de Portarias e Decretos. Qual a Lei que regulamenta o tr\u00e2nsito? O que [&hellip;]<\/p>\n","protected":false},"author":2,"featured_media":0,"comment_status":"open","ping_status":"closed","sticky":false,"template":"","format":"standard","meta":{"footnotes":""},"categories":[1],"tags":[],"class_list":["post-3898","post","type-post","status-publish","format-standard","hentry","category-conteudo"],"_links":{"self":[{"href":"https:\/\/ammabarbacena.com.br\/perguntas-frequentes\/wp-json\/wp\/v2\/posts\/3898","targetHints":{"allow":["GET"]}}],"collection":[{"href":"https:\/\/ammabarbacena.com.br\/perguntas-frequentes\/wp-json\/wp\/v2\/posts"}],"about":[{"href":"https:\/\/ammabarbacena.com.br\/perguntas-frequentes\/wp-json\/wp\/v2\/types\/post"}],"author":[{"embeddable":true,"href":"https:\/\/ammabarbacena.com.br\/perguntas-frequentes\/wp-json\/wp\/v2\/users\/2"}],"replies":[{"embeddable":true,"href":"https:\/\/ammabarbacena.com.br\/perguntas-frequentes\/wp-json\/wp\/v2\/comments?post=3898"}],"version-history":[{"count":1,"href":"https:\/\/ammabarbacena.com.br\/perguntas-frequentes\/wp-json\/wp\/v2\/posts\/3898\/revisions"}],"predecessor-version":[{"id":3899,"href":"https:\/\/ammabarbacena.com.br\/perguntas-frequentes\/wp-json\/wp\/v2\/posts\/3898\/revisions\/3899"}],"wp:attachment":[{"href":"https:\/\/ammabarbacena.com.br\/perguntas-frequentes\/wp-json\/wp\/v2\/media?parent=3898"}],"wp:term":[{"taxonomy":"category","embeddable":true,"href":"https:\/\/ammabarbacena.com.br\/perguntas-frequentes\/wp-json\/wp\/v2\/categories?post=3898"},{"taxonomy":"post_tag","embeddable":true,"href":"https:\/\/ammabarbacena.com.br\/perguntas-frequentes\/wp-json\/wp\/v2\/tags?post=3898"}],"curies":[{"name":"wp","href":"https:\/\/api.w.org\/{rel}","templated":true}]}}