{"id":3750,"date":"2025-07-17T19:20:45","date_gmt":"2025-07-17T19:20:45","guid":{"rendered":"http:\/\/e3a47de7-bc6e-4280-8341-72bfe4c8ce4c"},"modified":"2025-07-17T19:20:45","modified_gmt":"2025-07-17T19:20:45","slug":"o-que-e-estesia-na-arte","status":"publish","type":"post","link":"https:\/\/ammabarbacena.com.br\/perguntas-frequentes\/o-que-e-estesia-na-arte\/","title":{"rendered":"O que \u00e9 estesia na arte"},"content":{"rendered":"\n\n<h2 class=\"wp-block-heading\">O que \u00e9 estesia e frui\u00e7\u00e3o?<\/h2>\n\nB A estesia est\u00e1 relacionada \u00e0 habilidade de entender sentimentos e sensa\u00e7\u00f5es e \u00e0 aptid\u00e3o para compreender as sensa\u00e7\u00f5es causadas pela percep\u00e7\u00e3o do belo. A frui\u00e7\u00e3o envolve a an\u00e1lise, a interpreta\u00e7\u00e3o e a avalia\u00e7\u00e3o de obras de arte, bem como o contexto em que essas obras foram criadas.<br \/>\n\n\n\n\n<h2 class=\"wp-block-heading\">O que \u00e9 frui\u00e7\u00e3o e estesia?<\/h2>\n\n\n<p><\/p>B A estesia est\u00e1 relacionada \u00e0 habilidade de entender sentimentos e sensa\u00e7\u00f5es e \u00e0 aptid\u00e3o para compreender as sensa\u00e7\u00f5es causadas pela percep\u00e7\u00e3o do belo. A frui\u00e7\u00e3o envolve a an\u00e1lise, a interpreta\u00e7\u00e3o e a avalia\u00e7\u00e3o de obras de arte, bem como o contexto em que essas obras foram criadas.<br \/>\n\n\n\n\n<h2 class=\"wp-block-heading\">O que \u00e9 frui\u00e7\u00e3o?<\/h2>\n\n\n<p><\/p>De acordo com o Dicion\u00e1rio Houaiss, \u201cfrui\u00e7\u00e3o\u201d nada mais \u00e9 do que o ato de fruir, ou seja, de aproveitar ou usufruir de alguma coisa. Portanto, temos aqui que o verbo fruir t\u00eam rela\u00e7\u00e3o com o ato de desfrutar ou ter prazer em aproveitar alguma coisa.<br \/>\n\n\n\n\n<h2 class=\"wp-block-heading\">O que \u00e9 uso e frui\u00e7\u00e3o?<\/h2>\n\n\n<p><\/p>Uso e frui\u00e7\u00e3o: o usufrutu\u00e1rio tem o direito de usar o bem e usufruir dos seus frutos, sejam eles naturais, civis ou industriais. Isso significa que ele pode, por exemplo, morar em um im\u00f3vel, alugar ou arrendar, recebendo a renda proveniente do contrato.<br \/>\n\n\n\n\n<h2 class=\"wp-block-heading\">O que \u00e9 estado de estesia?<\/h2>\n\nEstesia \u00e9 o estado de mobiliza\u00e7\u00e3o sensorial ao qual nosso organismo \u00e9 submetido para perceber as coisas que nos cercam. Anestesia \u00e9 o estado oposto, dessensibiliza\u00e7\u00e3o. Aisthesis tamb\u00e9m \u00e9 a raiz da palavra est\u00e9tica, tomada por Baumgarten como filosofia ou ci\u00eancia da Arte.<br \/>\n\n\n\n\n<h2 class=\"wp-block-heading\">O que significa estar em estado de estesia?<\/h2>\n\n\n<p><\/p>Considerando-a uma dimens\u00e3o inerente \u00e0 presen\u00e7a dos objetos, coisas, seres no mundo, a estesia \u00e9 a condi\u00e7\u00e3o de sentir as qualidades sens\u00edveis emanadas do que existe e que exala a sua configura\u00e7\u00e3o para essa ser capturada, sentida e processada fazendo sentido para o outro.<br \/>\n\n\n\n\n<h2 class=\"wp-block-heading\">Qual \u00e9 o significado de estesia na arte?<\/h2>\n\n\n<p><\/p>Estesia : Refere-se \u00e0 experi\u00eancia sens\u00edvel dos sujeitos em rela\u00e7\u00e3o ao espa\u00e7o, ao tempo, ao som, \u00e0 a\u00e7\u00e3o, \u00e0s imagens, ao pr\u00f3prio corpo e aos diferentes materiais. Essa dimens\u00e3o articula a sensibilidade e a percep\u00e7\u00e3o, tomadas como forma de conhecer a si mesmo, o outro e o mundo.<br \/>\n\n\n\n\n<h2 class=\"wp-block-heading\">Qual \u00e9 a import\u00e2ncia da experi\u00eancia de estesia na aprecia\u00e7\u00e3o de uma obra?<\/h2>\n\n\n<p><\/p>A experi\u00eancia de estesia \u00e9 essencial para a aprecia\u00e7\u00e3o da arte, pois permite uma conex\u00e3o mais \u00edntima e significativa entre a obra, o artista e o espectador, enriquecendo a experi\u00eancia est\u00e9tica e ampliando o conhecimento e a sensibilidade do p\u00fablico em rela\u00e7\u00e3o \u00e0 arte.<br \/>\n\n\n\n\n<h2 class=\"wp-block-heading\">Qual \u00e9 o sin\u00f4nimo de &#8220;esteia&#8221;?<\/h2>\n\n\n<p><\/p>24 sin\u00f4nimos de esteia para 2 sentidos da palavra esteia: Apresenta as raz\u00f5es de algo: 1 justifica, defende, funda, ampara, alega, explica, esclarece, apoia, fundamenta, baseia, respalda, embasa, estriba, sustenta, escora, firma, segura, suporta, aguenta, suste, equilibra, especa.<br \/>\n\n\n\n\n<h2 class=\"wp-block-heading\">O que significa est\u00e9sico?<\/h2>\n\n\n<p><\/p>\n\n<ul class=\"wp-block-list\">\n<li>Significado de Est\u00e9sico<\/li>\n<li> adjetivo Relativo \u00e0 estesia. Etimologia (origem da palavra est\u00e9sico). Estesia + ico.<\/li>\n<\/ul>\n\n\n\n\n<h2 class=\"wp-block-heading\">Quais s\u00e3o as 4 dimens\u00f5es da arte?<\/h2>\n\nDimens\u00f5es da arte: cria\u00e7\u00e3o, mem\u00f3ria, express\u00e3o e cura.<br \/>\n\n\n\n\n<h2 class=\"wp-block-heading\">Quais s\u00e3o as 4 dimens\u00f5es?<\/h2>\n\n\n<p><\/p>Altura, largura, profundidade, tempo. Essas s\u00e3o as quatro dimens\u00f5es que conhecemos.<br \/>\n\n\n\n\n<h2 class=\"wp-block-heading\">Quais s\u00e3o os 4 eixos da arte?<\/h2>\n\n\n<p><\/p>A proposta desenvolve de forma clara e organizada os 4 eixos da arte ( Artes visuais, a Dan\u00e7a, a M\u00fasica e o Teatro ), al\u00e9m das artes integradas, onde se inclui tamb\u00e9m o impacto das inova\u00e7\u00f5es tecnol\u00f3gicas sobre as sociedades.<br \/>\n\n\n\n\n<h2 class=\"wp-block-heading\">Quais s\u00e3o os 4 principais elementos da arte?<\/h2>\n\n\n<p><\/p>De acordo com v\u00e1rios autores, os principais elementos s\u00e3o: o ponto, a linha, a forma e a cor. Se prestarmos aten\u00e7\u00e3o em uma pintura cl\u00e1ssica, por exemplo, veremos nela pontos, linhas e cores.<br \/>\n\n\n\n\n<h2 class=\"wp-block-heading\">Quais s\u00e3o as 4 formas da arte?<\/h2>\n\n\n<p><\/p>\n\n<ul class=\"wp-block-list\">\n<li>Visuais: desenho, pintura, cinema, arquitetura, cer\u00e2mica, escultura e fotografia.<\/li>\n<li>Liter\u00e1rias: drama, poesia e prosa.<\/li>\n<li>Perform\u00e1ticas: dan\u00e7a, m\u00fasica e teatro.<\/li>\n<\/ul>\n\n\n\n\n<h2 class=\"wp-block-heading\">Como seriam 4 dimens\u00f5es?<\/h2>\n\n\n<p><\/p>A quarta dimens\u00e3o, ent\u00e3o, sendo assim, pode ser descrita como a jun\u00e7\u00e3o de v\u00e1rios espa\u00e7os tridimensionais numa linha. Para atingir um ponto determinado no espa\u00e7o quadridimensional, viaja-se ao longo de espa\u00e7os tridimensionais e tamb\u00e9m atrav\u00e9s da quarta dimens\u00e3o. A quantidade total de vetores envolvidos \u00e9 quatro.<br \/>\n\n\n\n\n<h2 class=\"wp-block-heading\">O que significa 4D?<\/h2>\n\n\n<p><\/p>4D (4 dimens\u00f5es), pode se referir a: Arrays multidimensionais (arrays que possuem chaves sobre chaves). Espa\u00e7o quadridimensional. Quarta dimens\u00e3o: nome popularmente dado \u00e0 quarta dimens\u00e3o espacial (na verdade, quinta dimens\u00e3o, visto que a &#8220;verdadeira&#8221; quarta dimens\u00e3o \u00e9 o tempo).<br \/>\n\n\n\n\n<h2 class=\"wp-block-heading\">O que \u00e9 est\u00e9tica na arte?<\/h2>\n\nA est\u00e9tica, tamb\u00e9m chamada de ci\u00eancia do belo ou filosofia da arte \u00e9 a \u00e1rea da filosofia que se dedica a estudar e compreender a partir da racionalidade aquilo que \u00e9 belo tanto nas manifesta\u00e7\u00f5es da natureza quanto nas manifesta\u00e7\u00f5es art\u00edsticas produzidas pelos seres sociais.<br \/>\n\n\n\n\n<h2 class=\"wp-block-heading\">O que \u00e9 est\u00e9tica e exemplos?<\/h2>\n\n\n<p><\/p>Est\u00e9tica \u00e9 um adjetivo que significa \u201cart\u00edstico\u201d, \u201cagrad\u00e1vel aos olhos\u201d ou \u201crelacionado \u00e0 aprecia\u00e7\u00e3o da beleza\u201d (por exemplo, \u201cEstou procurando uma cadeira de mesa que n\u00e3o seja apenas funcional, mas tamb\u00e9m est\u00e9tica \u201d).<br \/>\n\n\n\n\n<h2 class=\"wp-block-heading\">Qual a import\u00e2ncia da est\u00e9tica na arte?<\/h2>\n\n\n<p><\/p>Na contemporaneidade, a Est\u00e9tica nos conduz para al\u00e9m do imp\u00e9rio da t\u00e9cnica, das m\u00e1quinas e da arte como produto comercial, ou do belo como conceito acess\u00edvel para poucos, na busca de espa\u00e7o de reflex\u00e3o, pensamento, representa\u00e7\u00e3o e contempla\u00e7\u00e3o do mundo.<br \/>\n\n\n\n\n<h2 class=\"wp-block-heading\">Qual \u00e9 a rela\u00e7\u00e3o entre est\u00e9tica e arte?<\/h2>\n\n\n<p><\/p>Neste sentido, a est\u00e9tica \u00e9 definida como uma \u00e1rea da filosofia, especializada no estudo das formas de arte e em como ocorrem os processos de cria\u00e7\u00e3o de obras art\u00edsticas. Al\u00e9m disso, \u00e9 uma \u00e1rea que compreende as rela\u00e7\u00f5es sociais envolvidas no meio da arte, al\u00e9m da \u00e9tica e da pol\u00edtica.<br \/>\n\n\n\n\n<h2 class=\"wp-block-heading\">Como definir uma est\u00e9tica?<\/h2>\n\n\n<p><\/p>A Est\u00e9tica, tamb\u00e9m chamada de Filosofia da Arte, \u00e9 uma das \u00e1reas de conhecimento da filosofia. Tem sua origem na palavra grega aisthesis, que significa &#8220;apreens\u00e3o pelos sentidos&#8221;, &#8220;percep\u00e7\u00e3o&#8221;. \u00c9 uma forma de conhecer (apreender) o mundo atrav\u00e9s dos cinco sentidos (vis\u00e3o, audi\u00e7\u00e3o, paladar, olfato e tato).<br \/>\n\n\n\n\n<h2 class=\"wp-block-heading\">Como explicar a est\u00e9tica?<\/h2>\n\n\n<p><\/p>A est\u00e9tica, tamb\u00e9m chamada de ci\u00eancia do belo ou filosofia da arte \u00e9 a \u00e1rea da filosofia que se dedica a estudar e compreender a partir da racionalidade aquilo que \u00e9 belo tanto nas manifesta\u00e7\u00f5es da natureza quanto nas manifesta\u00e7\u00f5es art\u00edsticas produzidas pelos seres sociais.<br \/>\n\n\n\n\n<h2 class=\"wp-block-heading\">Qual \u00e9 a fun\u00e7\u00e3o est\u00e9tica da arte?<\/h2>\n\n\n<p><\/p>Fun\u00e7\u00e3o Est\u00e9tica: A arte tem o potencial de criar beleza e estimular a aprecia\u00e7\u00e3o est\u00e9tica. Isso pode envolver a cria\u00e7\u00e3o de obras de arte que s\u00e3o agrad\u00e1veis aos olhos, que provocam sentimentos de admira\u00e7\u00e3o ou prazer, ou que desafiam nossa percep\u00e7\u00e3o do que \u00e9 belo.<br \/>\n\n\n\n\n<h2 class=\"wp-block-heading\">O que quer dizer estesia na arte?<\/h2>\n\nDefinida como a condi\u00e7\u00e3o de processamento do est\u00e9tico, um componente constituinte de todo e qualquer arranjo de linguagem, a estesia \u00e9 um processamento do corpo que sente as qualidades que sobre ele operam impressivamente.<br \/>\n\n\n\n\n<h2 class=\"wp-block-heading\">O que significa est\u00e9tica na arte?<\/h2>\n\n\n<p><\/p>A est\u00e9tica, tamb\u00e9m chamada de ci\u00eancia do belo ou filosofia da arte \u00e9 a \u00e1rea da filosofia que se dedica a estudar e compreender a partir da racionalidade aquilo que \u00e9 belo tanto nas manifesta\u00e7\u00f5es da natureza quanto nas manifesta\u00e7\u00f5es art\u00edsticas produzidas pelos seres sociais.<br \/>\n\n\n\n\n<h2 class=\"wp-block-heading\">O que \u00e9 campo expandido na arte?<\/h2>\n\n\n<p><\/p>O \u201c campo expandido \u201d \u00e9 gerado pela problematiza\u00e7\u00e3o de conjuntos de pares de opostos, dos quais a escultura \u00e9 apenas uma das defini\u00e7\u00f5es que formam o campo : escultura, n\u00e3o-paisagem, \u201cmarked-sites\u201d, paisagem, \u201csite-construction\u201d, arquitectura, estruturas axiom\u00e1ticas, n\u00e3o-arquitectura.<br \/>\n\n\n\n\n<h2 class=\"wp-block-heading\">Qual \u00e9 o conceito de estesia?<\/h2>\n\n\n<p><\/p>Definida como a condi\u00e7\u00e3o de processamento do est\u00e9tico, um componente constituinte de todo e qualquer arranjo de linguagem, a estesia \u00e9 um processamento do corpo que sente as qualidades que sobre ele operam impressivamente.<br \/>\n\n\n\n\n<h2 class=\"wp-block-heading\">O que \u00e9 frui\u00e7\u00e3o na arte?<\/h2>\n\n\n\n<h2 class=\"wp-block-heading\">O que \u00e9 frui\u00e7\u00e3o em artes?<\/h2>\n\n\n<p><\/p>Em Arte, frui\u00e7\u00e3o corresponde \u00e0s rela\u00e7\u00f5es que o espectador estabelece com a produ\u00e7\u00e3o art\u00edstica. Refere-se ao contato que se estabelece com o objeto de aprecia\u00e7\u00e3o (um quadro, uma escultura, um espet\u00e1culo de dan\u00e7a ou teatro, uma m\u00fasica, uma performance, um filme\u2026).<br \/>\n\n\n\n\n<h2 class=\"wp-block-heading\">Qual \u00e9 o conceito de frui\u00e7\u00e3o?<\/h2>\n\n\n<p><\/p>De acordo com o Dicion\u00e1rio Houaiss, \u201cfrui\u00e7\u00e3o\u201d nada mais \u00e9 do que o ato de fruir, ou seja, de aproveitar ou usufruir de alguma coisa. Portanto, temos aqui que o verbo fruir t\u00eam rela\u00e7\u00e3o com o ato de desfrutar ou ter prazer em aproveitar alguma coisa.<br \/>\n\n\n\n\n<h2 class=\"wp-block-heading\">O que \u00e9 fruir arte?<\/h2>\n\n\n<p><\/p>Voc\u00ea j\u00e1 est\u00e1 familiarizado com esse termo? Pois ent\u00e3o, frui\u00e7\u00e3o est\u00e9tica est\u00e1 ligada a maneira como nos relacionamos com as obras de arte, at\u00e9 mesmo como consumimos sua presen\u00e7a nas exposi\u00e7\u00f5es ou em imagens. Quando voc\u00ea vai em um museu, quanto tempo voc\u00ea se oferece para contemplar ou mesmo participar de uma obra?<br \/>\n\n\n\n\n<h2 class=\"wp-block-heading\">O que significa frui\u00e7\u00e3o no contexto art\u00edstico?<\/h2>\n\n\n<p><\/p>Frui\u00e7\u00e3o cultural \u00e9 o ato de experimentar, apreciar e desfrutar manifesta\u00e7\u00f5es culturais \u2014 como m\u00fasica, teatro, cinema, literatura, dan\u00e7a, artes visuais, entre outras \u2014 de forma ativa e significativa.<br \/>\n\n\n\n\n<h2 class=\"wp-block-heading\">O que \u00e9 frui\u00e7\u00e3o de imagem?<\/h2>\n\n\n<p><\/p>A frui\u00e7\u00e3o da obra realiza-se num espa\u00e7o n\u00e3o imersivo, uma vez que o espectador define o tempo dedicado \u00e0 obra ; principia essa experi\u00eancia, por\u00e9m, no assentimento sobre o valor das obras que ali est\u00e3o e a forma\u00e7\u00e3o de territ\u00f3rio que esse espa\u00e7o materializa.<br \/>\n\n\n\n\n<h2 class=\"wp-block-heading\">O que significa dizer que a frui\u00e7\u00e3o da arte \u00e9 um bem incompress\u00edvel?<\/h2>\n\n\n<p><\/p>Segundo o padre dominicano, o conceito de \u201cbem incompress\u00edvel\u201d aplica-se a tudo aquilo que n\u00e3o pode ser negado a ningu\u00e9m. Para Antonio Candido, esse conceito refere-se diretamente ao problema dos direitos humanos na medida em que diz respeito \u00e0quilo que n\u00f3s consideramos como necess\u00e1rios \u00e0 subsist\u00eancia de uma pessoa.<br \/>\n\n\n","protected":false},"excerpt":{"rendered":"<p>O que \u00e9 estesia e frui\u00e7\u00e3o? B A estesia est\u00e1 relacionada \u00e0 habilidade de entender sentimentos e sensa\u00e7\u00f5es e \u00e0 aptid\u00e3o para compreender as sensa\u00e7\u00f5es causadas pela percep\u00e7\u00e3o do belo. A frui\u00e7\u00e3o envolve a an\u00e1lise, a interpreta\u00e7\u00e3o e a avalia\u00e7\u00e3o de obras de arte, bem como o contexto em que essas obras foram criadas. O [&hellip;]<\/p>\n","protected":false},"author":2,"featured_media":0,"comment_status":"open","ping_status":"closed","sticky":false,"template":"","format":"standard","meta":{"footnotes":""},"categories":[1],"tags":[],"class_list":["post-3750","post","type-post","status-publish","format-standard","hentry","category-conteudo"],"_links":{"self":[{"href":"https:\/\/ammabarbacena.com.br\/perguntas-frequentes\/wp-json\/wp\/v2\/posts\/3750","targetHints":{"allow":["GET"]}}],"collection":[{"href":"https:\/\/ammabarbacena.com.br\/perguntas-frequentes\/wp-json\/wp\/v2\/posts"}],"about":[{"href":"https:\/\/ammabarbacena.com.br\/perguntas-frequentes\/wp-json\/wp\/v2\/types\/post"}],"author":[{"embeddable":true,"href":"https:\/\/ammabarbacena.com.br\/perguntas-frequentes\/wp-json\/wp\/v2\/users\/2"}],"replies":[{"embeddable":true,"href":"https:\/\/ammabarbacena.com.br\/perguntas-frequentes\/wp-json\/wp\/v2\/comments?post=3750"}],"version-history":[{"count":1,"href":"https:\/\/ammabarbacena.com.br\/perguntas-frequentes\/wp-json\/wp\/v2\/posts\/3750\/revisions"}],"predecessor-version":[{"id":3751,"href":"https:\/\/ammabarbacena.com.br\/perguntas-frequentes\/wp-json\/wp\/v2\/posts\/3750\/revisions\/3751"}],"wp:attachment":[{"href":"https:\/\/ammabarbacena.com.br\/perguntas-frequentes\/wp-json\/wp\/v2\/media?parent=3750"}],"wp:term":[{"taxonomy":"category","embeddable":true,"href":"https:\/\/ammabarbacena.com.br\/perguntas-frequentes\/wp-json\/wp\/v2\/categories?post=3750"},{"taxonomy":"post_tag","embeddable":true,"href":"https:\/\/ammabarbacena.com.br\/perguntas-frequentes\/wp-json\/wp\/v2\/tags?post=3750"}],"curies":[{"name":"wp","href":"https:\/\/api.w.org\/{rel}","templated":true}]}}