{"id":3296,"date":"2025-07-17T14:59:58","date_gmt":"2025-07-17T14:59:58","guid":{"rendered":"http:\/\/d0d0ff6d-9e78-449b-8d51-b49565b59f87"},"modified":"2025-07-17T14:59:58","modified_gmt":"2025-07-17T14:59:58","slug":"o-que-e-alteracao-da-repolarizacao-ventricular-em-parede-inferior","status":"publish","type":"post","link":"https:\/\/ammabarbacena.com.br\/perguntas-frequentes\/o-que-e-alteracao-da-repolarizacao-ventricular-em-parede-inferior\/","title":{"rendered":"O que \u00e9 altera\u00e7\u00e3o da repolariza\u00e7\u00e3o ventricular em parede inferior"},"content":{"rendered":"\n\n<h2 class=\"wp-block-heading\">Quais os riscos da repolariza\u00e7\u00e3o ventricular?<\/h2>\n\n\n\n<h2 class=\"wp-block-heading\">O que acontece na repolariza\u00e7\u00e3o ventricular?<\/h2>\n\n\n<p><\/p>A altera\u00e7\u00e3o na repolariza\u00e7\u00e3o ventricular \u00e9 consideravelmente comum e consiste em algum problema no processo de prepara\u00e7\u00e3o do cora\u00e7\u00e3o para uma nova contra\u00e7\u00e3o. Apesar de parecer preocupante, h\u00e1 muitos quadros que n\u00e3o tem, realmente, um significado cl\u00ednico, ou seja, n\u00e3o apontam nenhuma doen\u00e7a ou problema no cora\u00e7\u00e3o.<br \/>\n\n\n\n\n<h2 class=\"wp-block-heading\">O que significa altera\u00e7\u00f5es de repolariza\u00e7\u00e3o?<\/h2>\n\n\n<p><\/p>As altera\u00e7\u00f5es da repolariza\u00e7\u00e3o (prim\u00e1rias ou secund\u00e1rias) s\u00e3o anormalidades do segmento ST e da onda T que acontecem por dist\u00farbios na forma e\/ou dura\u00e7\u00e3o dos potenciais de a\u00e7\u00e3o na fase de repolariza\u00e7\u00e3o.<br \/>\n\n\n\n\n<h2 class=\"wp-block-heading\">Tem tratamento para repolariza\u00e7\u00e3o ventricular?<\/h2>\n\n\n<h3>Repolariza\u00e7\u00e3o ventricular<\/h3><iframe src=\"https:\/\/www.youtube.com\/embed\/5JsnARW9z0Q\" width=\"560\" height=\"315\" frameborder=\"0\" allowfullscreen><\/iframe>\n\n\n\n<h2 class=\"wp-block-heading\">O que causa repolariza\u00e7\u00e3o ventricular precoce?<\/h2>\n\n\n<p><\/p>Quais as causas da repolariza\u00e7\u00e3o precoce? O aumento do t\u00f4nus vagal pode levar ao padr\u00e3o de repolariza\u00e7\u00e3o precoce em atletas, que n\u00e3o tem qualquer significado cl\u00ednico. J\u00e1 em alguns casos, a RP sinaliza arritmias ventriculares, les\u00f5es cerebrais ou medulares, hipotermia e hipercalcemia.<br \/>\n\n\n\n\n<h2 class=\"wp-block-heading\">Quem tem altera\u00e7\u00e3o da repolariza\u00e7\u00e3o ventricular pode fazer academia?<\/h2>\n\n\n<p><\/p>Os exerc\u00edcios f\u00edsicos competitivos est\u00e3o contraindicados na CMH devido ao risco de morte s\u00fabita. Se o ECG mostrar extrassistolia atrial ou altera\u00e7\u00f5es inespec\u00edficas da repolariza\u00e7\u00e3o n\u00e3o h\u00e1 contraindica\u00e7\u00e3o \u00e0 pr\u00e1tica de exerc\u00edcios f\u00edsicos, pois tais achados n\u00e3o s\u00e3o bons indicativos de cardiopatia estrutural.<br \/>\n\n\n\n\n<h2 class=\"wp-block-heading\">Quando a repolariza\u00e7\u00e3o ventricular se inicia?<\/h2>\n\n\n<p><\/p>Repolariza\u00e7\u00e3o ventricular \u00e9 um movimento que faz parte do batimento card\u00edaco normal. Mais especificamente, corresponde ao momento em que s\u00e3o liberados \u00edons de pot\u00e1ssio e o m\u00fasculo card\u00edaco relaxa. Esse fen\u00f4meno aparece no tra\u00e7ado do eletrocardiograma como o trecho entre o complexo QRS e o fim da onda T.<br \/>\n\n\n\n\n<h2 class=\"wp-block-heading\">Como tratar a repolariza\u00e7\u00e3o ventricular?<\/h2>\n\n\n<p><\/p>O tratamento das altera\u00e7\u00f5es na repolariza\u00e7\u00e3o ventricular depende da causa identificada. Algumas abordagens incluem: Reposi\u00e7\u00e3o Eletrol\u00edtica: Em casos de desequil\u00edbrios minerais. Ajuste medicamentoso: Modificar ou substituir medicamentos que possam estar causando as altera\u00e7\u00f5es.<br \/>\n\n\n\n\n<h2 class=\"wp-block-heading\">O que significa a palavra repolariza\u00e7\u00e3o?<\/h2>\n\n\n<p><\/p>A repolariza\u00e7\u00e3o \u00e9 a recupera\u00e7\u00e3o do potencial de membrana de um estado mais positivo que o potencial de repouso de volta ao potencial de repouso original.<br \/>\n\n\n\n\n<h2 class=\"wp-block-heading\">Quando o eletrocardiograma \u00e9 preocupante?<\/h2>\n\n\n\n<h2 class=\"wp-block-heading\">Quando se preocupar com o resultado do eletrocardiograma?<\/h2>\n\n\n<p><\/p>Ritmo card\u00edaco irregular no exame cl\u00ednico; Sensa\u00e7\u00e3o de falta de ar constante; Tontura e\/ou desmaio; Dor no peito.<br \/>\n\n\n\n\n<h2 class=\"wp-block-heading\">Quando o eletrocardiograma n\u00e3o est\u00e1 bom?<\/h2>\n\n\n<p><\/p>Ao receber o resultado do exame com altera\u00e7\u00e3o no eletrocardiograma, n\u00e3o deixe de fazer o retorno m\u00e9dico. Apenas um cardiologista poder\u00e1 fazer uma an\u00e1lise especializada e explicar, detalhadamente, o que foi ou n\u00e3o detectado. Caso seja necess\u00e1rio, o m\u00e9dico j\u00e1 tra\u00e7ar\u00e1 um plano de tratamento.<br \/>\n\n\n\n\n<h2 class=\"wp-block-heading\">O que \u00e9 repolariza\u00e7\u00e3o precoce em parede inferior?<\/h2>\n\n\n\n<h2 class=\"wp-block-heading\">O que significa repolariza\u00e7\u00e3o precoce em parede inferior?<\/h2>\n\n\n<p><\/p>O conceito de repolariza\u00e7\u00e3o precoce (ER) refere-se \u00e0 observa\u00e7\u00e3o de altera\u00e7\u00f5es no ECG de superf\u00edcie compostas de eleva\u00e7\u00e3o do ponto J e anomalias nas por\u00e7\u00f5es terminais dos QRS (entalhes ou empastamentos) que pode ter uma preval\u00eancia relativamente elevada na popula\u00e7\u00e3o em geral.<br \/>\n\n\n\n\n<h2 class=\"wp-block-heading\">O que causa a repolariza\u00e7\u00e3o precoce?<\/h2>\n\n\n<p><\/p>A s\u00edndrome de repolariza\u00e7\u00e3o precoce parece ser heredit\u00e1ria, mas muta\u00e7\u00f5es gen\u00e9ticas espec\u00edficas da doen\u00e7a s\u00e3o raramente identificadas, sugerindo que ela frequentemente \u00e9 polig\u00eanica. As arritmias ventriculares podem provocar palpita\u00e7\u00f5es e\/ou parada card\u00edaca.<br \/>\n\n\n\n\n<h2 class=\"wp-block-heading\">Como tratar repolariza\u00e7\u00e3o precoce?<\/h2>\n\n\n<p><\/p>Como tratar a repolariza\u00e7\u00e3o precoce? Caso o paciente seja assintom\u00e1tico e sem hist\u00f3ria familiar de morte s\u00fabita, n\u00e3o \u00e9 prescrito tratamento. Afinal, o risco de complica\u00e7\u00f5es \u00e9 baixo, sendo feito apenas o monitoramento pelo cardiologista para prevenir agravos.<br \/>\n\n\n\n\n<h2 class=\"wp-block-heading\">O que quer dizer repolariza\u00e7\u00e3o precoce no eletrocardiograma?<\/h2>\n\n\n<p><\/p>A repolariza\u00e7\u00e3o precoce \u00e9 um achado eletrocardiogr\u00e1fico benigno caracterizado por uma onda J e um segmento ST distintos nas deriva\u00e7\u00f5es precordiais esquerdas ( V4 \u2013 V6 ).<br \/>\n\n\n\n\n<h2 class=\"wp-block-heading\">Quando ocorre a repolariza\u00e7\u00e3o ventricular?<\/h2>\n\nRepolariza\u00e7\u00e3o ventricular \u00e9 um movimento que faz parte do batimento card\u00edaco normal. Mais especificamente, corresponde ao momento em que s\u00e3o liberados \u00edons de pot\u00e1ssio e o m\u00fasculo card\u00edaco relaxa. Esse fen\u00f4meno aparece no tra\u00e7ado do eletrocardiograma como o trecho entre o complexo QRS e o fim da onda T.<br \/>\n\n\n\n\n<h2 class=\"wp-block-heading\">O que causa a repolariza\u00e7\u00e3o ventricular?<\/h2>\n\n\n<p><\/p>A altera\u00e7\u00e3o na repolariza\u00e7\u00e3o ventricular \u00e9 consideravelmente comum e consiste em algum problema no processo de prepara\u00e7\u00e3o do cora\u00e7\u00e3o para uma nova contra\u00e7\u00e3o. Apesar de parecer preocupante, h\u00e1 muitos quadros que n\u00e3o tem, realmente, um significado cl\u00ednico, ou seja, n\u00e3o apontam nenhuma doen\u00e7a ou problema no cora\u00e7\u00e3o.<br \/>\n\n\n\n\n<h2 class=\"wp-block-heading\">O que acontece na fase de repolariza\u00e7\u00e3o?<\/h2>\n\n\n<p><\/p>A repolariza\u00e7\u00e3o ocorre porque os canais i\u00f4nicos que permitem o fluxo de entrada de c\u00e1tions ( correntes I Na e I Ca ) se fecham e outros canais i\u00f4nicos que permitem o fluxo de sa\u00edda de \u00edons pot\u00e1ssio carregados positivamente se abrem.<br \/>\n\n\n\n\n<h2 class=\"wp-block-heading\">Quais s\u00e3o os sintomas da repolariza\u00e7\u00e3o precoce?<\/h2>\n\n\n<p><\/p>As caracter\u00edsticas de repolariza\u00e7\u00e3o precoce associadas \u00e0 MSC incluem eleva\u00e7\u00e3o do ponto J de alta amplitude, segmentos ST horizontais e\/ou descendentes e localiza\u00e7\u00e3o das deriva\u00e7\u00f5es inferior e\/ou lateral.<br \/>\n\n\n\n\n<h2 class=\"wp-block-heading\">Qual a onda que representa a repolariza\u00e7\u00e3o ventricular?<\/h2>\n\n\n<p><\/p>A onda T em um eletrocardiograma (ECG) tipicamente representa a repolariza\u00e7\u00e3o ventricular. [1] [2] No entanto, diversas morfologias de forma de onda podem indicar les\u00e3o benigna ou clinicamente significativa ou les\u00e3o ao mioc\u00e1rdio (ver Imagem .<br \/>\n\n\n\n\n<h2 class=\"wp-block-heading\">Qual altera\u00e7\u00e3o no ECG indica um infarto?<\/h2>\n\n\n\n<h2 class=\"wp-block-heading\">Qual altera\u00e7\u00e3o no eletrocardiograma indica infarto?<\/h2>\n\n\n<p><\/p>Para saber qual altera\u00e7\u00e3o no ECG indica infarto, \u00e9 importante reconhecer a eleva\u00e7\u00e3o do segmento ST como um sinal cl\u00e1ssico de infarto agudo do mioc\u00e1rdio.<br \/>\n\n\n\n\n<h2 class=\"wp-block-heading\">Quais s\u00e3o as principais altera\u00e7\u00f5es no ECG que indicam isquemia ou infarto do mioc\u00e1rdio?<\/h2>\n\n\n<p><\/p>Constituem altera\u00e7\u00f5es sugestivas de isquemia mioc\u00e1rdica aguda: Infradesnivelamento do segmento ST \u2265 0,5 mm (0,05 mV) em duas ou mais deriva\u00e7\u00f5es cont\u00edguas. Invers\u00e3o de onda T &gt; 1 mm em duas deriva\u00e7\u00f5es cont\u00edguas com R proeminente ou R\/S &gt; 1. Supradesnivelamento do segmento ST transit\u00f3rio.<br \/>\n\n\n","protected":false},"excerpt":{"rendered":"<p>Quais os riscos da repolariza\u00e7\u00e3o ventricular? O que acontece na repolariza\u00e7\u00e3o ventricular? A altera\u00e7\u00e3o na repolariza\u00e7\u00e3o ventricular \u00e9 consideravelmente comum e consiste em algum problema no processo de prepara\u00e7\u00e3o do cora\u00e7\u00e3o para uma nova contra\u00e7\u00e3o. Apesar de parecer preocupante, h\u00e1 muitos quadros que n\u00e3o tem, realmente, um significado cl\u00ednico, ou seja, n\u00e3o apontam nenhuma doen\u00e7a [&hellip;]<\/p>\n","protected":false},"author":2,"featured_media":0,"comment_status":"open","ping_status":"closed","sticky":false,"template":"","format":"standard","meta":{"footnotes":""},"categories":[1],"tags":[],"class_list":["post-3296","post","type-post","status-publish","format-standard","hentry","category-conteudo"],"_links":{"self":[{"href":"https:\/\/ammabarbacena.com.br\/perguntas-frequentes\/wp-json\/wp\/v2\/posts\/3296","targetHints":{"allow":["GET"]}}],"collection":[{"href":"https:\/\/ammabarbacena.com.br\/perguntas-frequentes\/wp-json\/wp\/v2\/posts"}],"about":[{"href":"https:\/\/ammabarbacena.com.br\/perguntas-frequentes\/wp-json\/wp\/v2\/types\/post"}],"author":[{"embeddable":true,"href":"https:\/\/ammabarbacena.com.br\/perguntas-frequentes\/wp-json\/wp\/v2\/users\/2"}],"replies":[{"embeddable":true,"href":"https:\/\/ammabarbacena.com.br\/perguntas-frequentes\/wp-json\/wp\/v2\/comments?post=3296"}],"version-history":[{"count":1,"href":"https:\/\/ammabarbacena.com.br\/perguntas-frequentes\/wp-json\/wp\/v2\/posts\/3296\/revisions"}],"predecessor-version":[{"id":3297,"href":"https:\/\/ammabarbacena.com.br\/perguntas-frequentes\/wp-json\/wp\/v2\/posts\/3296\/revisions\/3297"}],"wp:attachment":[{"href":"https:\/\/ammabarbacena.com.br\/perguntas-frequentes\/wp-json\/wp\/v2\/media?parent=3296"}],"wp:term":[{"taxonomy":"category","embeddable":true,"href":"https:\/\/ammabarbacena.com.br\/perguntas-frequentes\/wp-json\/wp\/v2\/categories?post=3296"},{"taxonomy":"post_tag","embeddable":true,"href":"https:\/\/ammabarbacena.com.br\/perguntas-frequentes\/wp-json\/wp\/v2\/tags?post=3296"}],"curies":[{"name":"wp","href":"https:\/\/api.w.org\/{rel}","templated":true}]}}