{"id":3294,"date":"2025-07-17T14:59:06","date_gmt":"2025-07-17T14:59:06","guid":{"rendered":"http:\/\/bfec91b4-5cf3-4868-aec0-36aa2b61b916"},"modified":"2025-07-17T14:59:06","modified_gmt":"2025-07-17T14:59:06","slug":"o-comunicador-passivo-e-aquele-que","status":"publish","type":"post","link":"https:\/\/ammabarbacena.com.br\/perguntas-frequentes\/o-comunicador-passivo-e-aquele-que\/","title":{"rendered":"O comunicador passivo \u00e9 aquele que"},"content":{"rendered":"\n\n<h2 class=\"wp-block-heading\">O que \u00e9 o comunicador passivo?<\/h2>\n\n\n\n<ul class=\"wp-block-list\">\n<li>Estilo de comunica\u00e7\u00e3o passivo<\/li>\n<li> Pessoas com esse estilo costumam ter dificuldade para expressar suas necessidades e lutar por aquilo que acreditam. Ainda, exitam em ser protagonistas em uma empreitada, justamente porque querem evitar conflitos e qualquer indisposi\u00e7\u00e3o.<\/li>\n<\/ul>\n\n\n\n\n<h2 class=\"wp-block-heading\">O que \u00e9 um comunicador passivo?<\/h2>\n\n\n<p><\/p>O comunicador Passivo \u00e9 aquele que: Tamb\u00e9m \u00e9 conhecido como \u201cdo contra\u201d tem como caracter\u00edstica proteger e defender o seu ponto de vista a qualquer custo. Tende a se sentir bloqueado ou paralisado diante de um desafio, pois sente receio de importunar os outros e acaba deixando de fazer considera\u00e7\u00f5es significativas.<br \/>\n\n\n\n\n<h2 class=\"wp-block-heading\">O que \u00e9 comunica\u00e7\u00e3o passiva?<\/h2>\n\n\n<p><\/p>A comunica\u00e7\u00e3o passiva \u00e9 frequente- mente influenciada por inseguran\u00e7a, falta de habilidades sociais ou medo de conflitos, caracter\u00edsticas provenientes da pessoa que emite a mensagem.<br \/>\n\n\n\n\n<h2 class=\"wp-block-heading\">O que \u00e9 abordagem passiva na comunica\u00e7\u00e3o?<\/h2>\n\nA comunica\u00e7\u00e3o passiva \u00e9 um estilo de interlocu\u00e7\u00e3o no qual as pessoas n\u00e3o compartilham suas opini\u00f5es e acreditam que o que elas t\u00eam a dizer n\u00e3o tem valor. Em geral, s\u00e3o pessoas que n\u00e3o demonstram confian\u00e7a e tem uma linguagem corporal que demonstra isso, como uma postura ca\u00edda e semblante ap\u00e1tico.<br \/>\n\n\n\n\n<h2 class=\"wp-block-heading\">O que \u00e9 abordagem passiva?<\/h2>\n\n\n<p><\/p>Em oposi\u00e7\u00e3o \u00e0 prospec\u00e7\u00e3o ativa, a prospec\u00e7\u00e3o passiva \u00e9 a forma de atra\u00e7\u00e3o indireta de leads. Ou seja, o poss\u00edvel cliente toma conhecimento da sua empresa ou produto de forma espont\u00e2nea, ao procurar pela solu\u00e7\u00e3o de alguma dor espec\u00edfica. \u00c9 o prospect que toma a iniciativa do contato, e n\u00e3o a empresa.<br \/>\n\n\n\n\n<h2 class=\"wp-block-heading\">O que \u00e9 passividade na comunica\u00e7\u00e3o?<\/h2>\n\n\n<p><\/p>A comunica\u00e7\u00e3o passiva \u00e9 um estilo de comunica\u00e7\u00e3o em que uma pessoa evita expressar seus pensamentos, sentimentos ou necessidades, frequentemente para evitar conflitos ou desentendimentos.<br \/>\n\n\n\n\n<h2 class=\"wp-block-heading\">O que \u00e9 a abordagem passiva na comunica\u00e7\u00e3o?<\/h2>\n\n\n<p><\/p>A comunica\u00e7\u00e3o passiva \u00e9 um estilo de interlocu\u00e7\u00e3o no qual as pessoas n\u00e3o compartilham suas opini\u00f5es e acreditam que o que elas t\u00eam a dizer n\u00e3o tem valor. Em geral, s\u00e3o pessoas que n\u00e3o demonstram confian\u00e7a e tem uma linguagem corporal que demonstra isso, como uma postura ca\u00edda e semblante ap\u00e1tico.<br \/>\n\n\n\n\n<h2 class=\"wp-block-heading\">O que significa linguagem passiva?<\/h2>\n\n\n<p><\/p>A comunica\u00e7\u00e3o passiva \u00e9 um estilo de comunica\u00e7\u00e3o no qual voc\u00ea evita dizer diretamente o que pensa ou quer e que muitas vezes envolve uma linguagem corporal desconfort\u00e1vel. Muitas pessoas com ansiedade social acabam usando a comunica\u00e7\u00e3o passiva.<br \/>\n\n\n\n\n<h2 class=\"wp-block-heading\">Como \u00e9 a comunica\u00e7\u00e3o passiva?<\/h2>\n\nA comunica\u00e7\u00e3o passiva \u00e9 frequente- mente influenciada por inseguran\u00e7a, falta de habilidades sociais ou medo de conflitos, caracter\u00edsticas provenientes da pessoa que emite a mensagem.<br \/>\n\n\n\n\n<h2 class=\"wp-block-heading\">O que \u00e9 uma conversa passiva?<\/h2>\n\n\n<p><\/p>\n\n<ul class=\"wp-block-list\">\n<li>Comunica\u00e7\u00e3o passiva<\/li>\n<li> A passividade \u00e9 caracterizada pelo baixo n\u00edvel de atitudes para colocar as pr\u00f3prias opini\u00f5es, valores, desejos e necessidades na maneira de se comunicar.<\/li>\n<\/ul>\n\n\n\n\n<h2 class=\"wp-block-heading\">O que \u00e9 falar de forma passiva?<\/h2>\n\n\n<p><\/p>A comunica\u00e7\u00e3o passiva \u00e9 um estilo de comunica\u00e7\u00e3o no qual voc\u00ea evita dizer diretamente o que pensa ou quer e que muitas vezes envolve uma linguagem corporal desconfort\u00e1vel. Muitas pessoas com ansiedade social acabam usando a comunica\u00e7\u00e3o passiva.<br \/>\n\n\n\n\n<h2 class=\"wp-block-heading\">Como \u00e9 o comportamento de uma pessoa passiva?<\/h2>\n\n\n<p><\/p>N\u00e3o fazem planos e projetos de vida; Falam mais do que executam; Respondem mal \u00e0s cr\u00edticas e erros; N\u00e3o sabem lidar com desafios, press\u00f5es e novas situa\u00e7\u00f5es.<br \/>\n\n\n\n\n<h2 class=\"wp-block-heading\">O que \u00e9 estilo de comunica\u00e7\u00e3o passivo?<\/h2>\n\n\n\n<ul class=\"wp-block-list\">\n<li>Estilo de comunica\u00e7\u00e3o passivo<\/li>\n<li> O estilo de comunica\u00e7\u00e3o passivo abrange o perfil de profissionais que evitam conflitos na empresa. Aqui, h\u00e1 um certo medo em causar disc\u00f3rdia, ainda que eles tenham raz\u00e3o sobre determinado assunto. Inclusive, \u00e9 bem comum que pe\u00e7am desculpas mesmo quando n\u00e3o s\u00e3o culpados por algo.<\/li>\n<\/ul>\n\n\n\n\n<h2 class=\"wp-block-heading\">O que define o estilo de comunica\u00e7\u00e3o passivo?<\/h2>\n\n\n<p><\/p>\n\n<ul class=\"wp-block-list\">\n<li>Estilo passivo<\/li>\n<li> A comunica\u00e7\u00e3o passiva caracteriza-se pela falta de a\u00e7\u00e3o e protagonismo nas situa\u00e7\u00f5es que se apresentam. As pessoas que possuem este estilo de comunica\u00e7\u00e3o costumam ter dificuldade em se expressar e se posicionar, evitando ao m\u00e1ximo poss\u00edveis conflitos.<\/li>\n<\/ul>\n\n\n\n\n<h2 class=\"wp-block-heading\">Como o comunicador passivo \u00e9 aquele que?<\/h2>\n\nO comunicador passivo \u00e9 aquele que evita a express\u00e3o de suas opini\u00f5es e sentimentos, muitas vezes por medo de desagradar os outros ou causar conflitos.<br \/>\n\n\n\n\n<h2 class=\"wp-block-heading\">O que \u00e9 uma pessoa passiva na comunica\u00e7\u00e3o?<\/h2>\n\n\n<p><\/p>A comunica\u00e7\u00e3o passiva \u00e9 frequente- mente influenciada por inseguran\u00e7a, falta de habilidades sociais ou medo de conflitos, caracter\u00edsticas provenientes da pessoa que emite a mensagem.<br \/>\n\n\n\n\n<h2 class=\"wp-block-heading\">O que \u00e9 uma abordagem passiva na comunica\u00e7\u00e3o?<\/h2>\n\n\n<p><\/p>A comunica\u00e7\u00e3o passiva \u00e9 um estilo de interlocu\u00e7\u00e3o no qual as pessoas n\u00e3o compartilham suas opini\u00f5es e acreditam que o que elas t\u00eam a dizer n\u00e3o tem valor. Em geral, s\u00e3o pessoas que n\u00e3o demonstram confian\u00e7a e tem uma linguagem corporal que demonstra isso, como uma postura ca\u00edda e semblante ap\u00e1tico.<br \/>\n\n\n\n\n<h2 class=\"wp-block-heading\">O que significa conversa passiva?<\/h2>\n\n\n<p><\/p>Se voc\u00ea j\u00e1 teve dificuldade para expressar seus pensamentos, sentimentos ou necessidades aos outros, pode estar usando um estilo de comunica\u00e7\u00e3o passivo . Esse tipo de comunica\u00e7\u00e3o \u00e9 caracterizado por evitar declara\u00e7\u00f5es diretas, acatar as opini\u00f5es dos outros e exibir uma linguagem corporal desconfort\u00e1vel.<br \/>\n\n\n\n\n<h2 class=\"wp-block-heading\">O que \u00e9 considerado passivo?<\/h2>\n\nEm contabilidade, um passivo equivale \u00e0s obriga\u00e7\u00f5es devidas de uma pessoa f\u00edsica ou jur\u00eddica em espec\u00edfico. Em outras palavras, os passivos representam todas as despesas, d\u00edvidas e encargos financeiros que uma empresa possui \u2014 isto \u00e9, a somat\u00f3ria de toda sa\u00edda de capital do empreendimento.<br \/>\n\n\n\n\n<h2 class=\"wp-block-heading\">O que pode ser considerado passivo?<\/h2>\n\n\n<p><\/p>Passivo s\u00e3o todas as obriga\u00e7\u00f5es financeiras de uma empresa. Ou seja, suas despesas e d\u00edvidas, independentemente dos prazos que t\u00eam para serem quitadas ou suas recorr\u00eancias. Esse controle \u00e9 essencial para garantir a sa\u00fade financeira de qualquer neg\u00f3cio.<br \/>\n\n\n\n\n<h2 class=\"wp-block-heading\">O que \u00e9 ser algu\u00e9m passivo?<\/h2>\n\n\n<p><\/p>Passivos s\u00e3o aqueles que se permitem levar pelas ocasi\u00f5es e situa\u00e7\u00f5es que a vida coloca em seus caminhos. Nesse sentido, ser uma pessoa passiva \u00e9 ruim? \u00c9 natural que pensemos que sim, mas, de certa forma, pessoas passivas costumam levar a vida com mais leveza, sem se estressar tanto e se cobrar como muitas pessoas.<br \/>\n\n\n\n\n<h2 class=\"wp-block-heading\">O que \u00e9 um passivo exemplo?<\/h2>\n\n\n<p><\/p>J\u00e1 os passivos s\u00e3o os n\u00fameros que registram as d\u00edvidas e obriga\u00e7\u00f5es da empresa com terceiros, sejam eles parceiros de neg\u00f3cio, bancos ou governo. Pagamento de fornecedores, empr\u00e9stimos, financiamentos e obriga\u00e7\u00f5es fiscais e sociais s\u00e3o exemplos de passivos.<br \/>\n\n\n\n\n<h2 class=\"wp-block-heading\">Qual \u00e9 a diferen\u00e7a entre passivo e ativo?<\/h2>\n\n\n<p><\/p>De uma forma sucinta, podemos dizer que a diferen\u00e7a entre ativo e passivo reside no facto de o primeiro representar bens, ou entradas de dinheiro, enquanto o segundo simboliza obriga\u00e7\u00f5es ou sa\u00eddas de dinheiro.<br \/>\n\n\n\n\n<h2 class=\"wp-block-heading\">Quem pode ser sujeito passivo?<\/h2>\n\n\n<p><\/p>O conceito de sujeito passivo abrange tanto pessoas f\u00edsicas quanto pessoas jur\u00eddicas. Al\u00e9m disso, a coletividade ou interesses difusos, como o meio ambiente ou a ordem p\u00fablica, tamb\u00e9m podem ser sujeitos passivos, como em crimes ambientais.<br \/>\n\n\n","protected":false},"excerpt":{"rendered":"<p>O que \u00e9 o comunicador passivo? O que \u00e9 um comunicador passivo? O comunicador Passivo \u00e9 aquele que: Tamb\u00e9m \u00e9 conhecido como \u201cdo contra\u201d tem como caracter\u00edstica proteger e defender o seu ponto de vista a qualquer custo. Tende a se sentir bloqueado ou paralisado diante de um desafio, pois sente receio de importunar os [&hellip;]<\/p>\n","protected":false},"author":2,"featured_media":0,"comment_status":"open","ping_status":"closed","sticky":false,"template":"","format":"standard","meta":{"footnotes":""},"categories":[1],"tags":[],"class_list":["post-3294","post","type-post","status-publish","format-standard","hentry","category-conteudo"],"_links":{"self":[{"href":"https:\/\/ammabarbacena.com.br\/perguntas-frequentes\/wp-json\/wp\/v2\/posts\/3294","targetHints":{"allow":["GET"]}}],"collection":[{"href":"https:\/\/ammabarbacena.com.br\/perguntas-frequentes\/wp-json\/wp\/v2\/posts"}],"about":[{"href":"https:\/\/ammabarbacena.com.br\/perguntas-frequentes\/wp-json\/wp\/v2\/types\/post"}],"author":[{"embeddable":true,"href":"https:\/\/ammabarbacena.com.br\/perguntas-frequentes\/wp-json\/wp\/v2\/users\/2"}],"replies":[{"embeddable":true,"href":"https:\/\/ammabarbacena.com.br\/perguntas-frequentes\/wp-json\/wp\/v2\/comments?post=3294"}],"version-history":[{"count":1,"href":"https:\/\/ammabarbacena.com.br\/perguntas-frequentes\/wp-json\/wp\/v2\/posts\/3294\/revisions"}],"predecessor-version":[{"id":3295,"href":"https:\/\/ammabarbacena.com.br\/perguntas-frequentes\/wp-json\/wp\/v2\/posts\/3294\/revisions\/3295"}],"wp:attachment":[{"href":"https:\/\/ammabarbacena.com.br\/perguntas-frequentes\/wp-json\/wp\/v2\/media?parent=3294"}],"wp:term":[{"taxonomy":"category","embeddable":true,"href":"https:\/\/ammabarbacena.com.br\/perguntas-frequentes\/wp-json\/wp\/v2\/categories?post=3294"},{"taxonomy":"post_tag","embeddable":true,"href":"https:\/\/ammabarbacena.com.br\/perguntas-frequentes\/wp-json\/wp\/v2\/tags?post=3294"}],"curies":[{"name":"wp","href":"https:\/\/api.w.org\/{rel}","templated":true}]}}