{"id":3284,"date":"2025-07-17T14:54:25","date_gmt":"2025-07-17T14:54:25","guid":{"rendered":"http:\/\/ce9759fd-6bc4-46bf-b270-81b03626ab92"},"modified":"2025-07-17T14:54:25","modified_gmt":"2025-07-17T14:54:25","slug":"o-que-e-o-codigo-1138-da-receita-federal","status":"publish","type":"post","link":"https:\/\/ammabarbacena.com.br\/perguntas-frequentes\/o-que-e-o-codigo-1138-da-receita-federal\/","title":{"rendered":"O que \u00e9 o c\u00f3digo 1138 da receita federal"},"content":{"rendered":"\n\n<h2 class=\"wp-block-heading\">O que \u00e9 o c\u00f3digo da receita 1138\/08?<\/h2>\n\nNesse caso, no momento de gera\u00e7\u00e3o da guia \u00fanica, o empregador dever\u00e1 editar o campo &#8220;1138-08 &#8211; CP Patronal &#8211; Empregado Dom\u00e9stico &#8221; e deduzir o valor que seria descontado dessa empregada, mas que j\u00e1 foi deduzido do benef\u00edcio.<br \/>\n\n\n\n\n<h2 class=\"wp-block-heading\">O que \u00e9 DARF c\u00f3digo 1138?<\/h2>\n\n\n<p><\/p>Principais c\u00f3digos do DARF avulso: 1082-01 RETEN\u00c7\u00c3O INSS &#8211; EMPREGADOS\/AVULSO 1138-01 CONTRIBUI\u00c7\u00c3O PATRONAL &#8211; EMPREGADOS\/AVULSO 1646-01 CP PATRONAL &#8211; GILRAT AJUSTADO &#8211; EMPREGADOS\/AVULSO 1082-21 RETEN\u00c7\u00c3O INSS &#8211; EMPREGADOS\/AVULSO &#8211; 13\u00ba 1138-21 CONTRIBUI\u00c7\u00c3O PATRONAL EMPREGADOS\/AVULSO &#8211; 13\u00ba 1646-21 CP PATRONAL &#8211; GILRAT &#8230;<br \/>\n\n\n\n\n<h2 class=\"wp-block-heading\">Qual \u00e9 o significado do C\u00f3digo de receita 1138?<\/h2>\n\n\n<p><\/p><p>C\u00f3digo de Receita | Descri\u00e7\u00e3o do C\u00f3digo de Receita<\/p><table border=\"1\"><tr><td>1138-01<\/td><td>CP Patronal \u2013 Empregados\/Avulsos<\/td><\/tr><tr><td>1138-04<\/td><td>CP Patronal \u2013 Contribuintes Individuais<\/td><\/tr><tr><td>1141-01<\/td><td>CP Patronal \u2013 Adicional GILRAT<\/td><\/tr><tr><td>1646-01<\/td><td>CP Patronal \u2013 GILRAT Ajustado<\/td><\/tr><\/table><br \/>\n\n\n\n\n<h2 class=\"wp-block-heading\">O que \u00e9 o c\u00f3digo 0190 da Receita Federal?<\/h2>\n\n\n<p><\/p>O carn\u00ea-le\u00e3o (c\u00f3digo de receita 0190) e a complementa\u00e7\u00e3o mensal (c\u00f3digo de receita 0246) s\u00e3o considerados antecipa\u00e7\u00e3o do imposto de renda. Portanto, os pagamentos realizados durante o ano de 2023 ser\u00e3o considerados no c\u00e1lculo do imposto devido na declara\u00e7\u00e3o de 2024.<br \/>\n\n\n\n\n<h2 class=\"wp-block-heading\">Qual \u00e9 o significado do C\u00f3digo receita 1138-04?<\/h2>\n\n\n<p><\/p><p>CR | DESCRI\u00c7\u00c3O DO C\u00d3DIGO DE RECEIRA | NOVO VENCIMENTO PA 04\/2020<\/p><table border=\"1\"><tr><td>1138-04<\/td><td>CP PATRONAL &#8211; CONTRIBUINTES INDIVIDUAIS<\/td><td>20\/10\/2020<\/td><\/tr><tr><td>1138-05<\/td><td>CP PATRONAL &#8211; ADIC CONTRIBUINTES INDIVIDUAIS<\/td><td>20\/10\/2020<\/td><\/tr><tr><td>1138-06<\/td><td>CP PATRONAL &#8211; SIMPLES CONCOMIT &#8211; CONTR INDIVID<\/td><td>20\/10\/2020<\/td><\/tr><tr><td>1141-01<\/td><td>CP PATRONAL &#8211; ADICIONAL GILRAT<\/td><td>20\/10\/2020<\/td><\/tr><\/table><br \/>\n\n\n\n\n<h2 class=\"wp-block-heading\">O que significa o c\u00f3digo 1138\/08 da Receita Federal?<\/h2>\n\n\n<p><\/p>Nesse caso, no momento de gera\u00e7\u00e3o da guia \u00fanica, o empregador dever\u00e1 editar o campo &#8220;1138-08 &#8211; CP Patronal &#8211; Empregado Dom\u00e9stico &#8221; e deduzir o valor que seria descontado dessa empregada, mas que j\u00e1 foi deduzido do benef\u00edcio.<br \/>\n\n\n\n\n<h2 class=\"wp-block-heading\">Qual \u00e9 o significado do c\u00f3digo de receita 1138-04?<\/h2>\n\n<p>CR | DESCRI\u00c7\u00c3O DO C\u00d3DIGO DE RECEIRA | NOVO VENCIMENTO PA 04\/2020<\/p><table border=\"1\"><tr><td>1138-04<\/td><td>CP PATRONAL &#8211; CONTRIBUINTES INDIVIDUAIS<\/td><td>20\/10\/2020<\/td><\/tr><tr><td>1138-05<\/td><td>CP PATRONAL &#8211; ADIC CONTRIBUINTES INDIVIDUAIS<\/td><td>20\/10\/2020<\/td><\/tr><tr><td>1138-06<\/td><td>CP PATRONAL &#8211; SIMPLES CONCOMIT &#8211; CONTR INDIVID<\/td><td>20\/10\/2020<\/td><\/tr><tr><td>1141-01<\/td><td>CP PATRONAL &#8211; ADICIONAL GILRAT<\/td><td>20\/10\/2020<\/td><\/tr><\/table><br \/>\n\n\n\n\n<h2 class=\"wp-block-heading\">O que \u00e9 contribui\u00e7\u00e3o patronal?<\/h2>\n\n\n<p><\/p>A cota patronal \u00e9 a parte que as empresas devem pagar para o INSS, com a finalidade de financiar a seguridade social, sendo esta a respons\u00e1vel por benef\u00edcios aos brasileiros como: aposentadorias, pens\u00f5es e aux\u00edlios.<br \/>\n\n\n\n\n<h2 class=\"wp-block-heading\">O que \u00e9 CP patronal na Receita Federal?<\/h2>\n\nA contribui\u00e7\u00e3o previdenci\u00e1ria patronal incide sobre os valores pagos ao trabalhador a t\u00edtulo de d\u00e9cimo terceiro sal\u00e1rio proporcional relacionado ao per\u00edodo do aviso pr\u00e9vio indenizado.<br \/>\n\n\n\n\n<h2 class=\"wp-block-heading\">Quem paga o CP patronal?<\/h2>\n\n\n<p><\/p>O pagamento do INSS patronal \u00e9 uma obriga\u00e7\u00e3o legal e deve ser cumprida pelas empresas, podendo evitar multas e problemas com a receita federal.<br \/>\n\n\n\n\n<h2 class=\"wp-block-heading\">Qual a diferen\u00e7a entre CP Segurados e CP patronal?<\/h2>\n\n\n<p><\/p>\n\n<ul class=\"wp-block-list\">\n<li>Principais diferen\u00e7as entre cp segurado e cp patronal<\/li>\n<li> Respons\u00e1vel pelo pagamento: a cp segurado \u00e9 paga pelo trabalhador, descontada de seu sal\u00e1rio, enquanto a cp patronal \u00e9 de responsabilidade da empresa, que paga o valor com base na folha de pagamento de todos os trabalhadores.<\/li>\n<\/ul>\n\n\n\n\n<h2 class=\"wp-block-heading\">Como tirar o CP patronal do eSocial?<\/h2>\n\n\n<p><\/p>\n\n<ul class=\"wp-block-list\">\n<li>1 &#8211; Acesse o menu Relat\u00f3rios &gt; e-Social &gt; Eventos peri\u00f3dicos;<\/li>\n<li>2 &#8211; Informe a Compet\u00eancia em que existe o evento validado;<\/li>\n<li>3 &#8211; Selecione a op\u00e7\u00e3o &#8216;[x] S-1300 &#8211; Contribui\u00e7\u00e3o Sindical Patronal &#8216; e clique no bot\u00e3o [Excluir eSocial ];<\/li>\n<\/ul>\n\n\n\n\n<h2 class=\"wp-block-heading\">O que significa CP patronal na DARF?<\/h2>\n\n\n<p><\/p>CPP \u00e9 a sigla para Contribui\u00e7\u00e3o Previdenci\u00e1ria Patronal, um regime de simplifica\u00e7\u00e3o tribut\u00e1ria que re\u00fane todos os impostos pagos por micro e pequenas empresas em uma guia \u00fanica do Simples Nacional.<br \/>\n\n\n\n\n<h2 class=\"wp-block-heading\">Sou obrigada a pagar a contribui\u00e7\u00e3o patronal?<\/h2>\n\n\n<p><\/p>A contribui\u00e7\u00e3o sindical patronal n\u00e3o \u00e9 obrigat\u00f3ria e as empresas devem atentar para cobran\u00e7as indevidas por parte dos sindicatos. \u2013 Casillo Advogados.<br \/>\n\n\n\n\n<h2 class=\"wp-block-heading\">Qual o valor do CP patronal MEI?<\/h2>\n\n\n<p><\/p>Todo m\u00eas, o MEI dever\u00e1 descontar do funcion\u00e1rio R$ 142,92 sobre o sal\u00e1rio do m\u00eas e pagar atrav\u00e9s de Guia de Recolhimento Previdenci\u00e1rio, acrescido da cota patronal de 3%.<br \/>\n\n\n\n\n<h2 class=\"wp-block-heading\">O que \u00e9 o c\u00f3digo 1138-21?<\/h2>\n\nPrincipais c\u00f3digos do DARF avulso: 1082-01 RETEN\u00c7\u00c3O INSS &#8211; EMPREGADOS\/AVULSO 1138-01 CONTRIBUI\u00c7\u00c3O PATRONAL &#8211; EMPREGADOS\/AVULSO 1646-01 CP PATRONAL &#8211; GILRAT AJUSTADO &#8211; EMPREGADOS\/AVULSO 1082-21 RETEN\u00c7\u00c3O INSS &#8211; EMPREGADOS\/AVULSO &#8211; 13\u00ba 1138-21 CONTRIBUI\u00c7\u00c3O PATRONAL EMPREGADOS\/AVULSO &#8211; 13\u00ba 1646-21 CP PATRONAL &#8211; GILRAT &#8230;<br \/>\n\n\n\n\n<h2 class=\"wp-block-heading\">Qual \u00e9 o significado do c\u00f3digo de receita 1082-21?<\/h2>\n\n\n<p><\/p>1082-21 &#8211; CP descontada do segurado empregado\/avulso 13\u00b0 sal\u00e1rio ; Nota ECONET: \u00c9 a contribui\u00e7\u00e3o previdenci\u00e1ria descontada do empregado\/avulso registrado em CTPS sobre o 13\u00b0 sal\u00e1rio.<br \/>\n\n\n\n\n<h2 class=\"wp-block-heading\">O que significa o c\u00f3digo 1138 08 no Boletim Trabalhista?<\/h2>\n\n\n<p><\/p>Nesse caso, no momento de gera\u00e7\u00e3o da guia \u00fanica, o empregador dever\u00e1 editar o campo &#8220;1138-08 &#8211; CP Patronal &#8211; Empregado Dom\u00e9stico &#8221; e deduzir o valor que seria descontado dessa empregada, mas que j\u00e1 foi deduzido do benef\u00edcio.<br \/>\n\n\n\n\n<h2 class=\"wp-block-heading\">Como excluir contribui\u00e7\u00e3o patronal da DCTFWeb?<\/h2>\n\n\n<p><\/p>\n\n<ul class=\"wp-block-list\">\n<li>Passo a passo para exclus\u00e3o dos tributos prorrogados:<\/li>\n<li> Clique no bot\u00e3o \u201c+\u201d em \u201cTotal Contribui\u00e7\u00e3o Previdenci\u00e1ria Patronal \u201d para expandir as contribui\u00e7\u00f5es patronais, desmarque os c\u00f3digos de receita que foram prorrogados e clique em \u201cEmitir DARF\u201d.<\/li>\n<\/ul>\n\n\n\n\n<h2 class=\"wp-block-heading\">O que significa o c\u00f3digo 1082 do INSS?<\/h2>\n\n\n<p><\/p>O c\u00f3digo 1082 \u00e9 exclusivo para o recolhimento do IRPJ e, por isso, \u00e9 vital conhecer sua aplica\u00e7\u00e3o e caracter\u00edsticas. Ao compreender a fun\u00e7\u00e3o do DARF 1082, torna-se mais f\u00e1cil evitar erros que podem resultar em multas significativas.<br \/>\n\n\n\n\n<h2 class=\"wp-block-heading\">O que \u00e9 1138-01?<\/h2>\n\nC\u00f3digo 1138-01 &#8211; Departamento Pessoal e RH.<br \/>\n\n\n\n\n<h2 class=\"wp-block-heading\">Qual \u00e9 o significado do C\u00f3digo 1138 da receita?<\/h2>\n\n\n<p><\/p><p>C\u00f3digo de Receita | Descri\u00e7\u00e3o do C\u00f3digo de Receita<\/p><table border=\"1\"><tr><td>1138-01<\/td><td>CP Patronal \u2013 Empregados\/Avulsos<\/td><\/tr><tr><td>1138-04<\/td><td>CP Patronal \u2013 Contribuintes Individuais<\/td><\/tr><tr><td>1141-01<\/td><td>CP Patronal \u2013 Adicional GILRAT<\/td><\/tr><tr><td>1646-01<\/td><td>CP Patronal \u2013 GILRAT Ajustado<\/td><\/tr><\/table><br \/>\n\n\n\n\n<h2 class=\"wp-block-heading\">O que significa o c\u00f3digo da receita 1138\/08?<\/h2>\n\n\n<p><\/p>Nesse caso, no momento de gera\u00e7\u00e3o da guia \u00fanica, o empregador dever\u00e1 editar o campo &#8220;1138-08 &#8211; CP Patronal &#8211; Empregado Dom\u00e9stico &#8221; e deduzir o valor que seria descontado dessa empregada, mas que j\u00e1 foi deduzido do benef\u00edcio.<br \/>\n\n\n\n\n<h2 class=\"wp-block-heading\">O que \u00e9 o c\u00f3digo da receita 0211-01?<\/h2>\n\n\n<p><\/p>0211: IRPF \u2013 Declara\u00e7\u00e3o de Ajuste Anual, Declara\u00e7\u00e3o de Sa\u00edda Definitiva do Pa\u00eds e Declara\u00e7\u00e3o Final de Esp\u00f3lio.<br \/>\n\n\n\n\n<h2 class=\"wp-block-heading\">\u00c9 obrigat\u00f3rio enviar a DCTFWeb sem movimento?<\/h2>\n\n5.13 [Inclu\u00eddo em 10\/02\/2025] \u00c9 obrigat\u00f3rio o envio do MIT sem movimento? N\u00e3o. O MIT deve ser apresentado apenas quando houver informa\u00e7\u00f5es relativas aos tributos nele apurados. Entretanto, quando o contribuinte necessitar enviar uma DCTFWeb sem movimento, poder\u00e1 faz\u00ea-lo a partir do MIT.<br \/>\n\n\n\n\n<h2 class=\"wp-block-heading\">Quando preciso enviar DCTFWeb sem movimento?<\/h2>\n\n\n<p><\/p>A partir do exerc\u00edcio 2026 n\u00e3o haver\u00e1 mais necessidade de renova\u00e7\u00e3o anual da declara\u00e7\u00e3o de inatividade. As pessoas jur\u00eddicas que se encontram nessa situa\u00e7\u00e3o dever\u00e3o enviar a DCTFWeb sem movimento em Janeiro\/2025 e n\u00e3o necessitar\u00e3o mais renovar a declara\u00e7\u00e3o caso a situa\u00e7\u00e3o persista nos anos seguintes.&#8221;<br \/>\n\n\n\n\n<h2 class=\"wp-block-heading\">Como entregar uma DCTFWeb zerada?<\/h2>\n\n\n<p><\/p>Com rela\u00e7\u00e3o ao envio da DCTFWeb zerada. Voc\u00ea tem duas formas de enviar, sendo uma pelo sistema Dom\u00ednio Folha, junto ao Fechamento do eSocial (S-1299), e outra diretamente no Portal eCac da empresa. Clique aqui e saiba mais!<br \/>\n\n\n\n\n<h2 class=\"wp-block-heading\">A DCTFWeb ser\u00e1 inativa em 2025?<\/h2>\n\n\n<p><\/p>De forma excepcional, a transmiss\u00e3o do MIT e DCTFWeb da compet\u00eancia 01\/2025, foi prorrogada para 31\/03\/2025, o \u00faltimo dia \u00fatil de Mar\u00e7o\/2025. Se a empresa j\u00e1 enviou uma DCTFWeb sem movimento anteriormente e continua sem movimento, n\u00e3o ser\u00e1 necess\u00e1rio enviar nada em janeiro de 2025.<br \/>\n\n\n\n\n<h2 class=\"wp-block-heading\">Quem est\u00e1 dispensado de entregar o DCTF Web?<\/h2>\n\n\n<p><\/p>Levando em considera\u00e7\u00e3o que INRFB 2005\/2021 preceitua em seu Art. 6\u00ba: &#8220;Ficam dispensados da obriga\u00e7\u00e3o de apresentar a DCTFWeb: I &#8211; o contribuinte individual que n\u00e3o contratar trabalhador segurado do RGPS &#8220;. A empresa em quest\u00e3o se enquadra nessa situa\u00e7\u00e3o.<br \/>\n\n\n\n\n<h2 class=\"wp-block-heading\">\u00c9 obrigat\u00f3rio o envio do eSocial sem movimento?<\/h2>\n\n\n<p><\/p>Como fazer esta declara\u00e7\u00e3o? Sim, as empresas sem movimento precisam declarar informa\u00e7\u00f5es para o eSocial. Para fazer esta declara\u00e7\u00e3o, envie os eventos de cadastro com S-1000 e S-1005.<br \/>\n\n\n\n\n<h2 class=\"wp-block-heading\">Como regularizar aus\u00eancia de DCTFWeb sem movimento?<\/h2>\n\n\n<p><\/p>Para regularizar a situa\u00e7\u00e3o, basta realizar o fechamento direto da folha e deixar flegado todas as op\u00e7\u00f5es em &#8220;n\u00e3o&#8221;. Lembrando que se a empresa estava sem movimento de janeiro at\u00e9 dezembro, ser\u00e1 necess\u00e1rio entregar a folha sem movimento apenas do primeiro m\u00eas, ou seja, janeiro.<br \/>\n\n\n","protected":false},"excerpt":{"rendered":"<p>O que \u00e9 o c\u00f3digo da receita 1138\/08? Nesse caso, no momento de gera\u00e7\u00e3o da guia \u00fanica, o empregador dever\u00e1 editar o campo &#8220;1138-08 &#8211; CP Patronal &#8211; Empregado Dom\u00e9stico &#8221; e deduzir o valor que seria descontado dessa empregada, mas que j\u00e1 foi deduzido do benef\u00edcio. O que \u00e9 DARF c\u00f3digo 1138? Principais c\u00f3digos [&hellip;]<\/p>\n","protected":false},"author":2,"featured_media":0,"comment_status":"open","ping_status":"closed","sticky":false,"template":"","format":"standard","meta":{"footnotes":""},"categories":[1],"tags":[],"class_list":["post-3284","post","type-post","status-publish","format-standard","hentry","category-conteudo"],"_links":{"self":[{"href":"https:\/\/ammabarbacena.com.br\/perguntas-frequentes\/wp-json\/wp\/v2\/posts\/3284","targetHints":{"allow":["GET"]}}],"collection":[{"href":"https:\/\/ammabarbacena.com.br\/perguntas-frequentes\/wp-json\/wp\/v2\/posts"}],"about":[{"href":"https:\/\/ammabarbacena.com.br\/perguntas-frequentes\/wp-json\/wp\/v2\/types\/post"}],"author":[{"embeddable":true,"href":"https:\/\/ammabarbacena.com.br\/perguntas-frequentes\/wp-json\/wp\/v2\/users\/2"}],"replies":[{"embeddable":true,"href":"https:\/\/ammabarbacena.com.br\/perguntas-frequentes\/wp-json\/wp\/v2\/comments?post=3284"}],"version-history":[{"count":1,"href":"https:\/\/ammabarbacena.com.br\/perguntas-frequentes\/wp-json\/wp\/v2\/posts\/3284\/revisions"}],"predecessor-version":[{"id":3285,"href":"https:\/\/ammabarbacena.com.br\/perguntas-frequentes\/wp-json\/wp\/v2\/posts\/3284\/revisions\/3285"}],"wp:attachment":[{"href":"https:\/\/ammabarbacena.com.br\/perguntas-frequentes\/wp-json\/wp\/v2\/media?parent=3284"}],"wp:term":[{"taxonomy":"category","embeddable":true,"href":"https:\/\/ammabarbacena.com.br\/perguntas-frequentes\/wp-json\/wp\/v2\/categories?post=3284"},{"taxonomy":"post_tag","embeddable":true,"href":"https:\/\/ammabarbacena.com.br\/perguntas-frequentes\/wp-json\/wp\/v2\/tags?post=3284"}],"curies":[{"name":"wp","href":"https:\/\/api.w.org\/{rel}","templated":true}]}}