{"id":3280,"date":"2025-07-17T14:52:24","date_gmt":"2025-07-17T14:52:24","guid":{"rendered":"http:\/\/b9a3a621-9c0b-49c3-8020-490291232261"},"modified":"2025-07-17T14:52:24","modified_gmt":"2025-07-17T14:52:24","slug":"o-albinismo-e-uma-heranca-autossomica-recessiva-que-se-caracteriza","status":"publish","type":"post","link":"https:\/\/ammabarbacena.com.br\/perguntas-frequentes\/o-albinismo-e-uma-heranca-autossomica-recessiva-que-se-caracteriza\/","title":{"rendered":"O albinismo \u00e9 uma heran\u00e7a autossomica recessiva que se caracteriza"},"content":{"rendered":"\n\n<h2 class=\"wp-block-heading\">Albinismo \u00e9 autoss\u00f4mico recessivo?<\/h2>\n\nO albinismo oculocut\u00e2neo \u00e9 doen\u00e7a autoss\u00f4mica recessiva causada pela completa aus\u00eancia ou diminui\u00e7\u00e3o da bioss\u00edntese de melanina nos melan\u00f3citos.<br \/>\n\n\n\n\n<h2 class=\"wp-block-heading\">Albinismo \u00e9 autoss\u00f4mica recessiva?<\/h2>\n\n\n<p><\/p>\u00c9 uma condi\u00e7\u00e3o de car\u00e1ter recessivo, ou seja: para que algu\u00e9m seja afetado, \u00e9 necess\u00e1rio que ambos os pais carreguem um gene para o albinismo, ainda que n\u00e3o tenham essa caracter\u00edstica. Se esses genes recessivos formarem um par (um vindo da m\u00e3e e outro do pai), o filho desenvolve albinismo.<br \/>\n\n\n\n\n<h2 class=\"wp-block-heading\">O albinismo \u00e9 heran\u00e7a autoss\u00f4mica?<\/h2>\n\n\n<p><\/p>Quando ambos os pais carregam o gene sem ter albinismo, h\u00e1 uma chance de 25% em cada gravidez de que o beb\u00ea nas\u00e7a com albinismo. Esse tipo de heran\u00e7a \u00e9 chamado de heran\u00e7a autoss\u00f4mica recessiva. Para o albinismo ocular, o gene do albinismo est\u00e1 localizado no cromossomo X.<br \/>\n\n\n\n\n<h2 class=\"wp-block-heading\">O albinismo \u00e9 determinado por um gene recessivo?<\/h2>\n\n\n<p><\/p>A probabilidade de transmitir um gene recessivo de um dos pais para o filho \u00e9 de 50%, pois metade dos espermatozoides ou \u00f3vulos produzidos por esse pai ou m\u00e3e conter\u00e1 o gene recessivo para o albinismo.<br \/>\n\n\n\n\n<h2 class=\"wp-block-heading\">Tem albino preto?<\/h2>\n\n\n<p><\/p>Uma condi\u00e7\u00e3o gen\u00e9tica que faz com que as pessoas nas\u00e7am sem melanina na pele, olhos e cabelo, o albinismo acomete pessoas de todas as etnias, inclusive os negros.<br \/>\n\n\n\n\n<h2 class=\"wp-block-heading\">O albinismo \u00e9 uma condi\u00e7\u00e3o recessiva?<\/h2>\n\nO albinismo \u00e9 uma condi\u00e7\u00e3o recessiva caracterizada pela total aus\u00eancia de pigmenta\u00e7\u00e3o (melanina) na pele, nos olhos e no cabelo. Na Figura 1, um casal (A e B) planeja ter um filho (C). Com a ajuda da AIO, aumentei os meus acertos nos simulados e no ENEM, al\u00e9m de garantia uma TRI mais elevada.<br \/>\n<h3>UNICENTRO 2018<\/h3><iframe src=\"https:\/\/www.youtube.com\/embed\/wBPGTgzjBJg\" width=\"560\" height=\"315\" frameborder=\"0\" allowfullscreen><\/iframe>\n\n\n\n\n\n\n<h2 class=\"wp-block-heading\">Qual o tipo de heran\u00e7a do albinismo?<\/h2>\n\n\u00c9 apenas uma caracter\u00edstica presente em algumas pessoas por conta da gen\u00e9tica. \u00c9 uma condi\u00e7\u00e3o de car\u00e1ter recessivo, ou seja: para que algu\u00e9m seja afetado, \u00e9 necess\u00e1rio que ambos os pais carreguem um gene para o albinismo, ainda que n\u00e3o tenham essa caracter\u00edstica.<br \/>\n\n\n\n\n<h2 class=\"wp-block-heading\">Que tipo de heran\u00e7a \u00e9 o albinismo?<\/h2>\n\n\n<p><\/p>O albinismo n\u00e3o \u00e9 uma enfermidade. Muito pelo contr\u00e1rio! \u00c9 apenas uma caracter\u00edstica presente em algumas pessoas por conta da gen\u00e9tica. \u00c9 uma condi\u00e7\u00e3o de car\u00e1ter recessivo, ou seja: para que algu\u00e9m seja afetado, \u00e9 necess\u00e1rio que ambos os pais carreguem um gene para o albinismo, ainda que n\u00e3o tenham essa caracter\u00edstica.<br \/>\n\n\n\n\n<h2 class=\"wp-block-heading\">Como o albinismo \u00e9 herdado?<\/h2>\n\n\n<p><\/p>Como mencionado, o albinismo \u00e9 uma condi\u00e7\u00e3o que requer que a crian\u00e7a receba dois genes defeituosos, um de cada pai, o que garante 100% de chance de transmiss\u00e3o do gene. Se o parceiro do paciente com albinismo n\u00e3o for afetado e se a muta\u00e7\u00e3o for conhecida, \u00e9 poss\u00edvel fazer um teste gen\u00e9tico nele.<br \/>\n\n\n\n\n<h2 class=\"wp-block-heading\">O albinismo \u00e9 uma heran\u00e7a autoss\u00f4mica?<\/h2>\n\n\n<p><\/p>O albinismo \u00e9 uma heran\u00e7a autoss\u00f4mica recessiva, que se caracteriza por uma aus\u00eancia ou redu\u00e7\u00e3o da produ\u00e7\u00e3o de melanina no organismo, o que faz com que o indiv\u00edduo apresente despigmenta\u00e7\u00e3o da pele, pelos e olhos.<br \/>\n\n\n\n\n<h2 class=\"wp-block-heading\">O albinismo \u00e9 heredit\u00e1rio?<\/h2>\n\n\n<p><\/p>Albinismo oculocut\u00e2neo \u00e9 um defeito heredit\u00e1rio na forma\u00e7\u00e3o de melanina que provoca hipopigmenta\u00e7\u00e3o difusa da pele, cabelo e olhos. O albinismo ocular afeta os olhos e, geralmente, n\u00e3o afeta a pele. O acometimento ocular causa fotofobia, estrabismo, nistagmo e diminui\u00e7\u00e3o da vis\u00e3o.<br \/>\n\n\n\n\n<h2 class=\"wp-block-heading\">O albinismo \u00e9 uma caracter\u00edstica recessiva?<\/h2>\n\n\n<p><\/p>O albinismo \u00e9 um dist\u00farbio gen\u00e9tico de car\u00e1ter recessivo. Ou seja, para que uma pessoa seja albina, ambos os pais precisam ser albinos ou pelo menos serem portadores do gene recessivo que confere as caracter\u00edsticas do albinismo.<br \/>\n\n\n\n\n<h2 class=\"wp-block-heading\">O que \u00e9 uma caracter\u00edstica autoss\u00f4mica recessiva?<\/h2>\n\n\n\n<h2 class=\"wp-block-heading\">O que s\u00e3o c\u00e9lulas autoss\u00f4micas recessivas?<\/h2>\n\n\n<p><\/p>Autoss\u00f4mico recessivo \u00e9 um padr\u00e3o de heran\u00e7a. Se um dos pais tem um tra\u00e7o autoss\u00f4mico recessivo, ele n\u00e3o apresentar\u00e1 sintomas. Para transmiti-lo aos filhos, ambos os pais precisam ser portadores do tra\u00e7o. Mas, como n\u00e3o apresentam sintomas, muitas vezes nem sabem que o t\u00eam.<br \/>\n\n\n\n\n<h2 class=\"wp-block-heading\">O que seria uma caracter\u00edstica recessiva?<\/h2>\n\n\n<p><\/p>Uma caracter\u00edstica recessiva \u00e9 uma caracter\u00edstica codificada por um gene recessivo, que deve ser contribu\u00eddo por ambos os pais para que a caracter\u00edstica apare\u00e7a na prole.<br \/>\n\n\n\n\n<h2 class=\"wp-block-heading\">O que caracteriza uma doen\u00e7a gen\u00e9tica autoss\u00f4mica recessiva?<\/h2>\n\n\n<p><\/p>Uma condi\u00e7\u00e3o autoss\u00f4mica recessiva requer que ambas as c\u00f3pias de um gene sejam alteradas para que a condi\u00e7\u00e3o esteja presente. A chance de uma crian\u00e7a herdar duas c\u00f3pias do gene alterado (e desenvolver a condi\u00e7\u00e3o) quando ambos os pais s\u00e3o portadores \u00e9 de 1 em 4 (25%).<br \/>\n\n\n\n\n<h2 class=\"wp-block-heading\">O que \u00e9 um transtorno autoss\u00f4mico recessivo?<\/h2>\n\n\n<p><\/p>Um dist\u00farbio autoss\u00f4mico recessivo se manifesta apenas quando um indiv\u00edduo possui duas c\u00f3pias do gene mutante.<br \/>\n\n\n\n\n<h2 class=\"wp-block-heading\">O que \u00e9 albinismo autoss\u00f4mico?<\/h2>\n\nO albinismo oculocut\u00e2neo \u00e9 um grupo de doen\u00e7as recessivas raras, geralmente autoss\u00f4micas, que resultam em hipopigmenta\u00e7\u00e3o da pele, cabelo e olhos. O envolvimento ocular provoca fotossensibilidade e muitas vezes nistagmo, estrabismo, diminui\u00e7\u00e3o da acuidade visual e perda da estereopsia binocular.<br \/>\n\n\n\n\n<h2 class=\"wp-block-heading\">Quais s\u00e3o os tr\u00eas tipos de albinismo?<\/h2>\n\n\n<p><\/p>O albinismo pode ocorrer nas formas sindr\u00f4mica e n\u00e3o sindr\u00f4mica. Nas formas sindr\u00f4micas de albinismo \u2014 sendo as principais Hermansky-Pudlak e Chediak-Higashi \u2014, a hipopigmenta\u00e7\u00e3o e as altera\u00e7\u00f5es visuais coexistem com altera\u00e7\u00f5es patol\u00f3gicas mais graves.<br \/>\n\n\n\n\n<h2 class=\"wp-block-heading\">Qual a gen\u00e9tica por tr\u00e1s do albinismo?<\/h2>\n\n\n<p><\/p>O albinismo \u00e9 uma condi\u00e7\u00e3o gen\u00e9tica caracterizada por uma altera\u00e7\u00e3o em um gene que produz a enzima tirosinase, respons\u00e1vel pela regula\u00e7\u00e3o da produ\u00e7\u00e3o de melanina no corpo.<br \/>\n\n\n\n\n<h2 class=\"wp-block-heading\">O que quer dizer Autoss\u00f4mico?<\/h2>\n\n\n<p><\/p>O que significa autoss\u00f4mico? Autoss\u00f4mico significa que um gene espec\u00edfico n\u00e3o est\u00e1 em um cromossomo sexual e \u00e9 um cromossomo numerado. Os humanos t\u00eam 46 cromossomos no total. Cada um dos seus pais lhe transmite 23 cromossomos por meio do \u00f3vulo ou espermatozoide, totalizando 46.<br \/>\n\n\n\n\n<h2 class=\"wp-block-heading\">O albinismo \u00e9 dominante ou recessivo?<\/h2>\n\nO albinismo \u00e9 um dist\u00farbio gen\u00e9tico de car\u00e1ter recessivo. Ou seja, para que uma pessoa seja albina, ambos os pais precisam ser albinos ou pelo menos serem portadores do gene recessivo que confere as caracter\u00edsticas do albinismo. A doen\u00e7a de car\u00e1ter recessivo pode ser representada pelos alelos aa.<br \/>\n\n\n\n\n<h2 class=\"wp-block-heading\">Albinismo \u00e9 dominante?<\/h2>\n\n\n<p><\/p>O albinismo \u00e9 um dist\u00farbio gen\u00e9tico de car\u00e1ter recessivo. Ou seja, para que uma pessoa seja albina, ambos os pais precisam ser albinos ou pelo menos serem portadores do gene recessivo que confere as caracter\u00edsticas do albinismo. A doen\u00e7a de car\u00e1ter recessivo pode ser representada pelos alelos aa.<br \/>\n\n\n\n\n<h2 class=\"wp-block-heading\">Por que o albinismo \u00e9 recessivo?<\/h2>\n\n\n<p><\/p>Eles podem ser recessivos (a) ou dominantes (A). A m\u00e3e fornece dois e o pai, dois. Para que uma crian\u00e7a tenha albinismo, \u00e9 necess\u00e1rio que ela tenha os genes do tipo \u201caa\u201d, ou seja, que tenha pego um \u201ca\u201d de cada um dos seus progenitores. Ent\u00e3o, um pai \u201cAa\u201d e uma m\u00e3e \u201cAa\u201d podem ter filhos \u201cAA\u201d, \u201cAa\u201d, \u201caA\u201d e \u201caa\u201d.<br \/>\n\n\n\n\n<h2 class=\"wp-block-heading\">Quais s\u00e3o os 3 tipos de albinismo?<\/h2>\n\n\n<p><\/p>OCA tipo 1 : Pele muito clara. Tipos 2 e 4 OCA : Pele branca cremosa. OCA tipo 3 : pele marrom-avermelhada. Em geral, a maioria das pessoas com albinismo tem baixa concentra\u00e7\u00e3o de melanina na pele (hipopigmenta\u00e7\u00e3o) .<br \/>\n\n\n","protected":false},"excerpt":{"rendered":"<p>Albinismo \u00e9 autoss\u00f4mico recessivo? O albinismo oculocut\u00e2neo \u00e9 doen\u00e7a autoss\u00f4mica recessiva causada pela completa aus\u00eancia ou diminui\u00e7\u00e3o da bioss\u00edntese de melanina nos melan\u00f3citos. Albinismo \u00e9 autoss\u00f4mica recessiva? \u00c9 uma condi\u00e7\u00e3o de car\u00e1ter recessivo, ou seja: para que algu\u00e9m seja afetado, \u00e9 necess\u00e1rio que ambos os pais carreguem um gene para o albinismo, ainda que n\u00e3o [&hellip;]<\/p>\n","protected":false},"author":2,"featured_media":0,"comment_status":"open","ping_status":"closed","sticky":false,"template":"","format":"standard","meta":{"footnotes":""},"categories":[1],"tags":[],"class_list":["post-3280","post","type-post","status-publish","format-standard","hentry","category-conteudo"],"_links":{"self":[{"href":"https:\/\/ammabarbacena.com.br\/perguntas-frequentes\/wp-json\/wp\/v2\/posts\/3280","targetHints":{"allow":["GET"]}}],"collection":[{"href":"https:\/\/ammabarbacena.com.br\/perguntas-frequentes\/wp-json\/wp\/v2\/posts"}],"about":[{"href":"https:\/\/ammabarbacena.com.br\/perguntas-frequentes\/wp-json\/wp\/v2\/types\/post"}],"author":[{"embeddable":true,"href":"https:\/\/ammabarbacena.com.br\/perguntas-frequentes\/wp-json\/wp\/v2\/users\/2"}],"replies":[{"embeddable":true,"href":"https:\/\/ammabarbacena.com.br\/perguntas-frequentes\/wp-json\/wp\/v2\/comments?post=3280"}],"version-history":[{"count":1,"href":"https:\/\/ammabarbacena.com.br\/perguntas-frequentes\/wp-json\/wp\/v2\/posts\/3280\/revisions"}],"predecessor-version":[{"id":3281,"href":"https:\/\/ammabarbacena.com.br\/perguntas-frequentes\/wp-json\/wp\/v2\/posts\/3280\/revisions\/3281"}],"wp:attachment":[{"href":"https:\/\/ammabarbacena.com.br\/perguntas-frequentes\/wp-json\/wp\/v2\/media?parent=3280"}],"wp:term":[{"taxonomy":"category","embeddable":true,"href":"https:\/\/ammabarbacena.com.br\/perguntas-frequentes\/wp-json\/wp\/v2\/categories?post=3280"},{"taxonomy":"post_tag","embeddable":true,"href":"https:\/\/ammabarbacena.com.br\/perguntas-frequentes\/wp-json\/wp\/v2\/tags?post=3280"}],"curies":[{"name":"wp","href":"https:\/\/api.w.org\/{rel}","templated":true}]}}