{"id":3262,"date":"2025-07-17T14:44:24","date_gmt":"2025-07-17T14:44:24","guid":{"rendered":"http:\/\/7e18c86d-ba64-4dff-adf7-1a4eea4c4d23"},"modified":"2025-07-17T14:44:24","modified_gmt":"2025-07-17T14:44:24","slug":"com-base-no-texto-e-correto-afirmar-que-o-populismo","status":"publish","type":"post","link":"https:\/\/ammabarbacena.com.br\/perguntas-frequentes\/com-base-no-texto-e-correto-afirmar-que-o-populismo\/","title":{"rendered":"Com base no texto \u00e9 correto afirmar que o populismo"},"content":{"rendered":"\n\n<h2 class=\"wp-block-heading\">\u00c9 correto afirmar que o populismo?<\/h2>\n\nSobre o populismo \u00e9 correto afirmar que foi, exceto: um estilo de governar com e para o povo, permitindo a livre manifesta\u00e7\u00e3o da massa popular urbana e autonomia de suas formas de organiza\u00e7\u00e3o e participa\u00e7\u00e3o pol\u00edtica.<br \/>\n\n\n\n\n<h2 class=\"wp-block-heading\">O que \u00e9 populismo brainly?<\/h2>\n\n\n<p><\/p>O populismo pode ser considerado uma estrat\u00e9gia pol\u00edtica na qual determinado sujeito, normalmente um governante, promete ou toma medidas de grande apelo popular para que consiga o apoio das massas.<br \/>\n\n\n\n\n<h2 class=\"wp-block-heading\">O populismo deve ser entendido?<\/h2>\n\n\n<p><\/p>Populismo deve ser entendido como uma &#8220;s\u00edndrome&#8221;, e n\u00e3o como uma doutrina baseando-se na seguinte premissa: a virtude reside no povo simples, que comp\u00f5e a maioria esmagadora, e em suas tradi\u00e7\u00f5es coletivas.<br \/>\n\n\n\n\n<h2 class=\"wp-block-heading\">O que foi o movimento populista no Brasil?<\/h2>\n\n\n<p><\/p>Por sua vez, a palavra &#8220;populismo&#8221; entra no l\u00e9xico pol\u00edtico brasileiro precisamente na segunda metade dos anos 1940. Ela foi inicialmente usada para nomear pol\u00edticos carism\u00e1ticos capazes de mobilizar grandes novas massas formadas a partir da migra\u00e7\u00e3o de trabalhadores para as grandes cidades.<br \/>\n\n\n\n\n<h2 class=\"wp-block-heading\">\u00c9 correto afirmar que o populismo foi exceto?<\/h2>\n\n\n<p><\/p>Sobre o populismo \u00e9 correto afirmar que foi, exceto: um estilo de governar com e para o povo, permitindo a livre manifesta\u00e7\u00e3o da massa popular urbana e autonomia de suas formas de organiza\u00e7\u00e3o e participa\u00e7\u00e3o pol\u00edtica.<br \/>\n\n\n\n\n<h2 class=\"wp-block-heading\">O populismo \u00e9 bom ou ruim?<\/h2>\n\n\n<p><\/p>Por\u00e9m, o populismo \u00e9 mais do que isso, \u00e9 um tipo de discurso manique\u00edsta que divide a sociedade entre um povo bom e uma elite m\u00e1. Ele gera polariza\u00e7\u00e3o, o que \u00e9 ruim desde o n\u00edvel da conviv\u00eancia em fam\u00edlia e entre amigos ao n\u00edvel da pol\u00edtica institucional \u2013 onde pode se tornar uma amea\u00e7a \u00e0 democracia.<br \/>\n\n\n\n\n<h2 class=\"wp-block-heading\">O que podemos afirmar sobre o populismo?<\/h2>\n\nPopulismo \u00e9 um conceito contestado, utilizado para se referir a um conjunto de pr\u00e1ticas pol\u00edticas que se justificam num apelo ao &#8220;povo&#8221;, geralmente contrapondo este grupo a uma &#8220;elite&#8221;. N\u00e3o existe uma \u00fanica defini\u00e7\u00e3o do termo, que surgiu no s\u00e9culo XIX e tem obtido diferentes significados desde ent\u00e3o.<br \/>\n\n\n\n\n<h2 class=\"wp-block-heading\">O que \u00e9 correto afirmar sobre o populismo?<\/h2>\n\n\n<p><\/p>Sobre o populismo \u00e9 correto afirmar que foi, exceto: um estilo de governar com e para o povo, permitindo a livre manifesta\u00e7\u00e3o da massa popular urbana e autonomia de suas formas de organiza\u00e7\u00e3o e participa\u00e7\u00e3o pol\u00edtica.<br \/>\n\n\n\n\n<h2 class=\"wp-block-heading\">Como podemos definir o populismo?<\/h2>\n\n\n<p><\/p>Populismo \u00e9 um conceito contestado, utilizado para se referir a um conjunto de pr\u00e1ticas pol\u00edticas que se justificam num apelo ao &#8220;povo&#8221;, geralmente contrapondo este grupo a uma &#8220;elite&#8221;. N\u00e3o existe uma \u00fanica defini\u00e7\u00e3o do termo, que surgiu no s\u00e9culo XIX e tem obtido diferentes significados desde ent\u00e3o.<br \/>\n\n\n\n\n<h2 class=\"wp-block-heading\">O que \u00e9 populismo Brasil escola?<\/h2>\n\n\n<p><\/p>O que \u00e9 populismo? O populismo est\u00e1 no imagin\u00e1rio brasileiro, assim como a ideia de que populista \u00e9 um pol\u00edtico que engana o povo com sua ret\u00f3rica, faz promessas que n\u00e3o cumpre e coloca seus interesses pessoais acima do car\u00e1ter.<br \/>\n\n\n\n\n<h2 class=\"wp-block-heading\">O que defende o populismo de direita?<\/h2>\n\n\n<p><\/p>Populismo de direita \u00e9 uma ideologia pol\u00edtica que combina ideais da direita pol\u00edtica com uma ret\u00f3rica e temas populistas. De acordo com a defini\u00e7\u00e3o do cientista pol\u00edtico neerland\u00eas Cas Mudde, o populismo \u00e9 uma ideologia pol\u00edtica que divide a sociedade em duas entidades homog\u00eaneas e antag\u00f4nicas: o povo e as elites.<br \/>\n\n\n\n\n<h2 class=\"wp-block-heading\">O que foi o populismo brainly?<\/h2>\n\nResposta:Populismo \u00e9 um termo utilizado na Ci\u00eancia Pol\u00edtica para explicar pr\u00e1ticas associadas a governantes da Am\u00e9rica Latina durante boa parte do s\u00e9culo XX. No caso do Brasil, essa palavra \u00e9 utilizada para se referir, principalmente, o per\u00edodo da nossa hist\u00f3ria que se estendeu de 1930 a 1964.<br \/>\n\n\n\n\n<h2 class=\"wp-block-heading\">O que foi o populismo na era Vargas?<\/h2>\n\n\n<p><\/p>A principal heran\u00e7a pol\u00edtica de Vargas foi, provavelmente, o populismo. O presidente se comunicava de maneira simples e popular com as massas, o governo utilizava o r\u00e1dio divulgando os avan\u00e7os e ganhos dos trabalhadores, o que lhe garantiu a alcunha de &#8211; pai dos pobres.<br \/>\n\n\n\n\n<h2 class=\"wp-block-heading\">Como o populismo deve ser entendido?<\/h2>\n\nPopulismo deve ser entendido como uma &#8220;s\u00edndrome&#8221;, e n\u00e3o como uma doutrina baseando-se na seguinte premissa: a virtude reside no povo simples, que comp\u00f5e a maioria esmagadora, e em suas tradi\u00e7\u00f5es coletivas.<br \/>\n\n\n\n\n<h2 class=\"wp-block-heading\">O que voc\u00ea entende de populismo?<\/h2>\n\n\n<p><\/p>Populismo \u00e9 um conceito contestado, utilizado para se referir a um conjunto de pr\u00e1ticas pol\u00edticas que se justificam num apelo ao &#8220;povo&#8221;, geralmente contrapondo este grupo a uma &#8220;elite&#8221;. N\u00e3o existe uma \u00fanica defini\u00e7\u00e3o do termo, que surgiu no s\u00e9culo XIX e tem obtido diferentes significados desde ent\u00e3o.<br \/>\n\n\n\n\n<h2 class=\"wp-block-heading\">O que foi o populismo brasileiro?<\/h2>\n\n\n<p><\/p>Por sua vez, a palavra &#8220;populismo&#8221; entra no l\u00e9xico pol\u00edtico brasileiro precisamente na segunda metade dos anos 1940. Ela foi inicialmente usada para nomear pol\u00edticos carism\u00e1ticos capazes de mobilizar grandes novas massas formadas a partir da migra\u00e7\u00e3o de trabalhadores para as grandes cidades.<br \/>\n\n\n\n\n<h2 class=\"wp-block-heading\">O que o populismo, ao qual o texto se refere, caracterizou?<\/h2>\n\n\n\n<h2 class=\"wp-block-heading\">O que caracterizou o populismo?<\/h2>\n\n\n<p><\/p>Populismo \u00e9 um conceito contestado, utilizado para se referir a um conjunto de pr\u00e1ticas pol\u00edticas que se justificam num apelo ao &#8220;povo&#8221;, geralmente contrapondo este grupo a uma &#8220;elite&#8221;. N\u00e3o existe uma \u00fanica defini\u00e7\u00e3o do termo, que surgiu no s\u00e9culo XIX e tem obtido diferentes significados desde ent\u00e3o.<br \/>\n\n\n\n\n<h2 class=\"wp-block-heading\">Quais s\u00e3o as principais caracter\u00edsticas do populismo brainly?<\/h2>\n\n\n<p><\/p>O populismo \u00e9 um estilo pol\u00edtico que busca ganhar apoio popular ao prometer solu\u00e7\u00f5es simples para problemas complexos, cujos populistas t\u00eam ret\u00f3rica simplificada e s\u00e3o a personaliza\u00e7\u00e3o da &#8220;voz do povo&#8221;.<br \/>\n\n\n\n\n<h2 class=\"wp-block-heading\">O que foi o populismo ocorrido no Brasil?<\/h2>\n\n\n<p><\/p>Por sua vez, a palavra &#8220;populismo&#8221; entra no l\u00e9xico pol\u00edtico brasileiro precisamente na segunda metade dos anos 1940. Ela foi inicialmente usada para nomear pol\u00edticos carism\u00e1ticos capazes de mobilizar grandes novas massas formadas a partir da migra\u00e7\u00e3o de trabalhadores para as grandes cidades.<br \/>\n\n\n\n\n<h2 class=\"wp-block-heading\">Como foi o populismo no Brasil?<\/h2>\n\nA principal heran\u00e7a pol\u00edtica de Vargas foi, provavelmente, o populismo. O presidente se comunicava de maneira simples e popular com as massas, o governo utilizava o r\u00e1dio divulgando os avan\u00e7os e ganhos dos trabalhadores, o que lhe garantiu a alcunha de &#8211; pai dos pobres.<br \/>\n\n\n\n\n<h2 class=\"wp-block-heading\">Como foi o governo populista no Brasil?<\/h2>\n\n\n<p><\/p>A principal heran\u00e7a pol\u00edtica de Vargas foi, provavelmente, o populismo. O presidente se comunicava de maneira simples e popular com as massas, o governo utilizava o r\u00e1dio divulgando os avan\u00e7os e ganhos dos trabalhadores, o que lhe garantiu a alcunha de &#8211; pai dos pobres.<br \/>\n\n\n\n\n<h2 class=\"wp-block-heading\">Quando iniciou o populismo no Brasil?<\/h2>\n\n\n<p><\/p>Por sua vez, a palavra &#8220;populismo&#8221; entra no l\u00e9xico pol\u00edtico brasileiro precisamente na segunda metade dos anos 1940. Ela foi inicialmente usada para nomear pol\u00edticos carism\u00e1ticos capazes de mobilizar grandes novas massas formadas a partir da migra\u00e7\u00e3o de trabalhadores para as grandes cidades.<br \/>\n\n\n\n\n<h2 class=\"wp-block-heading\">Qual o conceito de populismo no Brasil?<\/h2>\n\n\n<p><\/p>Populismo \u00e9 um conceito contestado, utilizado para se referir a um conjunto de pr\u00e1ticas pol\u00edticas que se justificam num apelo ao &#8220;povo&#8221;, geralmente contrapondo este grupo a uma &#8220;elite&#8221;. N\u00e3o existe uma \u00fanica defini\u00e7\u00e3o do termo, que surgiu no s\u00e9culo XIX e tem obtido diferentes significados desde ent\u00e3o.<br \/>\n\n\n\n\n<h2 class=\"wp-block-heading\">O que foi a Rep\u00fablica Populista no Brasil?<\/h2>\n\n\n<p><\/p>A Quarta Rep\u00fablica, tamb\u00e9m conhecida como Rep\u00fablica Populista (nome que caiu em desuso entre os historiadores) e Rep\u00fablica de 46, foi um per\u00edodo iniciado em 1946, com a posse de Eurico Gaspar Dutra, e finalizado com o Golpe Civil-Militar que deu in\u00edcio \u00e0 Ditadura Militar.<br \/>\n\n\n","protected":false},"excerpt":{"rendered":"<p>\u00c9 correto afirmar que o populismo? Sobre o populismo \u00e9 correto afirmar que foi, exceto: um estilo de governar com e para o povo, permitindo a livre manifesta\u00e7\u00e3o da massa popular urbana e autonomia de suas formas de organiza\u00e7\u00e3o e participa\u00e7\u00e3o pol\u00edtica. O que \u00e9 populismo brainly? O populismo pode ser considerado uma estrat\u00e9gia pol\u00edtica [&hellip;]<\/p>\n","protected":false},"author":2,"featured_media":0,"comment_status":"open","ping_status":"closed","sticky":false,"template":"","format":"standard","meta":{"footnotes":""},"categories":[1],"tags":[],"class_list":["post-3262","post","type-post","status-publish","format-standard","hentry","category-conteudo"],"_links":{"self":[{"href":"https:\/\/ammabarbacena.com.br\/perguntas-frequentes\/wp-json\/wp\/v2\/posts\/3262","targetHints":{"allow":["GET"]}}],"collection":[{"href":"https:\/\/ammabarbacena.com.br\/perguntas-frequentes\/wp-json\/wp\/v2\/posts"}],"about":[{"href":"https:\/\/ammabarbacena.com.br\/perguntas-frequentes\/wp-json\/wp\/v2\/types\/post"}],"author":[{"embeddable":true,"href":"https:\/\/ammabarbacena.com.br\/perguntas-frequentes\/wp-json\/wp\/v2\/users\/2"}],"replies":[{"embeddable":true,"href":"https:\/\/ammabarbacena.com.br\/perguntas-frequentes\/wp-json\/wp\/v2\/comments?post=3262"}],"version-history":[{"count":1,"href":"https:\/\/ammabarbacena.com.br\/perguntas-frequentes\/wp-json\/wp\/v2\/posts\/3262\/revisions"}],"predecessor-version":[{"id":3263,"href":"https:\/\/ammabarbacena.com.br\/perguntas-frequentes\/wp-json\/wp\/v2\/posts\/3262\/revisions\/3263"}],"wp:attachment":[{"href":"https:\/\/ammabarbacena.com.br\/perguntas-frequentes\/wp-json\/wp\/v2\/media?parent=3262"}],"wp:term":[{"taxonomy":"category","embeddable":true,"href":"https:\/\/ammabarbacena.com.br\/perguntas-frequentes\/wp-json\/wp\/v2\/categories?post=3262"},{"taxonomy":"post_tag","embeddable":true,"href":"https:\/\/ammabarbacena.com.br\/perguntas-frequentes\/wp-json\/wp\/v2\/tags?post=3262"}],"curies":[{"name":"wp","href":"https:\/\/api.w.org\/{rel}","templated":true}]}}