{"id":3246,"date":"2025-07-17T14:37:16","date_gmt":"2025-07-17T14:37:16","guid":{"rendered":"http:\/\/fba65233-3bd1-49f4-a563-a4d9375afe4b"},"modified":"2025-07-17T14:37:16","modified_gmt":"2025-07-17T14:37:16","slug":"o-que-me-incomoda-e-o-silencio-dos-bons","status":"publish","type":"post","link":"https:\/\/ammabarbacena.com.br\/perguntas-frequentes\/o-que-me-incomoda-e-o-silencio-dos-bons\/","title":{"rendered":"O que me incomoda \u00e9 o silencio dos bons"},"content":{"rendered":"\n\n<h2 class=\"wp-block-heading\">Qual \u00e9 a frase mais famosa de Luther King?<\/h2>\n\n\u201cN\u00e3o h\u00e1 nada mais tr\u00e1gico neste mundo do que saber o que \u00e9 certo e n\u00e3o faz\u00ea-lo. Que tal mudarmos o mundo come\u00e7ando por n\u00f3s mesmos?\u201d<br \/>\n\n\n\n\n<h2 class=\"wp-block-heading\">Qual a frase mais marcante de Martin Luther King?<\/h2>\n\n\n<p><\/p>\u201cN\u00e3o h\u00e1 nada mais tr\u00e1gico neste mundo do que saber o que \u00e9 certo e n\u00e3o faz\u00ea-lo. Que tal mudarmos o mundo come\u00e7ando por n\u00f3s mesmos?\u201d<br \/>\n\n\n\n\n<h2 class=\"wp-block-heading\">O que diz a frase &#8220;I have a dream&#8221;?<\/h2>\n\n\n<p><\/p>&#8220;Eu Tenho um Sonho&#8221; (em ingl\u00eas: &#8220;I Have a Dream&#8221;) \u00e9 o nome popular dado ao hist\u00f3rico discurso p\u00fablico feito por Martin Luther King, ativista pol\u00edtico e pastor estadunidense, no qual falava da necessidade de uni\u00e3o e coexist\u00eancia harmoniosa entre negros e brancos no futuro.<br \/>\n\n\n\n\n<h2 class=\"wp-block-heading\">Qual \u00e9 o discurso mais famoso de Martin Luther King?<\/h2>\n\n\n<p><\/p>Martin Luther King Jr. discursou mais de duas mil vezes durante a sua vida. Entre suas palavras mais marcantes est\u00e1 o discurso &#8220;I Have a Dream&#8221; (&#8220;Eu tenho um sonho2), que foi proferido no Lincoln Memorial durante a Marcha sobre Washington (nos Estados Unidos), como mostra a foto.<br \/>\n\n\n\n\n<h2 class=\"wp-block-heading\">O que Martin Luther King nos ensinou?<\/h2>\n\n\n<p><\/p>Martin Luther King Jr. foi um grande l\u00edder pacifista. Lutou incessantemente pelos princ\u00edpios de liberdade e igualdade, e pelos direitos civis na Am\u00e9rica. Pelo combate pac\u00edfico contra o preconceito racial, ganhou o Pr\u00eamio Nobel da Paz.<br \/>\n\n\n\n\n<h2 class=\"wp-block-heading\">De quem \u00e9 a famosa frase &#8220;I have a dream&#8221;?<\/h2>\n\n\n<p><\/p>Discursos que inspiram: &#8216;I Have a Dream&#8217;, de Martin Luther King Jr., na \u00edntegra. Dia 28 de agosto de 1963 foi um dia especial para o mundo. Em p\u00e9, nos degraus do Lincoln Memorial, ap\u00f3s a Marcha de Washington por Empregos e Liberdade, o pastor Martin Luther King Jr. come\u00e7ava seu discurso.<br \/>\n\n\n\n\n<h2 class=\"wp-block-heading\">Qual o ditado do sil\u00eancio?<\/h2>\n\n\u201c O sil\u00eancio vale ouro, mas as palavras valem prata \u201d. Qu\u00e3o s\u00e1bia essa frase \u00e9, e olha que quem vos fala \u00e9 uma sangu\u00ednea tagarela \ud83d\ude05 Mas a verdade \u00e9 que eu e voc\u00ea precisamos entender o momento de falar e o momento de ficar em sil\u00eancio.<br \/>\n\n\n\n\n<h2 class=\"wp-block-heading\">O que o sil\u00eancio fala?<\/h2>\n\n\n<p><\/p>O sil\u00eancio pode acalmar, ferir, amparar ou violentar. Em algumas ocasi\u00f5es pode trazer paz, em outras, tempestades. O sil\u00eancio tamb\u00e9m pode corresponder \u00e0 reflex\u00e3o, a um turbilh\u00e3o de pensamentos pulsando dentro de n\u00f3s. \u00c0s vezes, o sil\u00eancio \u00e9 solid\u00e3o, vazio, dor e tristeza.<br \/>\n\n\n\n\n<h2 class=\"wp-block-heading\">Qual \u00e9 a frase do dia sobre sil\u00eancio?<\/h2>\n\n\n<p><\/p>O sil\u00eancio \u00e9 de ouro e muitas vezes \u00e9 resposta. Se soub\u00e9ssemos quantas e quantas vezes as nossas palavras s\u00e3o mal interpretadas, haveria muito mais sil\u00eancio neste mundo. O sil\u00eancio \u00e9 um amigo que nunca trai. \u00c9 melhor calar-se e deixar que as pessoas pensem que voc\u00ea \u00e9 um idiota do que falar e acabar com a d\u00favida.<br \/>\n\n\n\n\n<h2 class=\"wp-block-heading\">O que o sil\u00eancio revela?<\/h2>\n\n\n<p><\/p>O silencio pode servir de prote\u00e7\u00e3o, podendo esconder emo\u00e7\u00f5es ou palavras, gerar d\u00favidas e at\u00e9 tornar as pessoas em nossa volta confusas. Alguns at\u00e9 mesmo usam o silencio para punir, e quem nunca se sentiu punido devido a um prolongado silencio?<br \/>\n\n\n\n\n<h2 class=\"wp-block-heading\">O que Prov\u00e9rbios diz sobre o sil\u00eancio?<\/h2>\n\n\n<p><\/p>Quem controla as suas palavras \u00e9 s\u00e1bio, e quem mant\u00e9m a calma mostra que \u00e9 inteligente. At\u00e9 um tolo pode passar por s\u00e1bio e inteligente se ficar calado.<br \/>\n\n\n\n\n<h2 class=\"wp-block-heading\">Porque o sil\u00eancio \u00e9 poderoso?<\/h2>\n\n\n<p><\/p>Falar sem pensar, agir sem refletir, reagir em vez de sentir. A aus\u00eancia de sil\u00eancio nos desconecta do momento presente. O sil\u00eancio verdadeiro \u00e9 o espa\u00e7o onde curas come\u00e7am. Isso porque \u00e9 onde acessamos sensa\u00e7\u00f5es profundas, deixamos de resistir \u00e0 dor e paramos de fugir de n\u00f3s mesmos.<br \/>\n\n\n\n\n<h2 class=\"wp-block-heading\">Porque o sil\u00eancio incomoda as pessoas?<\/h2>\n\nPor que o sil\u00eancio incomoda? \u00c0s vezes, o sil\u00eancio \u00e9 estar consigo mesmo, com seus sentimentos e pensamentos, o que pode trazer uma s\u00e9rie de desconfortos. A mensagem que passamos quando evitamos o sil\u00eancio a todo custo \u00e9 que o vazio n\u00e3o \u00e9 bem-vindo.<br \/>\n\n\n\n\n<h2 class=\"wp-block-heading\">O que diz a psicologia sobre o sil\u00eancio?<\/h2>\n\n\n<p><\/p>O sil\u00eancio pode acalmar, ferir, amparar ou violentar. Em algumas ocasi\u00f5es pode trazer paz, em outras, tempestades. O sil\u00eancio tamb\u00e9m pode corresponder \u00e0 reflex\u00e3o, a um turbilh\u00e3o de pensamentos pulsando dentro de n\u00f3s. \u00c0s vezes, o sil\u00eancio \u00e9 solid\u00e3o, vazio, dor e tristeza.<br \/>\n\n\n\n\n<h2 class=\"wp-block-heading\">Por que o sil\u00eancio machuca tanto?<\/h2>\n\n\n<p><\/p>Um poder que machuca, que anula, que manipula. Quando a aus\u00eancia de palavras n\u00e3o vem como respeito, mas como retalia\u00e7\u00e3o, ela deixa de ser um espa\u00e7o de reflex\u00e3o para se tornar uma pris\u00e3o invis\u00edvel. O sil\u00eancio, quando usado como ferramenta de controle emocional, \u00e9 uma forma de viol\u00eancia psicol\u00f3gica.<br \/>\n\n\n\n\n<h2 class=\"wp-block-heading\">Porque o sil\u00eancio assusta?<\/h2>\n\n\n<p><\/p>O sil\u00eancio \u00e9 assustador n\u00e3o apenas por ser desconhecido, mas tamb\u00e9m porque abre a porta para uma s\u00e9rie de pensamentos, sensa\u00e7\u00f5es e emo\u00e7\u00f5es que o ru\u00eddo mant\u00e9m \u00e0 dist\u00e2ncia. Como diz Steven, o sil\u00eancio pode ser como &#8220;ficar trancado em um quarto com seu cr\u00edtico mais severo&#8221;.<br \/>\n\n\n\n\n<h2 class=\"wp-block-heading\">Porque o sil\u00eancio incomoda tanto?<\/h2>\n\n\n<p><\/p>Por que o sil\u00eancio incomoda? \u00c0s vezes, o sil\u00eancio \u00e9 estar consigo mesmo, com seus sentimentos e pensamentos, o que pode trazer uma s\u00e9rie de desconfortos. A mensagem que passamos quando evitamos o sil\u00eancio a todo custo \u00e9 que o vazio n\u00e3o \u00e9 bem-vindo.<br \/>\n\n\n\n\n<h2 class=\"wp-block-heading\">O que significa o sil\u00eancio \u00e9 a melhor resposta?<\/h2>\n\nMuitas vezes deparamo-nos com situa\u00e7\u00f5es na vida em que o sil\u00eancio \u00e9 a melhor resposta, a \u00fanica forma de fazer com a outra pessoa perceba que n\u00e3o vamos mais insistir, que estamos prontos para desistir. Optamos pelo sil\u00eancio quando as nossas palavras j\u00e1 n\u00e3o encontram abrigo dentro das certezas dos outros.<br \/>\n\n\n\n\n<h2 class=\"wp-block-heading\">Por que se diz que o sil\u00eancio \u00e9 a melhor resposta?<\/h2>\n\n\n<p><\/p>Em muitas ocasi\u00f5es, o sil\u00eancio \u00e9 a mais poderosa das respostas. Al\u00e9m disso, saber ouvir \u00e9 ferramenta importante de comunica\u00e7\u00e3o por denotar respeito por quem est\u00e1 falando. Sil\u00eancio bem utilizado mostra maturidade, humildade, poder sobre si mesma e for\u00e7a interior.<br \/>\n\n\n\n\n<h2 class=\"wp-block-heading\">O que significa o sil\u00eancio tamb\u00e9m \u00e9 resposta?<\/h2>\n\n\n<p><\/p>E sim, o sil\u00eancio tamb\u00e9m \u00e9 resposta. N\u00e3o aquela que esper\u00e1vamos, mas \u00e9. \u00c9 aquele sil\u00eancio que fala, que diz claramente: do outro lado, h\u00e1 algu\u00e9m que, por uma raz\u00e3o, n\u00e3o est\u00e1 dispon\u00edvel para voc\u00ea. Mesmo que o status esteja dispon\u00edvel ou online o tempo todo, n\u00e3o h\u00e1 inten\u00e7\u00e3o alguma em resposta.<br \/>\n\n\n\n\n<h2 class=\"wp-block-heading\">O que quer dizer o sil\u00eancio como resposta?<\/h2>\n\n\n<p><\/p>O sil\u00eancio j\u00e1 \u00e9 uma resposta, por mais dolorosa que seja. Seja em uma entrevista, em um feedback, em um projeto pendente ou at\u00e9 mesmo em quest\u00f5es pessoais. N\u00e3o receber uma resposta j\u00e1 \u00e9 uma resposta. Ela \u00e9 tosca, desrespeitosa e a pior maneira de responder a algu\u00e9m, mas n\u00e3o deixa de ser uma resposta.<br \/>\n\n\n\n\n<h2 class=\"wp-block-heading\">O que o sil\u00eancio de uma pessoa quer dizer?<\/h2>\n\n\n<p><\/p>O sil\u00eancio pode acalmar, ferir, amparar ou violentar. Em algumas ocasi\u00f5es pode trazer paz, em outras, tempestades. O sil\u00eancio tamb\u00e9m pode corresponder \u00e0 reflex\u00e3o, a um turbilh\u00e3o de pensamentos pulsando dentro de n\u00f3s. \u00c0s vezes, o sil\u00eancio \u00e9 solid\u00e3o, vazio, dor e tristeza.<br \/>\n\n\n\n\n<h2 class=\"wp-block-heading\">O que o sil\u00eancio nos ensina?<\/h2>\n\n\n<p><\/p>Ele nos permite experimentar novas sensa\u00e7\u00f5es e tamb\u00e9m as preocupa\u00e7\u00f5es com alguma situa\u00e7\u00e3o, ou a mem\u00f3ria de algum fato importante, um sentimento forte que est\u00e1 nos deixando inquietos.<br \/>\n\n\n\n\n<h2 class=\"wp-block-heading\">Qual \u00e9 o discurso mais famoso de Luther King?<\/h2>\n\nMartin Luther King Jr. discursou mais de duas mil vezes durante a sua vida. Entre suas palavras mais marcantes est\u00e1 o discurso &#8220;I Have a Dream&#8221; (&#8220;Eu tenho um sonho2), que foi proferido no Lincoln Memorial durante a Marcha sobre Washington (nos Estados Unidos), como mostra a foto.<br \/>\n\n\n\n\n<h2 class=\"wp-block-heading\">Qual o discurso mais famoso de Martin Luther King?<\/h2>\n\n\n<p><\/p>Martin Luther King Jr. discursou mais de duas mil vezes durante a sua vida. Entre suas palavras mais marcantes est\u00e1 o discurso &#8220;I Have a Dream&#8221; (&#8220;Eu tenho um sonho2), que foi proferido no Lincoln Memorial durante a Marcha sobre Washington (nos Estados Unidos), como mostra a foto.<br \/>\n\n\n\n\n<h2 class=\"wp-block-heading\">Qual foi a frase mais famosa de Luther King?<\/h2>\n\n\n<p><\/p>\u201cN\u00e3o h\u00e1 nada mais tr\u00e1gico neste mundo do que saber o que \u00e9 certo e n\u00e3o faz\u00ea-lo. Que tal mudarmos o mundo come\u00e7ando por n\u00f3s mesmos?\u201d<br \/>\n\n\n\n\n<h2 class=\"wp-block-heading\">Qual o discurso mais famoso do mundo?<\/h2>\n\n\n<p><\/p>\n\n<ul class=\"wp-block-list\">\n<li>1 \u2013 Martin Luther King \u2013 Eu Tenho Um Sonho<\/li>\n<li> Esse \u00e9 um cl\u00e1ssico discurso e que faz parte das melhores lembran\u00e7as da maioria das pessoas. Diversos especialistas da \u00e1rea de Orat\u00f3ria fazem refer\u00eancia para as famosas frases de King, colocando este momento como um dos mais grandiosos em mat\u00e9ria da arte de falar em p\u00fablico.<\/li>\n<\/ul>\n\n\n\n\n<h2 class=\"wp-block-heading\">Qual foi o principal tema do discurso de Martin Luther King?<\/h2>\n\n\n<p><\/p>O discurso foi intitulado \u201cEu tenho um sonho\u201d e nele Luther King expressou o seu anseio: o desejo de que todos os americanos fossem julgados n\u00e3o pela cor da pele, mas pelas suas a\u00e7\u00f5es, pelo seu car\u00e1ter. Pouco tempo depois dessa manifesta\u00e7\u00e3o e desse discurso, o Congresso aprovou os direitos civis para os negros.<br \/>\n\n\n\n\n<h2 class=\"wp-block-heading\">Qual foi a frase de Martinho Lutero?<\/h2>\n\nA f\u00e9 nada tem de ti pr\u00f3prio, mas tem apenas a obra e vida de Cristo. A f\u00e9 n\u00e3o descansa nem tira f\u00e9rias. A f\u00e9 n\u00e3o proporciona somente que a alma se torne igual \u00e0 palavra, a saber, cheia de gra\u00e7a, livre e bem-aventurada, mas tamb\u00e9m une a alma a Cristo.<br \/>\n\n\n\n\n<h2 class=\"wp-block-heading\">Qual era o lema de Lutero?<\/h2>\n\n\n<p><\/p>O lema latino era &#8220;extra ecclesiam nulla salus&#8221;, ou seja, vigorava a ideia de que n\u00e3o havia salva\u00e7\u00e3o que fosse fora da Igreja. &#8220;Lutero n\u00e3o queria romper com a Igreja, mas ele rompe com isso, com essa ideia.<br \/>\n\n\n\n\n<h2 class=\"wp-block-heading\">O que Martinho Lutero disse antes de morrer?<\/h2>\n\n\n<p><\/p>Reza a hist\u00f3ria que antes de morrer fez uma profecia: &#8216;hoje voc\u00eas est\u00e3o assando um ganso magro, mas no futuro, em cem anos, um cisne ir\u00e1 cantar. Este cisne voc\u00eas n\u00e3o v\u00e3o poder assar, nem t\u00e3o pouco prend\u00ea-lo com armadilhas&#8217;.<br \/>\n\n\n\n\n<h2 class=\"wp-block-heading\">O que Lutero dizia?<\/h2>\n\n\n<p><\/p>Lutero insistiu que, uma vez que o perd\u00e3o era concedido somente por Deus, aqueles que alegavam que as indulg\u00eancias absolviam os compradores de todas as puni\u00e7\u00f5es e lhes concediam a salva\u00e7\u00e3o estavam errados. Os crist\u00e3os, disse ele, n\u00e3o devem afrouxar em seguir a Cristo por conta de tais falsas garantias.<br \/>\n\n\n\n\n<h2 class=\"wp-block-heading\">O que disse Martinho Lutero?<\/h2>\n\n\n<p><\/p>Em 31 de outubro de 1517, Lutero afixou 95 teses na porta da Igreja do Castelo de Wittenberg. Basicamente, ele questionava esse com\u00e9rcio de gra\u00e7as e o poder absoluto da Igreja na f\u00e9 popular \u2014 e afirmava que a B\u00edblia era o texto primordial que deveria ser considerado, acima de qualquer autoridade papal.<br \/>\n\n\n\n\n<h2 class=\"wp-block-heading\">O que Lutero dizia sobre a B\u00edblia?<\/h2>\n\n\n<p><\/p>\u201cA Igreja Cat\u00f3lica sustentava que apenas o clero poderia interpretar adequadamente a B\u00edblia. Mas Lutero mostrou que n\u00e3o era preciso de intermedi\u00e1rios entre Deus e os homens e permitiu que o povo pudesse ter acesso \u00e0 b\u00edblia. Ele mostrou que todos podiam receber sua f\u00e9 diretamente de Deus\u201d, explicou.<br \/>\n\n\n","protected":false},"excerpt":{"rendered":"<p>Qual \u00e9 a frase mais famosa de Luther King? \u201cN\u00e3o h\u00e1 nada mais tr\u00e1gico neste mundo do que saber o que \u00e9 certo e n\u00e3o faz\u00ea-lo. Que tal mudarmos o mundo come\u00e7ando por n\u00f3s mesmos?\u201d Qual a frase mais marcante de Martin Luther King? \u201cN\u00e3o h\u00e1 nada mais tr\u00e1gico neste mundo do que saber o [&hellip;]<\/p>\n","protected":false},"author":2,"featured_media":0,"comment_status":"open","ping_status":"closed","sticky":false,"template":"","format":"standard","meta":{"footnotes":""},"categories":[1],"tags":[],"class_list":["post-3246","post","type-post","status-publish","format-standard","hentry","category-conteudo"],"_links":{"self":[{"href":"https:\/\/ammabarbacena.com.br\/perguntas-frequentes\/wp-json\/wp\/v2\/posts\/3246","targetHints":{"allow":["GET"]}}],"collection":[{"href":"https:\/\/ammabarbacena.com.br\/perguntas-frequentes\/wp-json\/wp\/v2\/posts"}],"about":[{"href":"https:\/\/ammabarbacena.com.br\/perguntas-frequentes\/wp-json\/wp\/v2\/types\/post"}],"author":[{"embeddable":true,"href":"https:\/\/ammabarbacena.com.br\/perguntas-frequentes\/wp-json\/wp\/v2\/users\/2"}],"replies":[{"embeddable":true,"href":"https:\/\/ammabarbacena.com.br\/perguntas-frequentes\/wp-json\/wp\/v2\/comments?post=3246"}],"version-history":[{"count":1,"href":"https:\/\/ammabarbacena.com.br\/perguntas-frequentes\/wp-json\/wp\/v2\/posts\/3246\/revisions"}],"predecessor-version":[{"id":3247,"href":"https:\/\/ammabarbacena.com.br\/perguntas-frequentes\/wp-json\/wp\/v2\/posts\/3246\/revisions\/3247"}],"wp:attachment":[{"href":"https:\/\/ammabarbacena.com.br\/perguntas-frequentes\/wp-json\/wp\/v2\/media?parent=3246"}],"wp:term":[{"taxonomy":"category","embeddable":true,"href":"https:\/\/ammabarbacena.com.br\/perguntas-frequentes\/wp-json\/wp\/v2\/categories?post=3246"},{"taxonomy":"post_tag","embeddable":true,"href":"https:\/\/ammabarbacena.com.br\/perguntas-frequentes\/wp-json\/wp\/v2\/tags?post=3246"}],"curies":[{"name":"wp","href":"https:\/\/api.w.org\/{rel}","templated":true}]}}