{"id":3222,"date":"2025-07-17T14:16:18","date_gmt":"2025-07-17T14:16:18","guid":{"rendered":"http:\/\/46351034-d9e0-48c4-a250-d363ab744c71"},"modified":"2025-07-17T14:16:18","modified_gmt":"2025-07-17T14:16:18","slug":"o-que-e-programa-pride-amil","status":"publish","type":"post","link":"https:\/\/ammabarbacena.com.br\/perguntas-frequentes\/o-que-e-programa-pride-amil\/","title":{"rendered":"O que \u00e9 programa pride amil"},"content":{"rendered":"\n\n<h2 class=\"wp-block-heading\">O que \u00e9 o programa PRIDE?<\/h2>\n\n\n\n<h2 class=\"wp-block-heading\">O que \u00e9 o programa Pride da Amil?<\/h2>\n\n\n<p><\/p>Conhe\u00e7a o programa que oferece orienta\u00e7\u00e3o de profissionais especializados para o cuidado gestacional e de sa\u00fade para crian\u00e7as entre zero e dois anos completos. Do pr\u00e9-natal ao puerp\u00e9rio, at\u00e9 a primeira inf\u00e2ncia, o programa conta com treinamentos, dicas e todo apoio \u00e0s m\u00e3es e pais nessa fase t\u00e3o importante da vida.<br \/>\n\n\n\n\n<h2 class=\"wp-block-heading\">O que \u00e9 o programa Pride Telemedicina?<\/h2>\n\n\n<p><\/p>A telemedicina \u00e9 uma forma inovadora de presta\u00e7\u00e3o de servi\u00e7os m\u00e9dicos que utiliza a tecnologia para permitir consultas m\u00e9dicas remotas. Com ela, os pacientes podem se conectar com m\u00e9dicos qualificados sem sair de suas casas.<br \/>\n\n\n\n\n<h2 class=\"wp-block-heading\">O que \u00e9 programa Pride telemedicina da Amil?<\/h2>\n\nA telemedicina da Amil facilita o agendamento de consultas m\u00e9dicas online de forma r\u00e1pida e pr\u00e1tica. O cliente consegue escolher o m\u00e9dico ou enfermeiro dispon\u00edvel no hor\u00e1rio desejado, com agendamentos poss\u00edveis a qualquer momento.<br \/>\n\n\n\n\n<h2 class=\"wp-block-heading\">O que \u00e9 o programa Pride telemedicina Amil?<\/h2>\n\n\n<p><\/p>A telemedicina Amil foi desenvolvida para oferecer praticidade no atendimento m\u00e9dico remoto. O processo \u00e9 simples e eficiente, permitindo que os segurados tenham acesso a servi\u00e7os m\u00e9dicos sem precisar sair de casa.<br \/>\n\n\n\n\n<h2 class=\"wp-block-heading\">O que \u00e9 o programa de emagrecimento da Amil?<\/h2>\n\nEm 2023, o programa acompanhou mais de 10 mil pacientes. Os cuidados se iniciam com a proposta de Emagrecimento Cl\u00ednico, onde os participantes s\u00e3o acompanhados durante um ano, de forma presencial e online, por m\u00e9dicos de diferentes especialidades, nutricionistas e psic\u00f3logos.<br \/>\n\n\n\n\n<h2 class=\"wp-block-heading\">Como funciona o programa de emagrecimento?<\/h2>\n\n\n<p><\/p>Quando uma pessoa inicia um programa de emagrecimento, seu corpo passa por uma s\u00e9rie de ajustes metab\u00f3licos. Esses ajustes s\u00e3o necess\u00e1rios para que a perda de peso ocorra de forma saud\u00e1vel e efetiva.<br \/>\n\n\n\n\n<h2 class=\"wp-block-heading\">Como conseguir bari\u00e1trica pela Amil?<\/h2>\n\n\n<p><\/p>O paciente deve apresentar um IMC acima de 40 ou IMC acima de 35 associado a comorbidades graves, como diabetes ou hipertens\u00e3o.<br \/>\n\n\n\n\n<h2 class=\"wp-block-heading\">O que \u00e9 PAT da Amil?<\/h2>\n\n\n<p><\/p>Clique aqui e acesse o PDF e conhe\u00e7a como aderir ao Programa de Ades\u00e3o ao Tratamento (PAT) da Amil, que \u00e9 um servi\u00e7o que auxilia pacientes com doen\u00e7as cr\u00f4nicas na renova\u00e7\u00e3o de receitas m\u00e9dicas e guias em domic\u00edlio.<br \/>\n\n\n\n\n<h2 class=\"wp-block-heading\">Quanto custa um programa de emagrecimento?<\/h2>\n\n\n<p><\/p>R$ 1.533,00.<br \/>\n\n\n\n\n<h2 class=\"wp-block-heading\">Quais s\u00e3o as 4 fases do emagrecimento?<\/h2>\n\n\n<p><\/p>\n\n<ul class=\"wp-block-list\">\n<li>Per\u00edodo de perda de peso ativo. Essa fase do emagrecimento corresponde ao per\u00edodo de 4 a 6 meses de tratamento. &#8230;<\/li>\n<li>Per\u00edodo de efeito plat\u00f4 &#8230;<\/li>\n<li>Per\u00edodo de manuten\u00e7\u00e3o.<\/li>\n<\/ul>\n\n\n\n\n<h2 class=\"wp-block-heading\">O que \u00e9 programa de primeiros cuidados?<\/h2>\n\nO Programa Primeiros Cuidados, exclusivo para benefici\u00e1rios Amil, orienta pais e m\u00e3es sobre os cuidados gestacionais e da sa\u00fade da crian\u00e7a entre zero e quatro anos completos. O acompanhamento conta com treinamentos, dicas e todo o apoio de profissionais de sa\u00fade especializados nesse atendimento.<br \/>\n\n\n\n\n<h2 class=\"wp-block-heading\">Qual \u00e9 o programa Amil para gestantes?<\/h2>\n\n\n<p><\/p>Podem aderir ao Programa Primeiros Cuidados gestantes e m\u00e3es de beb\u00eas e crian\u00e7as com at\u00e9 4 anos, 11 meses e 29 dias. A inscri\u00e7\u00e3o \u00e9 feita pelo Amil Ligue Sa\u00fade &#8211; 0800-073-2121. Voc\u00ea, que \u00e9 m\u00e9dico da rede Amil, pode divulgar e encaminhar seus pacientes para o nosso programa.<br \/>\n\n\n\n\n<h2 class=\"wp-block-heading\">Qual o melhor plano de sa\u00fade para quem quer engravidar?<\/h2>\n\n\n<p><\/p>Para quem deseja engravidar, o melhor plano \u00e9 aquele que possui cobertura para obstetr\u00edcia e esteja associado ao ambulatorial e ao hospitalar, ou seja, com cobertura para consultas, exames e interna\u00e7\u00e3o.<br \/>\n\n\n\n\n<h2 class=\"wp-block-heading\">O que \u00e9 o Programa Primeiros Cuidados da Amil?<\/h2>\n\n\n<p><\/p>O Programa Primeiros Cuidados, exclusivo para benefici\u00e1rios Amil, orienta pais e m\u00e3es sobre os cuidados gestacionais e da sa\u00fade da crian\u00e7a entre zero e quatro anos completos. O acompanhamento conta com treinamentos, dicas e todo o apoio de profissionais de sa\u00fade especializados nesse atendimento.<br \/>\n\n\n\n\n<h2 class=\"wp-block-heading\">Qual o valor do parto na Amil?<\/h2>\n\n\n<p><\/p><p>Descri\u00e7\u00e3o do procedimento | Consulta | ** Parto normal<\/p><table border=\"1\"><tr><td>Amil One S2500 (R1)<\/td><td>R$360,00<\/td><td>R$9.614,00<\/td><\/tr><tr><td>Amil One S2500 (R2)<\/td><td>R$440,00<\/td><td>R$15.912,50<\/td><\/tr><tr><td>Amil One S6500 Black (R1)<\/td><td>R$440,00<\/td><td>R$15.912,50<\/td><\/tr><tr><td>Amil One S6500 Black (R2)<\/td><td>R$600,00<\/td><td>R$20.719,50<\/td><\/tr><\/table><br \/>\n\n\n\n\n<h2 class=\"wp-block-heading\">O que significa ser pride?<\/h2>\n\nOrgulho \u00e9 uma emo\u00e7\u00e3o secund\u00e1ria humana caracterizada por um sentimento de satisfa\u00e7\u00e3o com a pr\u00f3pria identidade , desempenho ou realiza\u00e7\u00f5es. \u00c9 frequentemente considerado o oposto da vergonha ou da humildade e, dependendo do contexto, pode ser visto como virtude ou v\u00edcio .<br \/>\n\n\n\n\n<h2 class=\"wp-block-heading\">O que \u00e9 uma pessoa pride?<\/h2>\n\n\n<p><\/p>Esta express\u00e3o \u00e9 muito utilizada em ingl\u00eas. Ao p\u00e9 da letra, a tradu\u00e7\u00e3o \u00e9 \u201corgulho e alegria\u201d, mas ela equivale \u00e0 nossa express\u00e3o \u201c(meu) orgulho\u201d. Dizer que algu\u00e9m \u00e9 (my) pride and joy significa que esta pessoa faz com que eu sinta grande orgulho ou satisfa\u00e7\u00e3o.<br \/>\n\n\n\n\n<h2 class=\"wp-block-heading\">O que significa a express\u00e3o &#8220;Pride&#8221;?<\/h2>\n\n\n<p><\/p>orgulho m. The champion held the trophy with pride.<br \/>\n\n\n\n\n<h2 class=\"wp-block-heading\">Qual o significado do nome pride?<\/h2>\n\n\n<p><\/p>\n\n<ul class=\"wp-block-list\">\n<li>pride {substantivo}<\/li>\n<li> orgulho {m.}<\/li>\n<\/ul>\n\n\n\n\n<h2 class=\"wp-block-heading\">O que significa LGBT pride?<\/h2>\n\n\n<p><\/p>Orgulho LGBT+ \u00e9 o conceito segundo o qual l\u00e9sbicas, gays, bissexuais, transg\u00e9nero e, por vezes, outros grupos tipicamente ligados \u00e0 comunidade LGBT, como pessoas intersexo, devem ter orgulho de quem s\u00e3o e da identidade que possuem como parte de LGBT+.<br \/>\n\n\n\n\n<h2 class=\"wp-block-heading\">O que \u00e9 uma festa pride?<\/h2>\n\n\n<p><\/p>Uma parada do orgulho (tamb\u00e9m conhecida como evento do orgulho , festival do orgulho , marcha do orgulho ou protesto do orgulho ) \u00e9 um evento que celebra a aceita\u00e7\u00e3o social e a autoaceita\u00e7\u00e3o de l\u00e9sbicas , gays , bissexuais , transg\u00eaneros e queer ( LGBTQ ), conquistas, direitos legais e orgulho .<br \/>\n\n\n\n\n<h2 class=\"wp-block-heading\">O que \u00e9 uma pessoa ser LGBT?<\/h2>\n\n\n<p><\/p>Com isso, LGBTQIA+ se tornou um acr\u00f4nimo para l\u00e9sbicas, gays, bissexuais, transg\u00eaneros e queer, com um sinal &#8220;+&#8221; para reconhecer as orienta\u00e7\u00f5es sexuais ilimitadas e identidades de g\u00eanero usadas pelos membros dessa comunidade.<br \/>\n\n\n\n\n<h2 class=\"wp-block-heading\">O que significa &#8220;no pride&#8221; em portugu\u00eas?<\/h2>\n\norgulho m. The champion held the trophy with pride.<br \/>\n\n\n\n\n<h2 class=\"wp-block-heading\">O que \u00e9 pride em ingl\u00eas?<\/h2>\n\n\n<p><\/p>orgulho m. The champion held the trophy with pride.<br \/>\n\n\n\n\n<h2 class=\"wp-block-heading\">O que significa a palavra &#8220;proud&#8221; em ingl\u00eas?<\/h2>\n\n\n<p><\/p>orgulhoso adj (orgulhosa f sing, orgulhosos m pl, orgulhosas f pl)<br \/>\n\n\n\n\n<h2 class=\"wp-block-heading\">O que \u00e9 ser pride?<\/h2>\n\n\n<p><\/p>substantivo. reconhecimento da identidade LGBTQ, afirma\u00e7\u00e3o da igualdade de direitos e celebra\u00e7\u00e3o da visibilidade, dignidade e diversidade na comunidade LGBTQ (anteriormente chamada de Orgulho Gay ).<br \/>\n\n\n","protected":false},"excerpt":{"rendered":"<p>O que \u00e9 o programa PRIDE? O que \u00e9 o programa Pride da Amil? Conhe\u00e7a o programa que oferece orienta\u00e7\u00e3o de profissionais especializados para o cuidado gestacional e de sa\u00fade para crian\u00e7as entre zero e dois anos completos. Do pr\u00e9-natal ao puerp\u00e9rio, at\u00e9 a primeira inf\u00e2ncia, o programa conta com treinamentos, dicas e todo apoio [&hellip;]<\/p>\n","protected":false},"author":2,"featured_media":0,"comment_status":"open","ping_status":"closed","sticky":false,"template":"","format":"standard","meta":{"footnotes":""},"categories":[1],"tags":[],"class_list":["post-3222","post","type-post","status-publish","format-standard","hentry","category-conteudo"],"_links":{"self":[{"href":"https:\/\/ammabarbacena.com.br\/perguntas-frequentes\/wp-json\/wp\/v2\/posts\/3222","targetHints":{"allow":["GET"]}}],"collection":[{"href":"https:\/\/ammabarbacena.com.br\/perguntas-frequentes\/wp-json\/wp\/v2\/posts"}],"about":[{"href":"https:\/\/ammabarbacena.com.br\/perguntas-frequentes\/wp-json\/wp\/v2\/types\/post"}],"author":[{"embeddable":true,"href":"https:\/\/ammabarbacena.com.br\/perguntas-frequentes\/wp-json\/wp\/v2\/users\/2"}],"replies":[{"embeddable":true,"href":"https:\/\/ammabarbacena.com.br\/perguntas-frequentes\/wp-json\/wp\/v2\/comments?post=3222"}],"version-history":[{"count":1,"href":"https:\/\/ammabarbacena.com.br\/perguntas-frequentes\/wp-json\/wp\/v2\/posts\/3222\/revisions"}],"predecessor-version":[{"id":3223,"href":"https:\/\/ammabarbacena.com.br\/perguntas-frequentes\/wp-json\/wp\/v2\/posts\/3222\/revisions\/3223"}],"wp:attachment":[{"href":"https:\/\/ammabarbacena.com.br\/perguntas-frequentes\/wp-json\/wp\/v2\/media?parent=3222"}],"wp:term":[{"taxonomy":"category","embeddable":true,"href":"https:\/\/ammabarbacena.com.br\/perguntas-frequentes\/wp-json\/wp\/v2\/categories?post=3222"},{"taxonomy":"post_tag","embeddable":true,"href":"https:\/\/ammabarbacena.com.br\/perguntas-frequentes\/wp-json\/wp\/v2\/tags?post=3222"}],"curies":[{"name":"wp","href":"https:\/\/api.w.org\/{rel}","templated":true}]}}