{"id":2920,"date":"2025-07-17T13:20:44","date_gmt":"2025-07-17T13:20:44","guid":{"rendered":"http:\/\/aedd6b1a-9aae-47d7-95c7-012469aa6026"},"modified":"2025-07-17T13:20:44","modified_gmt":"2025-07-17T13:20:44","slug":"o-que-e-membracel","status":"publish","type":"post","link":"https:\/\/ammabarbacena.com.br\/perguntas-frequentes\/o-que-e-membracel\/","title":{"rendered":"O que \u00e9 membracel"},"content":{"rendered":"\n\n<h2 class=\"wp-block-heading\">O que \u00e9 Membracel e para que serve?<\/h2>\n\n\n\n<h2 class=\"wp-block-heading\">Para que \u00e9 indicado Membracel?<\/h2>\n\n\n<p><\/p>Ideal para feridas de espessura parcial a total, \u00falceras por press\u00e3o, \u00falceras arteriais, \u00falceras venosas, \u00falceras p\u00f3s-cir\u00fargicas, queimaduras de 1\u00ba e 2\u00ba graus, \u00e1reas doadoras de enxerto.<br \/>\n\n\n\n\n<h2 class=\"wp-block-heading\">Por quantos dias o Membracel pode ficar em contato com a pele?<\/h2>\n\n\n<p><\/p>A troca do curativo depende das condi\u00e7\u00f5es das feridas, o tempo m\u00e9dio de troca \u00e9 de 5 dias, podendo ficar at\u00e9 12 dias em contato com a pele se n\u00e3o houver desprendimento ; Est\u00e9ril.<br \/>\n\n\n\n\n<h2 class=\"wp-block-heading\">Quem j\u00e1 usou Membracel?<\/h2>\n\n\n<p><\/p>Tentei v\u00e1rios tratamentos at\u00e9 conhecer a Membracel. O resultado j\u00e1 pode ser percebido na primeira semana de uso. Com apenas 3 aplica\u00e7\u00f5es, pude parar com os antibi\u00f3ticos e as pomadas. S\u00f3 tenho a agradecer por ter conhecido essa membrana maravilhosa, que me ajudou a ter uma cicatriza\u00e7\u00e3o t\u00e3o r\u00e1pida e eficaz.<br \/>\n\n\n\n\n<h2 class=\"wp-block-heading\">Como tomar banho com Membracel?<\/h2>\n\n\n<p><\/p>Posso tomar banho com a Membracel? N\u00e3o recomendamos molhar a Membracel, pois a \u00e1gua pode prejudicar a ader\u00eancia da membrana ao leito da les\u00e3o. Al\u00e9m disso, a \u00e1gua do banho cont\u00e9m sujidades que podem contaminar a les\u00e3o. Sempre proteja o curativo com material imperme\u00e1vel (como pl\u00e1stico filme).<br \/>\n\n\n\n\n<h2 class=\"wp-block-heading\">Quantos dias pode ficar com o Membracel?<\/h2>\n\nA troca do curativo depende das condi\u00e7\u00f5es das feridas, o tempo m\u00e9dio de troca \u00e9 de 5 dias, podendo ficar at\u00e9 12 dias em contato com a pele se n\u00e3o houver desprendimento ; Est\u00e9ril.<br \/>\n\n\n\n\n<h2 class=\"wp-block-heading\">Qual \u00e9 o tempo de troca do Membracel?<\/h2>\n\n\n<p><\/p>O prazo de validade dos produtos Membracel \u00e9 de cinco anos. Caso o seu produto esteja com o prazo de validade vencido, entre em contato e efetuaremos a troca do produto.<br \/>\n\n\n\n\n<h2 class=\"wp-block-heading\">Como retirar o curativo membracel?<\/h2>\n\n\n<p><\/p>Basta fazer a limpeza (sem retirar a membrana) e sec\u00e1-la. Conforme a pele for cicatrizando, a Membracel se soltar\u00e1 naturalmente. Em les\u00f5es mais complexas e profundas, o tempo m\u00e1ximo de perman\u00eancia da Membrana \u00e9 de 7 dias. Se nesse per\u00edodo n\u00e3o ocorrer a cicatriza\u00e7\u00e3o da pele, umede\u00e7a bem a membrana at\u00e9 que ela se solte.<br \/>\n\n\n\n\n<h2 class=\"wp-block-heading\">Quanto tempo o Membracel pode ficar na ferida?<\/h2>\n\n\n<p><\/p>A troca do curativo depende das condi\u00e7\u00f5es das feridas, o tempo m\u00e9dio de troca \u00e9 de 5 dias, podendo ficar at\u00e9 12 dias em contato com a pele se n\u00e3o houver desprendimento ; Est\u00e9ril.<br \/>\n\n\n\n\n<h2 class=\"wp-block-heading\">Pode tomar banho com Membracel?<\/h2>\n\n\n<p><\/p>Posso tomar banho com a Membracel ? N\u00e3o se recomenda molhar a membrana at\u00e9 ocorrer a total ader\u00eancia ao leito da les\u00e3o, por\u00e9m, ap\u00f3s a sua total integra\u00e7\u00e3o \u00e0 \u00e1rea lesionada, ela poder\u00e1 ser molhada sem que ocorra o seu descolamento e a exposi\u00e7\u00e3o da les\u00e3o.<br \/>\n\n\n\n\n<h2 class=\"wp-block-heading\">Como usar Membracel na unha?<\/h2>\n\nAbra o envelope e retire o produto com aux\u00edlio de materiais esterilizados (luvas e pin\u00e7a). Com aux\u00edlio de pin\u00e7a e gaze esterilizadas, assente a membrana sobre a regi\u00e3o lesionada. Acomode uma nova gaze esterilizada para absor\u00e7\u00e3o do exsudato expelido, fixa\u00e7\u00e3o e prote\u00e7\u00e3o.<br \/>\n\n\n\n\n<h2 class=\"wp-block-heading\">Como aplicar Membracel em uma unha?<\/h2>\n\n\n<p><\/p>Limpe a ferida com soro fisiol\u00f3gico e o aux\u00edlio de uma gaze. Aplique a Membracel sobre a parte exposta e umede\u00e7a-a com soro fisiol\u00f3gico para que a membrana se acomode ao leito da les\u00e3o. Cubra com gaze e prenda com fita microporosa.<br \/>\n\n\n\n\n<h2 class=\"wp-block-heading\">Como posso recuperar o leito ungueal da minha unha?<\/h2>\n\n\n<p><\/p>Envolve anestesiar todo o dedo e remover a unha para fornecer acesso ao leito ungueal, seguido pelo reparo com pontos absorv\u00edveis. Em adultos, isso pode ser feito com anestesia local, mas crian\u00e7as pequenas geralmente precisam de anestesia geral.<br \/>\n\n\n\n\n<h2 class=\"wp-block-heading\">O que \u00e9 Membracel unha?<\/h2>\n\n\n<p><\/p>A Membracel \u00e9 uma membrana de celulose bacteriana porosa para uso m\u00e9dico, capaz de substituir temporariamente a pele humana e promover a r\u00e1pida regenera\u00e7\u00e3o em les\u00f5es causadas por queimaduras, \u00falceras de membros inferiores ou em qualquer outra situa\u00e7\u00e3o onde ocorra a falta da epiderme ou da derme.<br \/>\n\n\n\n\n<h2 class=\"wp-block-heading\">Como funciona o Membracel?<\/h2>\n\nMembracel \u00e9 um curativo especial que substitui temporariamente a pele e acelera o processo de cicatriza\u00e7\u00e3o. Os poros da membrana permitem a drenagem do excesso de exsudato (secre\u00e7\u00e3o da les\u00e3o) para um curativo secund\u00e1rio, mantendo a umidade ideal no leito da les\u00e3o.<br \/>\n\n\n\n\n<h2 class=\"wp-block-heading\">Pode tomar banho com a Membracel?<\/h2>\n\n\n<p><\/p>Posso tomar banho com a Membracel? N\u00e3o recomendamos molhar a Membracel, pois a \u00e1gua pode prejudicar a ader\u00eancia da membrana ao leito da les\u00e3o. Al\u00e9m disso, a \u00e1gua do banho cont\u00e9m sujidades que podem contaminar a les\u00e3o.<br \/>\n\n\n\n\n<h2 class=\"wp-block-heading\">Algu\u00e9m j\u00e1 usou Membracel?<\/h2>\n\n\n<p><\/p>&#8220;Com a Membracel, em apenas 5 dias a ferida estava completamente fechada!&#8221; . . A Camila, de Florianopolis (SC), ficou impressionada com os r\u00e1pidos resultados da Membracel. . . A Membrana Regeneradora Porosa Membracel acelera a cicatriza\u00e7\u00e3o de diversos tipos de les\u00f5es de pele. Conhe\u00e7a a evolu\u00e7\u00e3o do curativo: www.<br \/>\n\n\n\n\n<h2 class=\"wp-block-heading\">Para que \u00e9 indicado o curativo membracel?<\/h2>\n\n\n<p><\/p>Membracel porosa \u00e9 indicada para os tratamentos preventivos e curativos de les\u00f5es resultantes da perda do epit\u00e9lio, especialmente as com grande potencial de infec\u00e7\u00e3o, que sejam caracterizadas como ferimento superficial ou profundo, com exsuda\u00e7\u00e3o abundante ou escassa, tais como: . Queimaduras da pele\/derme; .<br \/>\n\n\n\n\n<h2 class=\"wp-block-heading\">Pode usar pomada com Membracel?<\/h2>\n\nQuem nos esclarece isso \u00e9 o enfermeiro estomaterapeuta da Membracel, Antonio Rangel, que explica que o uso de pomadas ou cremes interfere na a\u00e7\u00e3o da membrana, impedindo sua ader\u00eancia ao leito da ferida.<br \/>\n\n\n\n\n<h2 class=\"wp-block-heading\">A Membracel pode ser usada em feridas?<\/h2>\n\n\n<p><\/p>A Membracel pode ser usada em les\u00f5es e feridas de pele como: queimaduras, escoria\u00e7\u00f5es, les\u00f5es por press\u00e3o, \u00falceras arteriais e venosas, feridas do p\u00e9 diab\u00e9tico, feridas cir\u00fargica,s les\u00f5es causadas por epiderm\u00f3lise bolhosa, les\u00f5es p\u00f3s-cauteriza\u00e7\u00e3o ou laser ou qualquer outra situa\u00e7\u00e3o em que ocorra a falta da epiderme ou &#8230;<br \/>\n\n\n\n\n<h2 class=\"wp-block-heading\">Para que serve a pomada Membracel?<\/h2>\n\n\n<p><\/p>Membracel \u00e9 uma membrana porosa de celulose que atua como substituto tempor\u00e1rio da pele. \u00c9 indicada para feridas exsudativas, tais como queimaduras, \u00falceras, ferimentos cir\u00fargicos e outras les\u00f5es, promovendo regenera\u00e7\u00e3o tecidual, melhora na cicatriza\u00e7\u00e3o e al\u00edvio imediato da dor.<br \/>\n\n\n\n\n<h2 class=\"wp-block-heading\">Onde encontrar curativos Membracel?<\/h2>\n\nCurativo Membracel Vuelo Poros M\u00e9dios 5&#215;7.5cm | Droga Raia | Droga Raia.<br \/>\n\n\n\n\n<h2 class=\"wp-block-heading\">Onde encontrar o curativo membracel?<\/h2>\n\n\n<p><\/p>Curativo Membracel Vuelo Poros M\u00e9dios 5&#215;7.5cm | Droga Raia | Droga Raia.<br \/>\n\n\n\n\n<h2 class=\"wp-block-heading\">Pode molhar o curativo membracel?<\/h2>\n\n\n<p><\/p>N\u00e3o recomendamos molhar a Membracel, pois a \u00e1gua pode prejudicar a ader\u00eancia da membrana ao leito da les\u00e3o. Al\u00e9m disso, a \u00e1gua do banho cont\u00e9m sujidades que podem contaminar a les\u00e3o. Sempre proteja o curativo com material imperme\u00e1vel (como pl\u00e1stico filme).<br \/>\n\n\n","protected":false},"excerpt":{"rendered":"<p>O que \u00e9 Membracel e para que serve? Para que \u00e9 indicado Membracel? Ideal para feridas de espessura parcial a total, \u00falceras por press\u00e3o, \u00falceras arteriais, \u00falceras venosas, \u00falceras p\u00f3s-cir\u00fargicas, queimaduras de 1\u00ba e 2\u00ba graus, \u00e1reas doadoras de enxerto. Por quantos dias o Membracel pode ficar em contato com a pele? A troca do [&hellip;]<\/p>\n","protected":false},"author":2,"featured_media":0,"comment_status":"open","ping_status":"closed","sticky":false,"template":"","format":"standard","meta":{"footnotes":""},"categories":[1],"tags":[],"class_list":["post-2920","post","type-post","status-publish","format-standard","hentry","category-conteudo"],"_links":{"self":[{"href":"https:\/\/ammabarbacena.com.br\/perguntas-frequentes\/wp-json\/wp\/v2\/posts\/2920","targetHints":{"allow":["GET"]}}],"collection":[{"href":"https:\/\/ammabarbacena.com.br\/perguntas-frequentes\/wp-json\/wp\/v2\/posts"}],"about":[{"href":"https:\/\/ammabarbacena.com.br\/perguntas-frequentes\/wp-json\/wp\/v2\/types\/post"}],"author":[{"embeddable":true,"href":"https:\/\/ammabarbacena.com.br\/perguntas-frequentes\/wp-json\/wp\/v2\/users\/2"}],"replies":[{"embeddable":true,"href":"https:\/\/ammabarbacena.com.br\/perguntas-frequentes\/wp-json\/wp\/v2\/comments?post=2920"}],"version-history":[{"count":1,"href":"https:\/\/ammabarbacena.com.br\/perguntas-frequentes\/wp-json\/wp\/v2\/posts\/2920\/revisions"}],"predecessor-version":[{"id":2921,"href":"https:\/\/ammabarbacena.com.br\/perguntas-frequentes\/wp-json\/wp\/v2\/posts\/2920\/revisions\/2921"}],"wp:attachment":[{"href":"https:\/\/ammabarbacena.com.br\/perguntas-frequentes\/wp-json\/wp\/v2\/media?parent=2920"}],"wp:term":[{"taxonomy":"category","embeddable":true,"href":"https:\/\/ammabarbacena.com.br\/perguntas-frequentes\/wp-json\/wp\/v2\/categories?post=2920"},{"taxonomy":"post_tag","embeddable":true,"href":"https:\/\/ammabarbacena.com.br\/perguntas-frequentes\/wp-json\/wp\/v2\/tags?post=2920"}],"curies":[{"name":"wp","href":"https:\/\/api.w.org\/{rel}","templated":true}]}}