{"id":2814,"date":"2025-07-17T13:02:08","date_gmt":"2025-07-17T13:02:08","guid":{"rendered":"http:\/\/03eeaa8d-1e25-4056-a1d8-986020c2a63e"},"modified":"2025-07-17T13:02:08","modified_gmt":"2025-07-17T13:02:08","slug":"o-que-e-preensao-palmar","status":"publish","type":"post","link":"https:\/\/ammabarbacena.com.br\/perguntas-frequentes\/o-que-e-preensao-palmar\/","title":{"rendered":"O que \u00e9 preens\u00e3o palmar"},"content":{"rendered":"\n\n<h2 class=\"wp-block-heading\">O que preensao palmar?<\/h2>\n\nO reflexo de preens\u00e3o palmar (ou reflexo de preens\u00e3o ) \u00e9 um reflexo primitivo e involunt\u00e1rio encontrado em beb\u00eas humanos e na maioria dos primatas. Quando um objeto, como um dedo adulto, \u00e9 colocado na palma da m\u00e3o de um beb\u00ea , os dedos do beb\u00ea agarram o objeto reflexivamente.<br \/>\n\n\n\n\n<h2 class=\"wp-block-heading\">O que significa preens\u00e3o palmar?<\/h2>\n\n\n<p><\/p>O reflexo de preens\u00e3o palmar \u00e9 um dos muitos reflexos primitivos dos beb\u00eas \u2014 um padr\u00e3o de movimento involunt\u00e1rio com o qual todos nascemos. Voc\u00ea sabe como os beb\u00eas basicamente t\u00eam uma pegada mortal \u2014 eles conseguem agarrar seu dedo, seu cabelo, suas roupas \u2014 \u00e9 o reflexo palmar em a\u00e7\u00e3o!<br \/>\n\n\n\n\n<h2 class=\"wp-block-heading\">Para que serve o teste de preens\u00e3o palmar?<\/h2>\n\n\n<p><\/p>Outro teste com essa caracter\u00edstica \u00e9 o teste de preens\u00e3o palmar. Este teste mensura a for\u00e7a dos m\u00fasculos do antebra\u00e7o e da m\u00e3o, e \u00e9 uma forma indireta de se mensurar a for\u00e7a global do indiv\u00edduo.<br \/>\n\n\n\n\n<h2 class=\"wp-block-heading\">O que \u00e9 a for\u00e7a de preens\u00e3o palmar?<\/h2>\n\n\n<p><\/p>A for\u00e7a de preens\u00e3o palmar \u00e9 uma das fun\u00e7\u00f5es da m\u00e3o mais utilizadas na avalia\u00e7\u00e3o de casos das patologias dos membros superiores ; sua diminui\u00e7\u00e3o pode ser um indicador simples de uma afec\u00e7\u00e3o real(6).<br \/>\n\n\n\n\n<h2 class=\"wp-block-heading\">Quais s\u00e3o os tipos de preens\u00e3o?<\/h2>\n\n\n<p><\/p>Existem muitas classifica\u00e7\u00f5es citadas para os movimentos de preens\u00e3o, 1, 2 por\u00e9m s\u00e3o quatro os tipos recomendados para a avalia\u00e7\u00e3o funcional com dinam\u00f4metros: a preens\u00e3o palmar, a pin\u00e7a polpa-a-polpa, a pin\u00e7a tr\u00edpode e a pin\u00e7a lateral.<br \/>\n\n\n\n\n<h2 class=\"wp-block-heading\">Como estimular a preens\u00e3o palmar?<\/h2>\n\n\n<p><\/p>\n\n<ul class=\"wp-block-list\">\n<li>Dicas de atividades para estimular a preens\u00e3o palmar<\/li>\n<li> As crian\u00e7as podem ajudar a amassar a massa de p\u00e3o, usar um espremedor de alho, desenrolar a massa de biscoito, descascar legumes e muito mais. Todas as tarefas que precisem amassar, apertar ou segurar com for\u00e7a s\u00e3o \u00f3timos est\u00edmulos.<\/li>\n<\/ul>\n\n\n\n\n<h2 class=\"wp-block-heading\">Para que serve a for\u00e7a de preensao palmar?<\/h2>\n\nA avalia\u00e7\u00e3o da for\u00e7a de preens\u00e3o manual (FPM) do tipo palmar \u00e9 frequentemente utilizada, especialmente, no \u00e2mbito fisioter\u00e1pico e desportivo. A busca por valores normativos tem sido foco de alguns estudos, mas os diferentes instrumentos e protocolos dificultam a generaliza\u00e7\u00e3o dos resultados.<br \/>\n\n\n\n\n<h2 class=\"wp-block-heading\">Para que serve o reflexo de preensao palmar?<\/h2>\n\n\n<p><\/p>O reflexo de preens\u00e3o palmar \u00e9 um dos muitos reflexos primitivos dos beb\u00eas \u2014 um padr\u00e3o de movimento involunt\u00e1rio com o qual todos nascemos.<br \/>\n\n\n\n\n<h2 class=\"wp-block-heading\">O que \u00e9 a for\u00e7a de preens\u00e3o?<\/h2>\n\n\n<p><\/p>A for\u00e7a de preens\u00e3o \u00e9 uma medida da for\u00e7a muscular ou da for\u00e7a\/tens\u00e3o m\u00e1xima gerada pelos m\u00fasculos do antebra\u00e7o. Pode ser usada como uma ferramenta de triagem para medir a for\u00e7a da parte superior do corpo e a for\u00e7a geral. \u00c9 mais \u00fatil quando v\u00e1rias medi\u00e7\u00f5es s\u00e3o realizadas ao longo do tempo para monitorar o desempenho.<br \/>\n\n\n\n\n<h2 class=\"wp-block-heading\">O que \u00e9 a preens\u00e3o palmar em beb\u00eas?<\/h2>\n\n\n\n<h2 class=\"wp-block-heading\">O que \u00e9 preens\u00e3o palmar no beb\u00ea?<\/h2>\n\n\n<p><\/p>O reflexo de preens\u00e3o palmar \u00e9 um dos muitos reflexos primitivos dos beb\u00eas \u2014 um padr\u00e3o de movimento involunt\u00e1rio com o qual todos nascemos.<br \/>\n\n\n\n\n<h2 class=\"wp-block-heading\">\u00c9 normal um beb\u00ea de 2 meses ficar com as m\u00e3os fechadas?<\/h2>\n\n\n<p><\/p>Ele \u00e9 uma resposta natural que ajuda a preparar as m\u00e3os para futuras habilidades motoras, como pegar objetos e manipul\u00e1-los. Esse reflexo primitivo \u00e9 mais forte nos primeiros meses de vida e geralmente desaparece entre 3 e 6 meses, quando \u00e9 substitu\u00eddo por movimentos volunt\u00e1rios.<br \/>\n\n\n\n\n<h2 class=\"wp-block-heading\">O que significa o reflexo de preens\u00e3o palmar?<\/h2>\n\n\n<p><\/p>O reflexo de preens\u00e3o palmar (ou reflexo de preens\u00e3o ) \u00e9 um reflexo primitivo e involunt\u00e1rio encontrado em beb\u00eas humanos e na maioria dos primatas. Quando um objeto, como um dedo adulto, \u00e9 colocado na palma da m\u00e3o de um beb\u00ea , os dedos do beb\u00ea agarram o objeto reflexivamente.<br \/>\n\n\n\n\n<h2 class=\"wp-block-heading\">Quais s\u00e3o as fases da preens\u00e3o palmar?<\/h2>\n\n\n<p><\/p>\n\n<ul class=\"wp-block-list\">\n<li>Preens\u00e3o cil\u00edndrica ou palmar : Aparece entre um ano e um ano e meio de idade. &#8230;<\/li>\n<li>Preens\u00e3o digital pronada: Aparece entre os 2 e 3 anos e os dedos seguram a ferramenta. &#8230;<\/li>\n<li>Pin\u00e7a quadr\u00edpode: Surge entre 3 e 4 anos e os 4 dedos participam na preens\u00e3o do l\u00e1pis.<\/li>\n<\/ul>\n\n\n\n\n<h2 class=\"wp-block-heading\">O que \u00e9 o teste de preens\u00e3o palmar?<\/h2>\n\nDiversos estudos tem demonstrado que o teste de preens\u00e3o palmar correlaciona-se com uma s\u00e9rie de comorbidades no idoso. Este teste utiliza-se de um dinam\u00f4metro de m\u00e3o que afere a for\u00e7a dos m\u00fasculos envolvidos na preens\u00e3o palmar, e \u00e9 extremamente simples e barato de ser realizado.<br \/>\n\n\n\n\n<h2 class=\"wp-block-heading\">O que \u00e9 a preens\u00e3o palmar?<\/h2>\n\n\n<p><\/p>A for\u00e7a de preens\u00e3o palmar \u00e9 uma forma de medirmos a for\u00e7a e fun\u00e7\u00e3o do m\u00fasculo da m\u00e3o e antebra\u00e7o. Sua avalia\u00e7\u00e3o pode ser feita atrav\u00e9s de um aparelho que se chama dinam\u00f4metro.<br \/>\n\n\n\n\n<h2 class=\"wp-block-heading\">Como \u00e9 feito o teste de preens\u00e3o?<\/h2>\n\n\n<p><\/p>A posi\u00e7\u00e3o para a avalia\u00e7\u00e3o da for\u00e7a de preens\u00e3o manual que a ASHT recomenda \u00e9 que o avaliado deva estar confortavelmente sentado, posicionado com o ombro levemente aduzido, o cotovelo fletido a 90\u00b0, o antebra\u00e7o em posi\u00e7\u00e3o neutra e, por fim, a posi\u00e7\u00e3o do punho pode variar de 0\u00b0 a 30\u00b0 de extens\u00e3o.<br \/>\n\n\n\n\n<h2 class=\"wp-block-heading\">Quando o reflexo de preens\u00e3o palmar some?<\/h2>\n\n\n<p><\/p>De modo geral, a suc\u00e7\u00e3o reflexa e a marcha reflexa desaparecem por volta dos dois meses de vida. Os outros reflexos arcaicos devem desaparecer at\u00e9 no m\u00e1ximo 6 meses de idade, exceto os dois reflexos dos p\u00e9s. A preens\u00e3o plantar desaparece aos 9 meses.<br \/>\n\n\n\n\n<h2 class=\"wp-block-heading\">Qual \u00e9 a for\u00e7a de preens\u00e3o palmar normal?<\/h2>\n\nEncontramos m\u00e9dia de for\u00e7a de preens\u00e3o palmar de 44,2kgf e 40,5kgf para o sexo masculino, lados dominante e n\u00e3o do- minante, respectivamente; 31,6kgf e 28,4kgf para os lados dominante e n\u00e3o dominante, respectivamente, para o sexo feminino.<br \/>\n\n\n\n\n<h2 class=\"wp-block-heading\">Qual \u00e9 a for\u00e7a m\u00e9dia da m\u00e3o humana?<\/h2>\n\n\n<p><\/p>Os valores por eles calculados da m\u00e9dia de preens\u00e3o palmar masculina s\u00e3o 42,8 kgf (dominante) e 40,7 kgf (n\u00e3o-dominante) &#8211; semelhantes \u00e0s aqui encontradas, de 43,6 kgf e 41,2 kgf, respectivamente; nas mulheres, as m\u00e9dias foram 31,4 kgf (dominante) e 29,3 kgf (n\u00e3o-dominante), ou 28% a menos de for\u00e7a do que os homens no &#8230;<br \/>\n\n\n\n\n<h2 class=\"wp-block-heading\">Qual a for\u00e7a do aperto de m\u00e3o?<\/h2>\n\n\n<p><\/p>14 avaliaram a FAM de 300 volunt\u00e1rios saud\u00e1veis, medida com dinam\u00f4metro Jamar\u00ae. Os resul- tados da FAM foram 38,9 \u00b1 10 kgf e 22 \u00b1 5,7 kgf na m\u00e3o dominante de homens e mulheres, respectivamente, e 36,4 \u00b1 10 kgf e 19,5 \u00b1 5,6 kgf na m\u00e3o n\u00e3o-dominante de homens e mulheres, respectivamente.<br \/>\n\n\n\n\n<h2 class=\"wp-block-heading\">O que \u00e9 for\u00e7a de preensao?<\/h2>\n\n\n<p><\/p>A for\u00e7a de preens\u00e3o \u00e9 uma medida da for\u00e7a muscular ou da for\u00e7a\/tens\u00e3o m\u00e1xima gerada pelos m\u00fasculos do antebra\u00e7o. Pode ser usada como uma ferramenta de triagem para medir a for\u00e7a da parte superior do corpo e a for\u00e7a geral. \u00c9 mais \u00fatil quando v\u00e1rias medi\u00e7\u00f5es s\u00e3o realizadas ao longo do tempo para monitorar o desempenho.<br \/>\n\n\n\n\n<h2 class=\"wp-block-heading\">Como medir a for\u00e7a de preens\u00e3o?<\/h2>\n\n\n<p><\/p>O indiv\u00edduo \u00e9 instru\u00eddo a segurar o dinam\u00f4metro com a m\u00e3o que deseja testar, posicionando o dispositivo de forma confort\u00e1vel. Em seguida, ele deve apertar o dinam\u00f4metro com a maior for\u00e7a poss\u00edvel por alguns segundos, enquanto o avaliador registra o valor da for\u00e7a exercida.<br \/>\n\n\n\n\n<h2 class=\"wp-block-heading\">Como medir a for\u00e7a da m\u00e3o?<\/h2>\n\n\n<p><\/p>\n\n<ul class=\"wp-block-list\">\n<li>A m\u00e3o humana \u00e9 extraordin\u00e1ria.<\/li>\n<li> A for\u00e7a de preens\u00e3o pode ser medida por meio de um dinam\u00f4metro, a partir do qual a pessoa agarra o aparelho da mesma forma que seguraria um copo, com o cotovelo voltado para o lado e posicionado em \u00e2ngulo reto. O instrumento \u00e9 ent\u00e3o pressionado por cerca de cinco segundos.<\/li>\n<\/ul>\n\n\n\n\n<h2 class=\"wp-block-heading\">O que \u00e9 press\u00e3o palmar?<\/h2>\n\n\n<p><\/p>O reflexo palmar \u00e9 provocado pela press\u00e3o na palma da m\u00e3o do beb\u00ea, resultando no fechamento dos dedos ao redor do objeto que exerceu press\u00e3o, al\u00e9m de uma pegada ou aperto \u2013 aquele aperto mortal ! Lembre-se: este \u00e9 um movimento involunt\u00e1rio \u2013 acontece antes que o beb\u00ea tenha controle sobre as pr\u00f3prias m\u00e3os.<br \/>\n\n\n\n\n<h2 class=\"wp-block-heading\">Qual a fun\u00e7\u00e3o do palmar?<\/h2>\n\nO palmar e a nadadeira s\u00e3o alguns destes equipamentos que t\u00e9cnicos adotam nos treinamentos. Ambos s\u00e3o utilizados para aumentar a superf\u00edcie de contato do membro com a \u00e1gua e consequentemente proporcionar um maior deslocamento de \u00e1gua durante a bra\u00e7ada ou pernada.<br \/>\n\n\n\n\n<h2 class=\"wp-block-heading\">Para que serve o palmar?<\/h2>\n\n\n<p><\/p>O palmar \u00e9 um acess\u00f3rio amplamente utilizados por nadadores de todos os n\u00edveis, desde iniciantes at\u00e9 atletas de elite, devido \u00e0 sua capacidade de melhorar a efici\u00eancia da bra\u00e7ada e aumentar a resist\u00eancia muscular.<br \/>\n\n\n\n\n<h2 class=\"wp-block-heading\">Qual \u00e9 a fun\u00e7\u00e3o do palmar na nata\u00e7\u00e3o?<\/h2>\n\n\n<p><\/p>O palmar \u00e9 um equipamento que \u00e9 utilizado na nata\u00e7\u00e3o para aumentar a \u00e1rea de superf\u00edcie propulsiva, proporcionando um maior deslocamento de massa de \u00e1gua durante a bra\u00e7ada (FERNANDES et al, 2009).<br \/>\n\n\n\n\n<h2 class=\"wp-block-heading\">Qual parte do corpo a nata\u00e7\u00e3o fortalece?<\/h2>\n\n\n<p><\/p>Isso inclui os m\u00fasculos centrais, flexores do quadril, m\u00fasculos do pesco\u00e7o, m\u00fasculos dos bra\u00e7os, das m\u00e3os e dos ombros, m\u00fasculos do peito e das costas, al\u00e9m dos gl\u00fateos e dos m\u00fasculos das pernas e dos p\u00e9s.<br \/>\n\n\n\n\n<h2 class=\"wp-block-heading\">Como escolher o palmar?<\/h2>\n\n\n<p><\/p>A escolha do palmar ideal depende de v\u00e1rios fatores. Primeiro, considere o tamanho: um palmar muito grande pode causar tens\u00e3o nos ombros, enquanto um muito pequeno pode n\u00e3o oferecer resist\u00eancia suficiente. Geralmente, recomenda-se um tamanho que cubra a m\u00e3o, mas n\u00e3o ultrapasse muito os dedos ou a palma.<br \/>\n\n\n\n\n<h2 class=\"wp-block-heading\">Para que serve a palma para o ser humano?<\/h2>\n\n\n<p><\/p>&#8220;A palma tem um grande potencial nutricional, \u00e9 rica em vitamina A, vitamina C, complexo B, \u00e9 fibrosa e tem v\u00e1rios tipos de amino\u00e1cidos essenciais para o desenvolvimento humano, entre outros nutrientes &#8220;, explica a pesquisadora.<br \/>\n\n\n\n\n<h2 class=\"wp-block-heading\">O que \u00e9 palmar na anatomia?<\/h2>\n\n\n<p><\/p>A superf\u00edcie palmar da m\u00e3o refere-se \u00e0 palma da m\u00e3o, ou \u00e0 parte interna da m\u00e3o quando fechada. A palma tamb\u00e9m \u00e9 chamada de lado ventral da m\u00e3o. Ventral \u00e9 um termo usado frequentemente para descrever a parte inferior de um organismo, como a barriga ou o abd\u00f4men.<br \/>\n\n\n","protected":false},"excerpt":{"rendered":"<p>O que preensao palmar? O reflexo de preens\u00e3o palmar (ou reflexo de preens\u00e3o ) \u00e9 um reflexo primitivo e involunt\u00e1rio encontrado em beb\u00eas humanos e na maioria dos primatas. Quando um objeto, como um dedo adulto, \u00e9 colocado na palma da m\u00e3o de um beb\u00ea , os dedos do beb\u00ea agarram o objeto reflexivamente. O [&hellip;]<\/p>\n","protected":false},"author":2,"featured_media":0,"comment_status":"open","ping_status":"closed","sticky":false,"template":"","format":"standard","meta":{"footnotes":""},"categories":[1],"tags":[],"class_list":["post-2814","post","type-post","status-publish","format-standard","hentry","category-conteudo"],"_links":{"self":[{"href":"https:\/\/ammabarbacena.com.br\/perguntas-frequentes\/wp-json\/wp\/v2\/posts\/2814","targetHints":{"allow":["GET"]}}],"collection":[{"href":"https:\/\/ammabarbacena.com.br\/perguntas-frequentes\/wp-json\/wp\/v2\/posts"}],"about":[{"href":"https:\/\/ammabarbacena.com.br\/perguntas-frequentes\/wp-json\/wp\/v2\/types\/post"}],"author":[{"embeddable":true,"href":"https:\/\/ammabarbacena.com.br\/perguntas-frequentes\/wp-json\/wp\/v2\/users\/2"}],"replies":[{"embeddable":true,"href":"https:\/\/ammabarbacena.com.br\/perguntas-frequentes\/wp-json\/wp\/v2\/comments?post=2814"}],"version-history":[{"count":1,"href":"https:\/\/ammabarbacena.com.br\/perguntas-frequentes\/wp-json\/wp\/v2\/posts\/2814\/revisions"}],"predecessor-version":[{"id":2815,"href":"https:\/\/ammabarbacena.com.br\/perguntas-frequentes\/wp-json\/wp\/v2\/posts\/2814\/revisions\/2815"}],"wp:attachment":[{"href":"https:\/\/ammabarbacena.com.br\/perguntas-frequentes\/wp-json\/wp\/v2\/media?parent=2814"}],"wp:term":[{"taxonomy":"category","embeddable":true,"href":"https:\/\/ammabarbacena.com.br\/perguntas-frequentes\/wp-json\/wp\/v2\/categories?post=2814"},{"taxonomy":"post_tag","embeddable":true,"href":"https:\/\/ammabarbacena.com.br\/perguntas-frequentes\/wp-json\/wp\/v2\/tags?post=2814"}],"curies":[{"name":"wp","href":"https:\/\/api.w.org\/{rel}","templated":true}]}}