{"id":2806,"date":"2025-07-17T13:00:02","date_gmt":"2025-07-17T13:00:02","guid":{"rendered":"http:\/\/aa891960-3ec9-48d7-bc71-2486b4310e00"},"modified":"2025-07-17T13:00:02","modified_gmt":"2025-07-17T13:00:02","slug":"o-que-e-o-magisterio-da-igreja-catolica","status":"publish","type":"post","link":"https:\/\/ammabarbacena.com.br\/perguntas-frequentes\/o-que-e-o-magisterio-da-igreja-catolica\/","title":{"rendered":"O que \u00e9 o magisterio da igreja catolica"},"content":{"rendered":"\n\n<h2 class=\"wp-block-heading\">O que \u00e9 o Magist\u00e9rio na Igreja Cat\u00f3lica?<\/h2>\n\nO Magist\u00e9rio, do latim Magister, isto \u00e9, mestre, \u00e9 o encarregado por interpretar a Sagrada Escritura e ensinar ao povo de Deus sua correta leitura. Este Magist\u00e9rio, por sua vez, n\u00e3o est\u00e1 acima da Revela\u00e7\u00e3o Divina, mas a seu servi\u00e7o, para ensinar puramente aquilo que foi transmitido.<br \/>\n\n\n\n\n<h2 class=\"wp-block-heading\">Como funciona o Magist\u00e9rio da Igreja cat\u00f3lica?<\/h2>\n\n\n<p><\/p>O magist\u00e9rio da Igreja \u00e9 de ordem divina, seja no que diz respeito ao mandato de ensinar que recebeu do Senhor, seja a respeito da verdade que Ele nos transmitiu e que deve ser conservada e transmitida. A fun\u00e7\u00e3o do Magist\u00e9rio \u00e9 estar a servi\u00e7o da Palavra de Deus expressa pela Sagrada Escritura e pela Tradi\u00e7\u00e3o.<br \/>\n\n\n\n\n<h2 class=\"wp-block-heading\">O que significa o Magist\u00e9rio na Igreja Cat\u00f3lica?<\/h2>\n\n\n<p><\/p>O Magist\u00e9rio refere-se, portanto, ao exerc\u00edcio da fun\u00e7\u00e3o docente da Igreja, mediante a qual ela proclama as verdades de f\u00e9 e moral, esclarecendo-as e aplicando-as para cada \u00e9poca.<br \/>\n\n\n\n\n<h2 class=\"wp-block-heading\">Qual a diferen\u00e7a entre Magist\u00e9rio e tradi\u00e7\u00e3o da Igreja?<\/h2>\n\n\n<p><\/p>A Igreja se apoia em tr\u00eas colunas, e \u00e9 preciso entender bastante isso: a Sagrada Escritura, a B\u00edblia escrita; a Sagrada Tradi\u00e7\u00e3o, que \u00e9 a B\u00edblia que n\u00e3o foi escrita; e o Sagrado Magist\u00e9rio. Para entender a diferen\u00e7a entre cada um, assista ao v\u00eddeo!<br \/>\n\n\n\n\n<h2 class=\"wp-block-heading\">O que \u00e9 e qual o papel do Magist\u00e9rio?<\/h2>\n\n\n<p><\/p>O Dicion\u00e1rio Aur\u00e9lio da L\u00edngua Portuguesa define o termo magist\u00e9rio como uma palavra relacionada ao ensino, mais especificamente, ao ato de ensinar ou ao cargo de professor.<br \/>\n\n\n\n\n<h2 class=\"wp-block-heading\">Quais s\u00e3o os tipos de Magist\u00e9rio da Igreja cat\u00f3lica?<\/h2>\n\n\n<p><\/p>O magist\u00e9rio \u00e9 a central de ensinamento oficial da Igreja, incluindo o papa e os bispos em uni\u00e3o com eleN\u00e3o \u00e9 raro ouvir um cat\u00f3lico se referir ao \u201c magist\u00e9rio \u201d da Igreja.<br \/>\n\n\n\n\n<h2 class=\"wp-block-heading\">Como funciona o Magist\u00e9rio?<\/h2>\n\n\n<p><\/p>Magist\u00e9rio \u00e9 o curso t\u00e9cnico profissionalizante de n\u00edvel m\u00e9dio que forma professores para atuarem na educa\u00e7\u00e3o b\u00e1sica (anos iniciais, ensino fundamental e m\u00e9dio). Basicamente, o magist\u00e9rio \u00e9 um tipo de extens\u00e3o do ensino m\u00e9dio, assim como acontece com cursos t\u00e9cnicos em Administra\u00e7\u00e3o, Seguran\u00e7a do Trabalho, etc.<br \/>\n\n\n\n\n<h2 class=\"wp-block-heading\">Qual \u00e9 o papel do Magist\u00e9rio na Igreja?<\/h2>\n\nO magist\u00e9rio da Igreja \u00e9 de ordem divina, seja no que diz respeito ao mandato de ensinar que recebeu do Senhor, seja a respeito da verdade que Ele nos transmitiu e que deve ser conservada e transmitida. A fun\u00e7\u00e3o do Magist\u00e9rio \u00e9 estar a servi\u00e7o da Palavra de Deus expressa pela Sagrada Escritura e pela Tradi\u00e7\u00e3o.<br \/>\n\n\n\n\n<h2 class=\"wp-block-heading\">O que garante o Magist\u00e9rio da Igreja?<\/h2>\n\n\n<p><\/p>A Igreja, por meio do Magist\u00e9rio, prega a verdade que n\u00e3o \u00e9 sua, mas lhe \u00e9 confiada por Jesus Cristo. Este ensinamento requer obedi\u00eancia e acolhimento fiel, tanto dos que ensinam quanto dos que recebem o ensinamento, pois a verdade \u00e9 sustentada pela presen\u00e7a do Esp\u00edrito Santo.<br \/>\n\n\n\n\n<h2 class=\"wp-block-heading\">Quais s\u00e3o as fun\u00e7\u00f5es do Magist\u00e9rio?<\/h2>\n\n\n<p><\/p>\u201cS\u00e3o consideradas fun\u00e7\u00f5es de magist\u00e9rio, para fins de aposentadoria especial, al\u00e9m do exerc\u00edcio da doc\u00eancia, as de dire\u00e7\u00e3o de unidade escolar e as de coordena\u00e7\u00e3o e assessoramento pedag\u00f3gico, quando exercidas por professor de carreira, excluindo t\u00e3o somente as fun\u00e7\u00f5es administrativas em que n\u00e3o seja obrigat\u00f3ria a &#8230;<br \/>\n\n\n\n\n<h2 class=\"wp-block-heading\">Quem exerce o Magist\u00e9rio da Igreja cat\u00f3lica?<\/h2>\n\nExistem dois tipos de magist\u00e9rios exercidos pela Igreja Cat\u00f3lica: o ordin\u00e1rio, exercido continuamente pelos bispos e pelo Papa (ex: atrav\u00e9s de enc\u00edclicas e outros tipos de documentos e de meios), mas que n\u00e3o est\u00e1 imune ao erro.<br \/>\n\n\n\n\n<h2 class=\"wp-block-heading\">Quem comp\u00f5e o magist\u00e9rio da igreja?<\/h2>\n\n\n<p><\/p>Portanto, a fun\u00e7\u00e3o de Magist\u00e9rio da Igreja \u00e9 exercida pela hierarquia cat\u00f3lica, mais concretamente, pelo Papa e pelos bispos em comunh\u00e3o com o Sumo Pont\u00edfice.<br \/>\n\n\n\n\n<h2 class=\"wp-block-heading\">Quem exerce o Magist\u00e9rio?<\/h2>\n\n\n<p><\/p>A palavra magist\u00e9rio engloba o exerc\u00edcio da profiss\u00e3o de professor(a) e o cargo ou of\u00edcio de professor(a) em si.<br \/>\n\n\n\n\n<h2 class=\"wp-block-heading\">Quais s\u00e3o os magist\u00e9rios da Igreja Cat\u00f3lica?<\/h2>\n\n\n<p><\/p>O magist\u00e9rio \u00e9 a central de ensinamento oficial da Igreja, incluindo o papa e os bispos em uni\u00e3o com eleN\u00e3o \u00e9 raro ouvir um cat\u00f3lico se referir ao \u201c magist\u00e9rio \u201d da Igreja.<br \/>\n\n\n\n\n<h2 class=\"wp-block-heading\">Quem comp\u00f5e o quadro do Magist\u00e9rio?<\/h2>\n\n\n<p><\/p>IV &#8211; Quadro do Magist\u00e9rio: conjunto de cargos e de fun\u00e7\u00f5es-atividades de docentes e de cargos de especialistas de educa\u00e7\u00e3o, privativos da Secretaria de Estado da Educa\u00e7\u00e3o.<br \/>\n\n\n\n\n<h2 class=\"wp-block-heading\">O que \u00e9 o Magist\u00e9rio?<\/h2>\n\nMagist\u00e9rio \u00e9 o curso t\u00e9cnico profissionalizante de n\u00edvel m\u00e9dio que forma professores para atuarem na educa\u00e7\u00e3o b\u00e1sica (anos iniciais, ensino fundamental e m\u00e9dio). Basicamente, o magist\u00e9rio \u00e9 um tipo de extens\u00e3o do ensino m\u00e9dio, assim como acontece com cursos t\u00e9cnicos em Administra\u00e7\u00e3o, Seguran\u00e7a do Trabalho, etc.<br \/>\n\n\n\n\n<h2 class=\"wp-block-heading\">O que \u00e9 magist\u00e9rio e para que serve?<\/h2>\n\n\n<p><\/p>Magist\u00e9rio \u00e9 o curso t\u00e9cnico profissionalizante de n\u00edvel m\u00e9dio que forma professores para atuarem na educa\u00e7\u00e3o b\u00e1sica (anos iniciais, ensino fundamental e m\u00e9dio). Basicamente, o magist\u00e9rio \u00e9 um tipo de extens\u00e3o do ensino m\u00e9dio, assim como acontece com cursos t\u00e9cnicos em Administra\u00e7\u00e3o, Seguran\u00e7a do Trabalho, etc.<br \/>\n\n\n\n\n<h2 class=\"wp-block-heading\">Quem fez magist\u00e9rio \u00e9 considerado professor?<\/h2>\n\n\n<p><\/p>Portanto, aqueles que possuem o magist\u00e9rio ainda podem lecionar como professores de ensino fundamental at\u00e9 o ano de 2024, como estipulado pelo MEC.<br \/>\n\n\n\n\n<h2 class=\"wp-block-heading\">Qual \u00e9 a diferen\u00e7a entre pedagogia e magist\u00e9rio?<\/h2>\n\n\n<p><\/p>Enquanto o curso de Pedagogia habilita a(o) estudante a exercer a doc\u00eancia na Educa\u00e7\u00e3o Infantil e nos anos iniciais do Ensino Fundamental (1\u00ba a 5\u00ba ano), os cursos das demais Licenciaturas formam professoras(es) para atuarem nos anos finais do Ensino Fundamental (6\u00ba a 9\u00ba ano) e no Ensino M\u00e9dio.<br \/>\n\n\n\n\n<h2 class=\"wp-block-heading\">Quem tem magist\u00e9rio pode trabalhar onde?<\/h2>\n\n\n<p><\/p>Poder\u00e1, ainda, ser professor de pr\u00e9-escola ou dos primeiros anos do ensino fundamental ou de creches, como tamb\u00e9m poder\u00e1 atuar na educa\u00e7\u00e3o de jovens e adultos. Fora das salas de aula habituais, o profissional poder\u00e1 trabalhar em: empresas de consultoria. editoras de livros did\u00e1ticos.<br \/>\n\n\n\n\n<h2 class=\"wp-block-heading\">Quanto tempo dura o magist\u00e9rio?<\/h2>\n\n\n<p><\/p>O curso tem a dura\u00e7\u00e3o de quatro anos e para se formar, o estudante precisa fazer est\u00e1gio obrigat\u00f3rio e, em algumas universidades, o Trabalho de Conclus\u00e3o de Curso (TCC).<br \/>\n\n\n\n\n<h2 class=\"wp-block-heading\">Qual \u00e9 o sal\u00e1rio do magist\u00e9rio?<\/h2>\n\n\n<p><\/p>O Piso Salarial Profissional Nacional do magist\u00e9rio p\u00fablico da educa\u00e7\u00e3o b\u00e1sica foi reajustado em 6,27%. O valor m\u00ednimo definido pelo Minist\u00e9rio da Educa\u00e7\u00e3o (MEC) para o exerc\u00edcio de 2025 \u00e9 de R$ 4.867,77 para a rede p\u00fablica de todo o pa\u00eds, com jornada de 40 horas semanais.<br \/>\n\n\n\n\n<h2 class=\"wp-block-heading\">O que \u00e9 fun\u00e7\u00e3o do Magist\u00e9rio?<\/h2>\n\nO Projeto de Lei 499\/19 visa deixar claro, na Lei de Diretrizes e Bases da Educa\u00e7\u00e3o Nacional (LDB &#8211; 9.394\/96), que as fun\u00e7\u00f5es de magist\u00e9rio englobam n\u00e3o apenas a atividade em sala de aula (doc\u00eancia), como a coordena\u00e7\u00e3o, o assessoramento pedag\u00f3gico e a dire\u00e7\u00e3o, necess\u00e1rias ao funcionamento da unidade escolar de educa\u00e7\u00e3o &#8230;<br \/>\n\n\n\n\n<h2 class=\"wp-block-heading\">O que \u00e9 considerado fun\u00e7\u00e3o de magist\u00e9rio?<\/h2>\n\n\n<p><\/p>\u201cS\u00e3o consideradas fun\u00e7\u00f5es de magist\u00e9rio, para fins de aposentadoria especial, al\u00e9m do exerc\u00edcio da doc\u00eancia, as de dire\u00e7\u00e3o de unidade escolar e as de coordena\u00e7\u00e3o e assessoramento pedag\u00f3gico, quando exercidas por professor de carreira, excluindo t\u00e3o somente as fun\u00e7\u00f5es administrativas em que n\u00e3o seja obrigat\u00f3ria a &#8230;<br \/>\n\n\n\n\n<h2 class=\"wp-block-heading\">O que o magist\u00e9rio faz?<\/h2>\n\n\n<p><\/p>Magist\u00e9rio \u00e9 o curso t\u00e9cnico profissionalizante de n\u00edvel m\u00e9dio que forma professores para atuarem na educa\u00e7\u00e3o b\u00e1sica (anos iniciais, ensino fundamental e m\u00e9dio). Basicamente, o magist\u00e9rio \u00e9 um tipo de extens\u00e3o do ensino m\u00e9dio, assim como acontece com cursos t\u00e9cnicos em Administra\u00e7\u00e3o, Seguran\u00e7a do Trabalho, etc.<br \/>\n\n\n\n\n<h2 class=\"wp-block-heading\">O que faz um profissional do magist\u00e9rio?<\/h2>\n\n\n<p><\/p>Eles s\u00e3o preparados para criar ambientes educacionais seguros e estimulantes, que promovam o desenvolvimento f\u00edsico, emocional, social e cognitivo das crian\u00e7as mais jovens, preparando-as para os est\u00e1gios iniciais de sua jornada educacional.<br \/>\n\n\n\n\n<h2 class=\"wp-block-heading\">O que s\u00e3o atividades de magist\u00e9rio?<\/h2>\n\n\n<p><\/p>Artigo 2\u00ba &#8211; S\u00e3o atividades de magist\u00e9rio, para feito deste Estatuto, as atribui\u00e7\u00f5es do professor e as de especialista de educa\u00e7\u00e3o que ministram, planejam, orientam, dirigem e supervisionam o ensino.<br \/>\n\n\n\n\n<h2 class=\"wp-block-heading\">Quem se enquadra no magist\u00e9rio?<\/h2>\n\n\n<p><\/p>\u00a7 2o Por profissionais do magist\u00e9rio p\u00fablico da educa\u00e7\u00e3o b\u00e1sica entende-se aqueles que desempenham as atividades de doc\u00eancia ou as de suporte pedag\u00f3gico \u00e0 doc\u00eancia, isto \u00e9, dire\u00e7\u00e3o ou administra\u00e7\u00e3o, planejamento, inspe\u00e7\u00e3o, supervis\u00e3o, orienta\u00e7\u00e3o e coordena\u00e7\u00e3o educacionais, exercidas no \u00e2mbito das unidades escolares de &#8230;<br \/>\n\n\n\n\n<h2 class=\"wp-block-heading\">Quem s\u00e3o considerados profissionais do magist\u00e9rio?<\/h2>\n\n\n<p><\/p>10. QUEM S\u00c3O OS PROFISSIONAIS DO MAGIST\u00c9RIO ? O profissionais do magist\u00e9rio s\u00e3o aqueles que exercem atividades de doc\u00eancia e aqueles que oferecem suporte pedag\u00f3gico a tais atividades, como de administra\u00e7\u00e3o ou dire\u00e7\u00e3o de escola, planejamento, inspe\u00e7\u00e3o, supervis\u00e3o e orienta\u00e7\u00e3o educacional. 11.<br \/>\n\n\n\n\n<h2 class=\"wp-block-heading\">Quais s\u00e3o os 4 pilares da Igreja Cat\u00f3lica?<\/h2>\n\nPadre Gerson Schmidt, do Rio Grande Sul, aprofundou este tema em v\u00e1rios programas, divulgados pelo Vatican News, antes de come\u00e7ar a refletir sobre os quatro pilares que fazem parte dos fundamentos s\u00f3lidos e constitutivos da Igreja de Cristo: pilar da Palavra, pilar do P\u00e3o, pilar da Caridade e pilar da Miss\u00e3o.<br \/>\n\n\n\n\n<h2 class=\"wp-block-heading\">Quais s\u00e3o os 4 pilares da f\u00e9 cat\u00f3lica?<\/h2>\n\n\n<p><\/p>O plano deste Catecismo inspira-se na grande tradi\u00e7\u00e3o dos catecismos que articulam a catequese cm torno de quatro \u00abpilares\u00bb: a profiss\u00e3o da f\u00e9 baptismal (S\u00edmbolo), os sacramentos da f\u00e9, a vida da f\u00e9 (Mandamentos) e a ora\u00e7\u00e3o do crente (o Pai Nosso).<br \/>\n\n\n\n\n<h2 class=\"wp-block-heading\">Quais s\u00e3o os 4 atributos da Igreja Cat\u00f3lica?<\/h2>\n\n\n<p><\/p>No S\u00edmbolo Niceno-Constantinopolitano de nossa f\u00e9 cat\u00f3lica, n\u00f3s professamos: \u201c Creio na Igreja, una, santa, cat\u00f3lica e apost\u00f3lica \u201d. Essas quatro caracter\u00edsticas, que definem a nossa Igreja, n\u00e3o podem faltar, apesar das m\u00faltiplas express\u00f5es culturais em que a Igreja se insere e se expressa.<br \/>\n\n\n\n\n<h2 class=\"wp-block-heading\">Quais s\u00e3o os 4 sim da Igreja Cat\u00f3lica?<\/h2>\n\n\n<p><\/p>Estas caracter\u00edsticas foram dogmatizadas pelo Credo niceno-constantinopolitano, em 381: &#8220;Creio na Igreja Una, Santa, Cat\u00f3lica e Apost\u00f3lica &#8220;.<br \/>\n\n\n\n\n<h2 class=\"wp-block-heading\">Quais s\u00e3o os tr\u00eas pilares que sustentam a Igreja Cat\u00f3lica?<\/h2>\n\n\n<p><\/p>A B\u00edblia sozinha \u00e9 incompleta A Revela\u00e7\u00e3o Divina Como a Revela\u00e7\u00e3o divina foi transmitida? A Tradi\u00e7\u00e3o Apost\u00f3lica O Magist\u00e9rio da Igreja Os 3 pilares A quem foi confiado o dep\u00f3sito da f\u00e9? Tradi\u00e7\u00e3o, Magist\u00e9rio e Sagrada Escritura s\u00e3o os pilares da revela\u00e7\u00e3o divina.<br \/>\n\n\n\n\n<h2 class=\"wp-block-heading\">Quais s\u00e3o os 4 pilares de Deus?<\/h2>\n\n\n<p><\/p>A mesa de Jesus \u00e9 composta por quatro pilares fundamentais: salva\u00e7\u00e3o, servi\u00e7o, obedi\u00eancia e adora\u00e7\u00e3o. Salva\u00e7\u00e3o: \u00c9 o in\u00edcio de nossa jornada com Cristo, recebendo Seu amor e perd\u00e3o. Servi\u00e7o:Seguimos Seu exemplo de servir ao pr\u00f3ximo com humildade e compaix\u00e3o.<br \/>\n\n\n","protected":false},"excerpt":{"rendered":"<p>O que \u00e9 o Magist\u00e9rio na Igreja Cat\u00f3lica? O Magist\u00e9rio, do latim Magister, isto \u00e9, mestre, \u00e9 o encarregado por interpretar a Sagrada Escritura e ensinar ao povo de Deus sua correta leitura. Este Magist\u00e9rio, por sua vez, n\u00e3o est\u00e1 acima da Revela\u00e7\u00e3o Divina, mas a seu servi\u00e7o, para ensinar puramente aquilo que foi transmitido. [&hellip;]<\/p>\n","protected":false},"author":2,"featured_media":0,"comment_status":"open","ping_status":"closed","sticky":false,"template":"","format":"standard","meta":{"footnotes":""},"categories":[1],"tags":[],"class_list":["post-2806","post","type-post","status-publish","format-standard","hentry","category-conteudo"],"_links":{"self":[{"href":"https:\/\/ammabarbacena.com.br\/perguntas-frequentes\/wp-json\/wp\/v2\/posts\/2806","targetHints":{"allow":["GET"]}}],"collection":[{"href":"https:\/\/ammabarbacena.com.br\/perguntas-frequentes\/wp-json\/wp\/v2\/posts"}],"about":[{"href":"https:\/\/ammabarbacena.com.br\/perguntas-frequentes\/wp-json\/wp\/v2\/types\/post"}],"author":[{"embeddable":true,"href":"https:\/\/ammabarbacena.com.br\/perguntas-frequentes\/wp-json\/wp\/v2\/users\/2"}],"replies":[{"embeddable":true,"href":"https:\/\/ammabarbacena.com.br\/perguntas-frequentes\/wp-json\/wp\/v2\/comments?post=2806"}],"version-history":[{"count":1,"href":"https:\/\/ammabarbacena.com.br\/perguntas-frequentes\/wp-json\/wp\/v2\/posts\/2806\/revisions"}],"predecessor-version":[{"id":2807,"href":"https:\/\/ammabarbacena.com.br\/perguntas-frequentes\/wp-json\/wp\/v2\/posts\/2806\/revisions\/2807"}],"wp:attachment":[{"href":"https:\/\/ammabarbacena.com.br\/perguntas-frequentes\/wp-json\/wp\/v2\/media?parent=2806"}],"wp:term":[{"taxonomy":"category","embeddable":true,"href":"https:\/\/ammabarbacena.com.br\/perguntas-frequentes\/wp-json\/wp\/v2\/categories?post=2806"},{"taxonomy":"post_tag","embeddable":true,"href":"https:\/\/ammabarbacena.com.br\/perguntas-frequentes\/wp-json\/wp\/v2\/tags?post=2806"}],"curies":[{"name":"wp","href":"https:\/\/api.w.org\/{rel}","templated":true}]}}