{"id":2800,"date":"2025-07-17T12:59:10","date_gmt":"2025-07-17T12:59:10","guid":{"rendered":"http:\/\/9f00e275-7c5c-4c2f-a584-578807645328"},"modified":"2025-07-17T12:59:10","modified_gmt":"2025-07-17T12:59:10","slug":"o-que-e-medula-ossea-vermelha","status":"publish","type":"post","link":"https:\/\/ammabarbacena.com.br\/perguntas-frequentes\/o-que-e-medula-ossea-vermelha\/","title":{"rendered":"O que \u00e9 medula ossea vermelha"},"content":{"rendered":"\n\n<h2 class=\"wp-block-heading\">O que a medula \u00f3ssea vermelha faz?<\/h2>\n\nMedula \u00f3ssea vermelha: rica em hem\u00e1cias ou eritr\u00f3citos (gl\u00f3bulos vermelhos), \u00e9 constitu\u00edda por c\u00e9lulas reticulares associadas a fibras de col\u00e1geno. \u00c9 a respons\u00e1vel pela produ\u00e7\u00e3o de c\u00e9lulas sangu\u00edneas.<br \/>\n\n\n\n\n<h2 class=\"wp-block-heading\">Qual a fun\u00e7\u00e3o da medula \u00f3ssea vermelha?<\/h2>\n\n\n<p><\/p>Medula \u00f3ssea vermelha: rica em hem\u00e1cias ou eritr\u00f3citos (gl\u00f3bulos vermelhos), \u00e9 constitu\u00edda por c\u00e9lulas reticulares associadas a fibras de col\u00e1geno. \u00c9 a respons\u00e1vel pela produ\u00e7\u00e3o de c\u00e9lulas sangu\u00edneas.<br \/>\n\n\n\n\n<h2 class=\"wp-block-heading\">Qual a fun\u00e7\u00e3o da medula \u00f3ssea vermelha no sistema linf\u00e1tico?<\/h2>\n\n\n<p><\/p>A medula \u00f3ssea vermelha \u00e9 o local de origem dos linf\u00f3citos B e T derivados de uma c\u00e9lula tronco linf\u00f3ide. Os linf\u00f3citos B amadurecem na medula \u00f3ssea, enquanto o timo \u00e9 o local de amadurecimento dos linf\u00f3citos T.<br \/>\n\n\n\n\n<h2 class=\"wp-block-heading\">Quais s\u00e3o os sintomas de quem tem problema na medula \u00f3ssea?<\/h2>\n\n\n<p><\/p>Os principais sintomas incluem sangramento, hematomas e fadiga. Os tratamentos incluem transfus\u00f5es de sangue e transplante de c\u00e9lulas-tronco. A insufici\u00eancia da medula \u00f3ssea aumenta o risco de outras doen\u00e7as e requer tratamento por toda a vida.<br \/>\n\n\n\n\n<h2 class=\"wp-block-heading\">Qual a diferen\u00e7a entre a medula \u00f3ssea amarela e vermelha?<\/h2>\n\nDiferenciam-se da medula \u00f3ssea vermelha, hemat\u00f3gena, que tem essa cor gra\u00e7as a numerosos eritr\u00f3citos (hem\u00e1cias) em diversos est\u00e1gios de matura\u00e7\u00e3o, j\u00e1 a medula \u00f3ssea amarela, \u00e9 abundante em c\u00e9lulas adiposas e que n\u00e3o apresenta c\u00e9lulas sangu\u00edneas.<br \/>\n\n\n\n\n<h2 class=\"wp-block-heading\">Quais s\u00e3o as fun\u00e7\u00f5es da medula \u00f3ssea vermelha e amarela?<\/h2>\n\n\n<p><\/p>Esse tecido pode ser dividido entre medula \u00f3ssea vermelha e amarela. A primeira \u00e9 respons\u00e1vel pela produ\u00e7\u00e3o de c\u00e9lulas presentes no sangue, como hem\u00e1cias, leuc\u00f3citos e plaquetas. J\u00e1 a medula amarela \u00e9 composta por c\u00e9lulas adiposas e n\u00e3o produz c\u00e9lulas sangu\u00edneas.<br \/>\n\n\n\n\n<h2 class=\"wp-block-heading\">O que significa medula \u00f3ssea vermelha?<\/h2>\n\n\n<p><\/p>A medula \u00f3ssea vermelha \u00e9 respons\u00e1vel pela hematopoiese e apresenta essa cor devido \u00e0 presen\u00e7a de numerosos eritr\u00f3citos. A medula \u00f3ssea \u00e9 constitu\u00edda de c\u00e9lulas-tronco hematopoi\u00e9ticas e dos capilares sinus\u00f3ides, revestidos por c\u00e9lulas endoteliais descont\u00ednuas.<br \/>\n\n\n\n\n<h2 class=\"wp-block-heading\">O que significa reconvers\u00e3o da medula \u00f3ssea amarela e vermelha?<\/h2>\n\n\n<p><\/p>A reconvers\u00e3o da medula \u00f3ssea \u00e9 um processo inverso da substitui\u00e7\u00e3o natural da medula vermelha pela medula amarela. Esse processo envolve o surgimento de \u00e1reas de medula vermelha normal nos locais onde ocorre a medula amarela, sendo o inverso da convers\u00e3o.<br \/>\n\n\n\n\n<h2 class=\"wp-block-heading\">Qual a diferen\u00e7a entre a medula \u00f3ssea amarela e a vermelha?<\/h2>\n\n\n<p><\/p>A medula amarela \u00e9 encontrada em cavidades grandes de ossos grandes e consiste em sua grande maioria de c\u00e9lulas adiposas e umas poucas c\u00e9lulas sangu\u00edneas primitivas. A medula vermelha \u00e9 um tecido hematopoi\u00e9tico e \u00e9 o s\u00edtio de produ\u00e7\u00e3o de eritr\u00f3citos e leuc\u00f3citos granulares.<br \/>\n\n\n\n\n<h2 class=\"wp-block-heading\">Qual a fun\u00e7\u00e3o da medula \u00f3ssea vermelha no sistema imunol\u00f3gico?<\/h2>\n\nA medula \u00f3ssea \u00e9 fundamental para o desenvolvimento das c\u00e9lulas sangu\u00edneas, pois nela s\u00e3o produzidos os gl\u00f3bulos brancos (leuc\u00f3citos), que agem no sistema de defesa do organismo; os gl\u00f3bulos vermelhos (hem\u00e1cias), respons\u00e1veis pelo transporte de oxig\u00eanio para o organismo todo ; e as plaquetas, que comp\u00f5em o sistema de &#8230;<br \/>\n\n\n\n\n<h2 class=\"wp-block-heading\">Qual o papel da medula \u00f3ssea vermelha no sistema imunit\u00e1ria?<\/h2>\n\n\n<p><\/p>A medula \u00f3ssea \u00e9 fundamental para o desenvolvimento das c\u00e9lulas sangu\u00edneas, pois nela s\u00e3o produzidos os gl\u00f3bulos brancos (leuc\u00f3citos), que agem no sistema de defesa do organismo; os gl\u00f3bulos vermelhos (hem\u00e1cias), respons\u00e1veis pelo transporte de oxig\u00eanio para o organismo todo ; e as plaquetas, que comp\u00f5em o sistema de &#8230;<br \/>\n\n\n\n\n<h2 class=\"wp-block-heading\">Quais s\u00e3o as principais fun\u00e7\u00f5es da medula \u00f3ssea?<\/h2>\n\n\n<p><\/p>A medula \u00f3ssea \u00e9 um tecido ricamente inervado e altamente vascularizado do corpo, respons\u00e1vel pela hematopoiese. Suas principais fun\u00e7\u00f5es incluem o transporte de oxig\u00eanio, a defesa contra invas\u00f5es estranhas e a hemostasia.<br \/>\n\n\n\n\n<h2 class=\"wp-block-heading\">O que \u00e9 medula \u00f3ssea e qual a sua fun\u00e7\u00e3o?<\/h2>\n\n\n\n<h2 class=\"wp-block-heading\">Como \u00e9 feita a retirada de medula \u00f3ssea?<\/h2>\n\n\n<p><\/p>A doa\u00e7\u00e3o \u00e9 feita por meio de uma pequena cirurgia, de aproximadamente 90 minutos, em que s\u00e3o realizadas m\u00faltiplas pun\u00e7\u00f5es, com agulhas, nos ossos posteriores da bacia e \u00e9 aspirada a medula. Retira-se um volume de medula do doador de, no m\u00e1ximo, 10%. Esta retirada n\u00e3o causa qualquer comprometimento \u00e0 sa\u00fade.<br \/>\n\n\n\n\n<h2 class=\"wp-block-heading\">Onde \u00e9 a dor da medula \u00f3ssea?<\/h2>\n\n\n<p><\/p>Alguns ossos t\u00eam mais medula \u00f3ssea presente, como \u00e9 o caso dos quadris, pernas e esterno (osso na regi\u00e3o do peito). Ent\u00e3o s\u00e3o nessas partes que a dor pode ser mais intensa.<br \/>\n\n\n\n\n<h2 class=\"wp-block-heading\">Qual doen\u00e7a afeta a medula \u00f3ssea?<\/h2>\n\nA Mielodisplasia ou S\u00edndrome Mielodispl\u00e1sica \u00e9 uma doen\u00e7a que afeta um importante tecido: a medula \u00f3ssea. O acometimento dessa doen\u00e7a provoca uma condi\u00e7\u00e3o patol\u00f3gica que afeta as c\u00e9lulas do nosso sangue provocando uma s\u00e9rie de sintomas que, muitas vezes, podem ser confundidos com outras quest\u00f5es de sa\u00fade.<br \/>\n\n\n\n\n<h2 class=\"wp-block-heading\">Qual doen\u00e7a ataca a medula \u00f3ssea?<\/h2>\n\n\n<p><\/p>A aplasia medular (anemia apl\u00e1stica) \u00e9 uma doen\u00e7a que afeta a produ\u00e7\u00e3o de c\u00e9lulas do sangue. Saiba como \u00e9 o diagn\u00f3stico e quais as formas de tratamento. A aplasia medular, tamb\u00e9m chamada de anemia apl\u00e1stica, \u00e9 uma das doen\u00e7as que afetam a medula \u00f3ssea.<br \/>\n\n\n\n\n<h2 class=\"wp-block-heading\">Quais s\u00e3o os sinais de que a medula \u00f3ssea est\u00e1 doente?<\/h2>\n\n\n<p><\/p>Sede exagerada, perda de apetite, constipa\u00e7\u00e3o grave; Dores \u00f3sseas (especialmente na coluna) e fraturas espont\u00e2neas; Infec\u00e7\u00f5es constantes.<br \/>\n\n\n\n\n<h2 class=\"wp-block-heading\">Quantos anos vive uma pessoa com mielodisplasia?<\/h2>\n\n\n<p><\/p><p>Grupo de risco WPSS | Sobrevida mediana | Risco de leucemia (em cinco anos)<\/p><table border=\"1\"><tr><td>Baixo<\/td><td>5,5 anos<\/td><td>14%<\/td><\/tr><tr><td>Intermedi\u00e1rio<\/td><td>4 anos<\/td><td>33%<\/td><\/tr><tr><td>Alto<\/td><td>2,2 anos<\/td><td>54%<\/td><\/tr><tr><td>Muito alto<\/td><td>9 meses<\/td><td>84%<\/td><\/tr><\/table><br \/>\n\n\n\n\n<h2 class=\"wp-block-heading\">Quais s\u00e3o os sintomas de quem tem problema na medula?<\/h2>\n\n\n<p><\/p>Perda de sensa\u00e7\u00e3o (como capacidade de sentir um toque leve, dor, temperatura ou vibra\u00e7\u00e3o ou sentir onde os bra\u00e7os e as pernas est\u00e3o) Altera\u00e7\u00f5es nos reflexos. Perda do controle da bexiga (incontin\u00eancia urin\u00e1ria) Perda do controle do intestino (incontin\u00eancia fecal)<br \/>\n\n\n\n\n<h2 class=\"wp-block-heading\">Qual v\u00edrus ataca a medula \u00f3ssea?<\/h2>\n\n\n<p><\/p>O parvov\u00edrus B19 \u00e9 um eritrov\u00edrus humano com tropismo para as c\u00e9lulas progenitoras da medula \u00f3ssea, sendo respons\u00e1vel por um grande espectro de manifesta\u00e7\u00f5es cl\u00ednicas, desde infec\u00e7\u00f5es assintom\u00e1ticas at\u00e9 crises apl\u00e1sicas graves.<br \/>\n\n\n\n\n<h2 class=\"wp-block-heading\">Qual osso \u00e9 capaz de fornecer medula \u00f3ssea vermelha?<\/h2>\n\nCom o passar dos anos, a medula vermelha fica restrita aos ossos planos centrais (ex. ossos do cr\u00e2nio, clav\u00edcula, esterno, costelas, esc\u00e1pula, v\u00e9rtebras e pelve) e \u00e0s extremidades proximais dos ossos longos dos membros inferiores e superiores.<br \/>\n\n\n\n\n<h2 class=\"wp-block-heading\">Quais ossos produzem medula \u00f3ssea vermelha?<\/h2>\n\n\n<p><\/p>Com o avan\u00e7ar da idade, grande parte da medula \u00f3ssea transforma-se na pluralidade da medula amarela, sendo a medula vermelha no adulto observada apenas em alguns ossos, como por exemplo no esterno, nas v\u00e9rtebras, costelas e nos ossos do cr\u00e2nio; no adulto jovem, \u00e9 encontrada nas ep\u00edfises proximais do f\u00eamur e do \u00famero.<br \/>\n\n\n\n\n<h2 class=\"wp-block-heading\">Qual osso \u00e9 capaz de fornecer medula \u00f3ssea vermelha na vida adulta?<\/h2>\n\n\n<p><\/p>A medula \u00f3ssea vermelha \u00e9 encontrada principalmente em ossos planos, como o osso do quadril, o esterno ( osso do peito), o cr\u00e2nio, as costelas, as v\u00e9rtebras e as esc\u00e1pulas, bem como nas extremidades metafis\u00e1rias e epifis\u00e1rias de ossos longos, como o f\u00eamur, a t\u00edbia e o \u00famero, onde o osso \u00e9 esponjoso ou esponjoso.<br \/>\n\n\n\n\n<h2 class=\"wp-block-heading\">Qual osso protege a medula?<\/h2>\n\n\n<p><\/p>As v\u00e9rtebras protegem a medula espinhal, uma estrutura longa e fr\u00e1gil, situada no interior do canal medular, que se estende pelo centro da coluna vertebral.<br \/>\n\n\n\n\n<h2 class=\"wp-block-heading\">Onde encontramos a medula \u00f3ssea vermelha e amarela?<\/h2>\n\n\n<p><\/p>A medula amarela \u00e9 encontrada em cavidades grandes de ossos grandes e consiste em sua grande maioria de c\u00e9lulas adiposas e umas poucas c\u00e9lulas sangu\u00edneas primitivas. A medula vermelha \u00e9 um tecido hematopoi\u00e9tico e \u00e9 o s\u00edtio de produ\u00e7\u00e3o de eritr\u00f3citos e leuc\u00f3citos granulares.<br \/>\n\n\n","protected":false},"excerpt":{"rendered":"<p>O que a medula \u00f3ssea vermelha faz? Medula \u00f3ssea vermelha: rica em hem\u00e1cias ou eritr\u00f3citos (gl\u00f3bulos vermelhos), \u00e9 constitu\u00edda por c\u00e9lulas reticulares associadas a fibras de col\u00e1geno. \u00c9 a respons\u00e1vel pela produ\u00e7\u00e3o de c\u00e9lulas sangu\u00edneas. Qual a fun\u00e7\u00e3o da medula \u00f3ssea vermelha? Medula \u00f3ssea vermelha: rica em hem\u00e1cias ou eritr\u00f3citos (gl\u00f3bulos vermelhos), \u00e9 constitu\u00edda por [&hellip;]<\/p>\n","protected":false},"author":2,"featured_media":0,"comment_status":"open","ping_status":"closed","sticky":false,"template":"","format":"standard","meta":{"footnotes":""},"categories":[1],"tags":[],"class_list":["post-2800","post","type-post","status-publish","format-standard","hentry","category-conteudo"],"_links":{"self":[{"href":"https:\/\/ammabarbacena.com.br\/perguntas-frequentes\/wp-json\/wp\/v2\/posts\/2800","targetHints":{"allow":["GET"]}}],"collection":[{"href":"https:\/\/ammabarbacena.com.br\/perguntas-frequentes\/wp-json\/wp\/v2\/posts"}],"about":[{"href":"https:\/\/ammabarbacena.com.br\/perguntas-frequentes\/wp-json\/wp\/v2\/types\/post"}],"author":[{"embeddable":true,"href":"https:\/\/ammabarbacena.com.br\/perguntas-frequentes\/wp-json\/wp\/v2\/users\/2"}],"replies":[{"embeddable":true,"href":"https:\/\/ammabarbacena.com.br\/perguntas-frequentes\/wp-json\/wp\/v2\/comments?post=2800"}],"version-history":[{"count":1,"href":"https:\/\/ammabarbacena.com.br\/perguntas-frequentes\/wp-json\/wp\/v2\/posts\/2800\/revisions"}],"predecessor-version":[{"id":2801,"href":"https:\/\/ammabarbacena.com.br\/perguntas-frequentes\/wp-json\/wp\/v2\/posts\/2800\/revisions\/2801"}],"wp:attachment":[{"href":"https:\/\/ammabarbacena.com.br\/perguntas-frequentes\/wp-json\/wp\/v2\/media?parent=2800"}],"wp:term":[{"taxonomy":"category","embeddable":true,"href":"https:\/\/ammabarbacena.com.br\/perguntas-frequentes\/wp-json\/wp\/v2\/categories?post=2800"},{"taxonomy":"post_tag","embeddable":true,"href":"https:\/\/ammabarbacena.com.br\/perguntas-frequentes\/wp-json\/wp\/v2\/tags?post=2800"}],"curies":[{"name":"wp","href":"https:\/\/api.w.org\/{rel}","templated":true}]}}