{"id":2774,"date":"2025-07-17T12:54:41","date_gmt":"2025-07-17T12:54:41","guid":{"rendered":"http:\/\/89561b20-ed40-44c3-bf44-3a6b2ed71ac0"},"modified":"2025-07-17T12:54:41","modified_gmt":"2025-07-17T12:54:41","slug":"o-que-e-preceito-religioso","status":"publish","type":"post","link":"https:\/\/ammabarbacena.com.br\/perguntas-frequentes\/o-que-e-preceito-religioso\/","title":{"rendered":"O que \u00e9 preceito religioso"},"content":{"rendered":"\n\n<h2 class=\"wp-block-heading\">O que \u00e9 preceito na religi\u00e3o?<\/h2>\n\nPreceito no candombl\u00e9 \u2014 s\u00e3o as normas e restri\u00e7\u00f5es no preparo de alimentos e oferendas para cada Orix\u00e1. Todo orix\u00e1 tem suas comidas favoritas e tamb\u00e9m as que s\u00e3o proibidas.<br \/>\n\n\n\n\n<h2 class=\"wp-block-heading\">O que \u00e9 preceito da religi\u00e3o?<\/h2>\n\n\n<p><\/p>Os Preceitos da Igreja s\u00e3o cinco leis positivas que a Igreja d\u00e1 para orientar os fi\u00e9is a cumprir pelo menos um n\u00edvel m\u00ednimo de ora\u00e7\u00e3o, reflex\u00e3o moral, crescimento espiritual e amor a Deus e ao pr\u00f3ximo.<br \/>\n\n\n\n\n<h2 class=\"wp-block-heading\">O que se faz no preceito?<\/h2>\n\n\n<p><\/p>O preceito pode se relacionar com comportamentos, alimenta\u00e7\u00e3o, cores, mas pode variar de acordo com a casa, com o ritual praticado e \u00e9 uma forma de preservar o \u00e0\u1e63\u1eb9 recebido.<br \/>\n\n\n\n\n<h2 class=\"wp-block-heading\">O que s\u00e3o os dias de preceito na Igreja?<\/h2>\n\n\n<p><\/p>As Missas de preceito, tamb\u00e9m conhecidas como dias de preceito, s\u00e3o datas especiais no calend\u00e1rio lit\u00fargico cat\u00f3lico em que os fi\u00e9is s\u00e3o obrigados a participar da Missa e se abster de trabalhos e atividades que possam impedir essa observ\u00e2ncia.<br \/>\n\n\n\n\n<h2 class=\"wp-block-heading\">O que n\u00e3o se pode fazer de preceito?<\/h2>\n\n\n\n<h2 class=\"wp-block-heading\">O que evitar no preceito?<\/h2>\n\n\n<p><\/p>Pode envolver evitar bebidas alco\u00f3licas, rela\u00e7\u00f5es sexuais, lugares muito carregados at\u00e9 mesmo cortar o cabelo ou jejuar de pensamento negativos. Tudo isso pra manter a vibra\u00e7\u00e3o limpa e aberta pro trabalho espiritual .<br \/>\n\n\n\n\n<h2 class=\"wp-block-heading\">O que n\u00e3o fazer em dia de preceito?<\/h2>\n\n\n<p><\/p>No domingo e nos outros dias de festa de preceito, os fi\u00e9is t\u00eam a obriga\u00e7\u00e3o de participar da missa; al\u00e9m disso, devem abster-se das atividades e neg\u00f3cios que impe\u00e7am o culto a ser prestado a Deus, a alegria pr\u00f3pria do dia do Senhor e o devido descanso da mente e do corpo.<br \/>\n\n\n\n\n<h2 class=\"wp-block-heading\">Quais s\u00e3o as regras do preceito na Umbanda?<\/h2>\n\n\n<p><\/p>O preceito mais comum na Umbanda \u00e9 a tr\u00edade de priva\u00e7\u00f5es que antecede a gira (gira \u00e9 o culto, a sess\u00e3o, o encontro de Umbanda). Consiste na abstin\u00eancia de \u00e1lcool, de carne vermelha e de atos sexuais nas vinte e quatro horas que antecedem a gira. Alguns Terreiros utilizam o per\u00edodo de doze ou de oito horas.<br \/>\n\n\n\n\n<h2 class=\"wp-block-heading\">O que \u00e9 ficar de preceito?<\/h2>\n\nConsiste na abstin\u00eancia de \u00e1lcool, de carne vermelha e de atos sexuais nas vinte e quatro horas que antecedem a gira. Alguns Terreiros utilizam o per\u00edodo de doze ou de oito horas.<br \/>\n\n\n\n\n<h2 class=\"wp-block-heading\">Quanto tempo a pessoa fica de preceito?<\/h2>\n\nNesse terreiro em particular, o tempo de preceito tem dura\u00e7\u00e3o de tr\u00eas meses, nos quais o m\u00e9dium se priva do contato de outras pessoas que n\u00e3o sejam iniciadas, tomando o cuidado de evitar ingerir determinados alimentos.<br \/>\n\n\n\n\n<h2 class=\"wp-block-heading\">Quanto tempo deve durar o preceito?<\/h2>\n\n\n<p><\/p>Nesse terreiro em particular, o tempo de preceito tem dura\u00e7\u00e3o de tr\u00eas meses, nos quais o m\u00e9dium se priva do contato de outras pessoas que n\u00e3o sejam iniciadas, tomando o cuidado de evitar ingerir determinados alimentos.<br \/>\n\n\n\n\n<h2 class=\"wp-block-heading\">Quantos dias a pessoa fica de preceito?<\/h2>\n\n\n<p><\/p>O preceito \u00e9 um tempo que n\u00e3o pode ser recuperado, seja de 7, 16, 21 ou 90 dias. Cumprir o preceito \u00e9 uma demonstra\u00e7\u00e3o de compromisso com o orix\u00e1, n\u00e3o apenas para que os outros vejam, mas principalmente quando estamos sozinhos, com nossa esteira e nossa caneca de agata.<br \/>\n\n\n\n\n<h2 class=\"wp-block-heading\">Como funciona o preceito da Umbanda?<\/h2>\n\n\n<p><\/p>Na Umbanda, preceito \u00e9 o termo que define todo e qualquer tipo de resguardo, preparo, recolhimento f\u00edsico, espiritual, mental, para um relacionamento mais profundo e intenso com os guias e orix\u00e1s. Com isso, diversos s\u00e3o os fundamentos e, consequentemente, os dogmas e tabus que giram em torno deste tema.<br \/>\n\n\n\n\n<h2 class=\"wp-block-heading\">Quando o preceito cai no domingo?<\/h2>\n\n\n<p><\/p>No domingo e nos outros dias de festa de preceito, os fi\u00e9is t\u00eam a obriga\u00e7\u00e3o de participar da missa ; al\u00e9m disso, devem abster-se das atividades e neg\u00f3cios que impe\u00e7am o culto a ser prestado a Deus, a alegria pr\u00f3pria do dia do Senhor e o devido descanso da mente e do corpo.<br \/>\n\n\n\n\n<h2 class=\"wp-block-heading\">O que acontece durante o preceito?<\/h2>\n\nO preceito pode se relacionar com comportamentos, alimenta\u00e7\u00e3o, cores, mas pode variar de acordo com a casa, com o ritual praticado e \u00e9 uma forma de preservar o \u00e0\u1e63\u1eb9 recebido. O preceito n\u00e3o \u00e9 uma puni\u00e7\u00e3o, uma pris\u00e3o.<br \/>\n\n\n\n\n<h2 class=\"wp-block-heading\">O que acontece no preceito?<\/h2>\n\n\n<p><\/p>Na Umbanda, o preceito \u00e9 um rito preparat\u00f3rio baseado em priva\u00e7\u00f5es, que vai al\u00e9m de n\u00e3o consumir \u00e1lcool, n\u00e3o pra\u019fcar atos sexuais e n\u00e3o comer carne vermelha, ele serve como base para a prepara\u00e7\u00e3o de um rito especifico, e cada rito tem seu pr\u00f3prio preceito. prepara o corpo e a alma para um rito espec\u00edfico.<br \/>\n\n\n\n\n<h2 class=\"wp-block-heading\">Como o preceito funciona?<\/h2>\n\n\n<p><\/p>Trata-se de um pedido de \u00ab olhe para si mesme \u00bb , \u00ab fique consigue \u00bb, \u00ab mantenha-se calmo \u00bb, \u00ab guarde a sua for\u00e7a vital durante um tempinho s\u00f3 para voc\u00ea. \u00bb Preceito tamb\u00e9m \u00e9 sobre a nossa capacidade de, para voltarmos para n\u00f3s mesmos, suportar algumas priva\u00e7\u00f5es de algo que nos rouba a nossa pr\u00f3prias for\u00e7a vital.<br \/>\n\n\n\n\n<h2 class=\"wp-block-heading\">\u00c9 pecado n\u00e3o ir \u00e0 missa de preceito?<\/h2>\n\n\n<p><\/p>Portanto, a aus\u00eancia injustificada \u00e0 Missa de Corpus Christi, sendo esta uma solenidade de preceito, pode configurar pecado grave, conforme ensina o Catecismo da Igreja Cat\u00f3lica (\u00a72181) e o C\u00f3digo de Direito Can\u00f4nico (c\u00e2n. 1247).<br \/>\n\n\n\n\n<h2 class=\"wp-block-heading\">Quais s\u00e3o os dias de preceito cat\u00f3lico?<\/h2>\n\n\n\n<h2 class=\"wp-block-heading\">Quais s\u00e3o os 4 dias santos de guarda da Igreja Cat\u00f3lica?<\/h2>\n\n\n<p><\/p>Assun\u00e7\u00e3o de Maria &#8211; 15 de agosto; Dia de Todos-os-Santos &#8211; 1 de novembro; Imaculada Concei\u00e7\u00e3o de Maria &#8211; 8 de dezembro; Natal do Senhor &#8211; 25 de dezembro.<br \/>\n\n\n\n\n<h2 class=\"wp-block-heading\">Quantos dias s\u00e3o os preceitos?<\/h2>\n\n\n<p><\/p>O preceito \u00e9 um tempo que n\u00e3o pode ser recuperado, seja de 7, 16, 21 ou 90 dias. Cumprir o preceito \u00e9 uma demonstra\u00e7\u00e3o de compromisso com o orix\u00e1, n\u00e3o apenas para que os outros vejam, mas principalmente quando estamos sozinhos, com nossa esteira e nossa caneca de agata.<br \/>\n\n\n\n\n<h2 class=\"wp-block-heading\">\u00c9 pecado ir na missa e n\u00e3o comungar?<\/h2>\n\n\n<p><\/p>A meta de todo cat\u00f3lico seria viver da eucaristia. O cat\u00f3lico, ele deve ansiar pela eucaristia. Ele deve esperar daquele momento sagrado, aquele momento sublime da comunh\u00e3o. Ent\u00e3o, se voc\u00ea est\u00e1 ainda missa, se voc\u00ea n\u00e3o tem nenhum impedimento para poder comungar.<br \/>\n\n\n\n\n<h2 class=\"wp-block-heading\">Quantos dias fica de preceito?<\/h2>\n\n\n<p><\/p>Nesse terreiro em particular, o tempo de preceito tem dura\u00e7\u00e3o de tr\u00eas meses, nos quais o m\u00e9dium se priva do contato de outras pessoas que n\u00e3o sejam iniciadas, tomando o cuidado de evitar ingerir determinados alimentos.<br \/>\n\n\n","protected":false},"excerpt":{"rendered":"<p>O que \u00e9 preceito na religi\u00e3o? Preceito no candombl\u00e9 \u2014 s\u00e3o as normas e restri\u00e7\u00f5es no preparo de alimentos e oferendas para cada Orix\u00e1. Todo orix\u00e1 tem suas comidas favoritas e tamb\u00e9m as que s\u00e3o proibidas. O que \u00e9 preceito da religi\u00e3o? Os Preceitos da Igreja s\u00e3o cinco leis positivas que a Igreja d\u00e1 para [&hellip;]<\/p>\n","protected":false},"author":2,"featured_media":0,"comment_status":"open","ping_status":"closed","sticky":false,"template":"","format":"standard","meta":{"footnotes":""},"categories":[1],"tags":[],"class_list":["post-2774","post","type-post","status-publish","format-standard","hentry","category-conteudo"],"_links":{"self":[{"href":"https:\/\/ammabarbacena.com.br\/perguntas-frequentes\/wp-json\/wp\/v2\/posts\/2774","targetHints":{"allow":["GET"]}}],"collection":[{"href":"https:\/\/ammabarbacena.com.br\/perguntas-frequentes\/wp-json\/wp\/v2\/posts"}],"about":[{"href":"https:\/\/ammabarbacena.com.br\/perguntas-frequentes\/wp-json\/wp\/v2\/types\/post"}],"author":[{"embeddable":true,"href":"https:\/\/ammabarbacena.com.br\/perguntas-frequentes\/wp-json\/wp\/v2\/users\/2"}],"replies":[{"embeddable":true,"href":"https:\/\/ammabarbacena.com.br\/perguntas-frequentes\/wp-json\/wp\/v2\/comments?post=2774"}],"version-history":[{"count":1,"href":"https:\/\/ammabarbacena.com.br\/perguntas-frequentes\/wp-json\/wp\/v2\/posts\/2774\/revisions"}],"predecessor-version":[{"id":2775,"href":"https:\/\/ammabarbacena.com.br\/perguntas-frequentes\/wp-json\/wp\/v2\/posts\/2774\/revisions\/2775"}],"wp:attachment":[{"href":"https:\/\/ammabarbacena.com.br\/perguntas-frequentes\/wp-json\/wp\/v2\/media?parent=2774"}],"wp:term":[{"taxonomy":"category","embeddable":true,"href":"https:\/\/ammabarbacena.com.br\/perguntas-frequentes\/wp-json\/wp\/v2\/categories?post=2774"},{"taxonomy":"post_tag","embeddable":true,"href":"https:\/\/ammabarbacena.com.br\/perguntas-frequentes\/wp-json\/wp\/v2\/tags?post=2774"}],"curies":[{"name":"wp","href":"https:\/\/api.w.org\/{rel}","templated":true}]}}