{"id":2764,"date":"2025-07-17T12:53:13","date_gmt":"2025-07-17T12:53:13","guid":{"rendered":"http:\/\/10965b63-a1e0-46d3-95fd-2289526d74b8"},"modified":"2025-07-17T12:53:13","modified_gmt":"2025-07-17T12:53:13","slug":"o-que-e-ambao","status":"publish","type":"post","link":"https:\/\/ammabarbacena.com.br\/perguntas-frequentes\/o-que-e-ambao\/","title":{"rendered":"O que \u00e9 amb\u00e3o"},"content":{"rendered":"\n\n<h2 class=\"wp-block-heading\">O que significa a Palavra amb\u00e3o?<\/h2>\n\nO termo Amb\u00e3o vem da palavra grega anab\u00e1ino que significa lugar elevado. Deve sempre estar num lugar destacado, vis\u00edvel e deve ser um m\u00f3vel bonito que expresse realmente um lugar de encontro e comunica\u00e7\u00e3o com Deus.<br \/>\n\n\n\n\n<h2 class=\"wp-block-heading\">Qual \u00e9 o significado do amb\u00e3o na igreja cat\u00f3lica?<\/h2>\n\n\n<p><\/p>Em muitas igrejas o amb\u00e3o fica \u00e0 esquerda do altar e da assembleia. O amb\u00e3o significa o sepulcro vazio ! Sim, Cristo ressuscitou, o sepulcro est\u00e1 vazio, e foi sobre o sepulcro vazio que o anjo anunciou a ressurrei\u00e7\u00e3o de Nosso Senhor.<br \/>\n\n\n\n\n<h2 class=\"wp-block-heading\">Onde deve ficar o amb\u00e3o da igreja?<\/h2>\n\n\n<p><\/p>Em resumo: as normas em vigor quanto ao amb\u00e3o s\u00e3o aquelas que se encontram na IGMR, atr\u00e1s citadas. Diz o nosso consulente que, na sua igreja, o amb\u00e3o fica \u00e0 esquerda de quem est\u00e1 no altar (esta esquerda, suponho eu, \u00e9 de um altar voltado para a assembleia.<br \/>\n\n\n\n\n<h2 class=\"wp-block-heading\">Qual o significado da ambula na Igreja Cat\u00f3lica?<\/h2>\n\n\n<p><\/p>Mais do que um p\u00falpito, o amb\u00e3o simboliza a presen\u00e7a viva de Cristo comunicando sua mensagem ao seu povo. Por isso, a toalha que o cobre n\u00e3o \u00e9 meramente decorativa, mas um s\u00edmbolo de respeito e rever\u00eancia pela Palavra de Deus.<br \/>\n\n\n\n\n<h2 class=\"wp-block-heading\">Qual \u00e9 a diferen\u00e7a entre p\u00falpito e amb\u00e3o?<\/h2>\n\nO amb\u00e3o, \u00e0s vezes chamado de p\u00falpito ou mesa de leitura, \u00e9 usado especificamente para ler passagens das escrituras, salmos e outros textos durante um culto na igreja.<br \/>\n\n\n\n\n<h2 class=\"wp-block-heading\">Qual a diferen\u00e7a do amb\u00e3o para o p\u00falpito?<\/h2>\n\n\n<p><\/p>Hoje, amb\u00e3o e p\u00falpito s\u00e3o frequentemente usados indistintamente para se referir ao local onde as leituras, respostas aos salmos e intercess\u00f5es gerais s\u00e3o proclamadas. O p\u00falpito \u00e9 geralmente reservado para a prega\u00e7\u00e3o e a leitura do Evangelho.<br \/>\n\n\n\n\n<h2 class=\"wp-block-heading\">O que \u00e9 o amb\u00e3o na igreja?<\/h2>\n\n\n<p><\/p>O Amb\u00e3o \u00e9 um m\u00f3vel fundamental para a proclama\u00e7\u00e3o da Palavra de Deus. \u00c9 o lugar da comunica\u00e7\u00e3o de Deus com seu povo e do povo com Deus! Pois Ele nos fala atrav\u00e9s das leituras, salmos e Evangelhos e n\u00f3s falamos atrav\u00e9s da ladainha ou da prece dos fi\u00e9is.<br \/>\n\n\n\n\n<h2 class=\"wp-block-heading\">Como se chama o altar em uma igreja evang\u00e9lica?<\/h2>\n\n\n<p><\/p>\u201cPresbit\u00e9rio \u00e9 onde fica o altar. \u00c9 o espa\u00e7o lit\u00fargico que geralmente \u00e9 mais elevado dentro da igreja para melhor visibilidade. Geralmente \u00e9 onde ficam duas mesas: a Mesa da Eucaristia e a Mesa da Palavra. No espa\u00e7o tamb\u00e9m tem a cadeira do presidente, do celebrante.<br \/>\n\n\n\n\n<h2 class=\"wp-block-heading\">Qual \u00e9 a fun\u00e7\u00e3o do p\u00falpito?<\/h2>\n\n\n<p><\/p>Nas igrejas crist\u00e3s o p\u00falpito era uma estrutura aut\u00f3noma ou adossada a uma coluna, feita em v\u00e1rios materiais e de forma normalmente poligonal. Servia para o pregador se dirigir \u00e0 assembleia de fi\u00e9is reunida na igreja.<br \/>\n\n\n\n\n<h2 class=\"wp-block-heading\">Para que serve o amb\u00e3o na igreja?<\/h2>\n\nO amb\u00e3o serve para anunciar as \u00e9pocas do Ano Lit\u00fargico e, quando usado nas catedrais protestantes, tamb\u00e9m anuncia a presen\u00e7a do bispo local.<br \/>\n\n\n\n\n<h2 class=\"wp-block-heading\">O que \u00e9 o amb\u00e3o e para que serve?<\/h2>\n\n\n<p><\/p>O amb\u00e3o \u00e9 um dos locais mais importantes dentro da igreja, pois \u00e9 de onde as Sagradas Escrituras s\u00e3o proclamadas para a congrega\u00e7\u00e3o. Mais do que um p\u00falpito, o amb\u00e3o simboliza a presen\u00e7a viva de Cristo comunicando sua mensagem ao seu povo.<br \/>\n\n\n\n\n<h2 class=\"wp-block-heading\">Que significa amb\u00e3o?<\/h2>\n\n\n<p><\/p>Originalmente, o amb\u00e3o era uma plataforma elevada, com localiza\u00e7\u00e3o um tanto vari\u00e1vel dentro da igreja (mas tipicamente localizada em dire\u00e7\u00e3o ao centro da nave , ou um pouco mais \u00e0 frente), onde as escrituras eram lidas durante a Divina Liturgia . Ainda \u00e9 usado para celebra\u00e7\u00f5es da Liturgia de S\u00e3o Tiago .<br \/>\n\n\n\n\n<h2 class=\"wp-block-heading\">O que \u00e9 o amb\u00e3o da Palavra?<\/h2>\n\n\n\n<h2 class=\"wp-block-heading\">O que \u00e9 amb\u00e3o da Palavra?<\/h2>\n\n\n<p><\/p>Logo, o amb\u00e3o \u00e9 o objeto lit\u00fargico de onde se proclama a Palavra de Deus. \u00c9 para onde os leitores, o salmista e o sacerdote se dirigem nos momentos de proclama\u00e7\u00e3o. Devido a essa atribui\u00e7\u00e3o, \u00e9 tamb\u00e9m conhecido como a Mesa da Palavra.<br \/>\n\n\n\n\n<h2 class=\"wp-block-heading\">Qual a diferen\u00e7a entre um amb\u00e3o e um p\u00falpito?<\/h2>\n\n\n\n<h2 class=\"wp-block-heading\">Qual a diferen\u00e7a entre p\u00falpito e amb\u00e3o?<\/h2>\n\n\n<p><\/p>Nas igrejas onde h\u00e1 apenas uma plataforma de leitura na frente da nave servindo tanto como atril quanto como p\u00falpito, o nome correto da plataforma \u00e9 &#8220;amb\u00e3o&#8221;. \u00c9 bastante comum no uso popular, por\u00e9m, que os amb\u00f5es sejam, incorretamente, chamados de &#8220;p\u00falpito&#8221;.<br \/>\n\n\n\n\n<h2 class=\"wp-block-heading\">O que \u00e9 um amb\u00e3o na igreja?<\/h2>\n\n\n<p><\/p>O Amb\u00e3o \u00e9 um m\u00f3vel fundamental para a proclama\u00e7\u00e3o da Palavra de Deus. \u00c9 o lugar da comunica\u00e7\u00e3o de Deus com seu povo e do povo com Deus! Pois Ele nos fala atrav\u00e9s das leituras, salmos e Evangelhos e n\u00f3s falamos atrav\u00e9s da ladainha ou da prece dos fi\u00e9is.<br \/>\n\n\n\n\n<h2 class=\"wp-block-heading\">Qual \u00e9 o significado da palavra &#8220;amb\u00e3o&#8221;?<\/h2>\n\n\n<p><\/p>\n\n<ul class=\"wp-block-list\">\n<li>Significado de Amb\u00e3o<\/li>\n<li> substantivo masculino [Arquitetura] Estrado, tribuna na nave ou no coro das igrejas primitivas que mais tarde foi substitu\u00edda pelo p\u00falpito.<\/li>\n<\/ul>\n\n\n\n\n<h2 class=\"wp-block-heading\">Onde fica a nave da igreja?<\/h2>\n\n\n\n<h2 class=\"wp-block-heading\">Onde fica a nave de uma igreja?<\/h2>\n\n\n<p><\/p>A nave, o corpo principal do edif\u00edcio, \u00e9 a se\u00e7\u00e3o separada para os leigos, enquanto a capela-mor \u00e9 reservada para o clero.<br \/>\n\n\n\n\n<h2 class=\"wp-block-heading\">Quais s\u00e3o as partes de uma igreja?<\/h2>\n\n\n<p><\/p>\n\n<ul class=\"wp-block-list\">\n<li>A porta principal e o \u00e1trio.<\/li>\n<li>A nave ou lugar dos fi\u00e9is.<\/li>\n<li>O presbit\u00e9rio.<\/li>\n<li>A capela baptismal.<\/li>\n<li>A capela do Sant\u00edssimo Sacramento ou o Sacr\u00e1rio.<\/li>\n<li>A sacristia e outros lugares da igreja.<\/li>\n<\/ul>\n\n\n\n\n<h2 class=\"wp-block-heading\">Porque a igreja se chama nave?<\/h2>\n\n\n<p><\/p>O termo nave vem de navis , a palavra latina para navio , um s\u00edmbolo crist\u00e3o primitivo da Igreja como um todo, com uma poss\u00edvel conex\u00e3o com o &#8221; Navio de S\u00e3o Pedro &#8221; ou a Arca de No\u00e9 . O termo tamb\u00e9m pode ter sido sugerido pelo formato da quilha da ab\u00f3bada de uma igreja.<br \/>\n\n\n\n\n<h2 class=\"wp-block-heading\">Onde fica o cruzeiro de uma igreja?<\/h2>\n\n\n<p><\/p>O cruzeiro \u00e9 a \u00e1rea marcada em rosa. Segundo a orienta\u00e7\u00e3o t\u00edpica da catedral (especialmente de estilo g\u00f3tico), o cruzeiro d\u00e1 acesso a Oeste \u00e0 nave, a Norte ao bra\u00e7o norte do transepto, a Sul ao bra\u00e7o sul do transepto e a Este ao coro.<br \/>\n\n\n\n\n<h2 class=\"wp-block-heading\">Onde fica a nave?<\/h2>\n\n\n<p><\/p>Natus Vincere (do latim &#8220;nascido para vencer&#8221;), abreviado como NAVI (anteriormente Na`Vi), \u00e9 uma organiza\u00e7\u00e3o de esportes eletr\u00f4nicos sediada em Kiev, Ucr\u00e2nia.<br \/>\n\n\n","protected":false},"excerpt":{"rendered":"<p>O que significa a Palavra amb\u00e3o? O termo Amb\u00e3o vem da palavra grega anab\u00e1ino que significa lugar elevado. Deve sempre estar num lugar destacado, vis\u00edvel e deve ser um m\u00f3vel bonito que expresse realmente um lugar de encontro e comunica\u00e7\u00e3o com Deus. Qual \u00e9 o significado do amb\u00e3o na igreja cat\u00f3lica? Em muitas igrejas o [&hellip;]<\/p>\n","protected":false},"author":2,"featured_media":0,"comment_status":"open","ping_status":"closed","sticky":false,"template":"","format":"standard","meta":{"footnotes":""},"categories":[1],"tags":[],"class_list":["post-2764","post","type-post","status-publish","format-standard","hentry","category-conteudo"],"_links":{"self":[{"href":"https:\/\/ammabarbacena.com.br\/perguntas-frequentes\/wp-json\/wp\/v2\/posts\/2764","targetHints":{"allow":["GET"]}}],"collection":[{"href":"https:\/\/ammabarbacena.com.br\/perguntas-frequentes\/wp-json\/wp\/v2\/posts"}],"about":[{"href":"https:\/\/ammabarbacena.com.br\/perguntas-frequentes\/wp-json\/wp\/v2\/types\/post"}],"author":[{"embeddable":true,"href":"https:\/\/ammabarbacena.com.br\/perguntas-frequentes\/wp-json\/wp\/v2\/users\/2"}],"replies":[{"embeddable":true,"href":"https:\/\/ammabarbacena.com.br\/perguntas-frequentes\/wp-json\/wp\/v2\/comments?post=2764"}],"version-history":[{"count":1,"href":"https:\/\/ammabarbacena.com.br\/perguntas-frequentes\/wp-json\/wp\/v2\/posts\/2764\/revisions"}],"predecessor-version":[{"id":2765,"href":"https:\/\/ammabarbacena.com.br\/perguntas-frequentes\/wp-json\/wp\/v2\/posts\/2764\/revisions\/2765"}],"wp:attachment":[{"href":"https:\/\/ammabarbacena.com.br\/perguntas-frequentes\/wp-json\/wp\/v2\/media?parent=2764"}],"wp:term":[{"taxonomy":"category","embeddable":true,"href":"https:\/\/ammabarbacena.com.br\/perguntas-frequentes\/wp-json\/wp\/v2\/categories?post=2764"},{"taxonomy":"post_tag","embeddable":true,"href":"https:\/\/ammabarbacena.com.br\/perguntas-frequentes\/wp-json\/wp\/v2\/tags?post=2764"}],"curies":[{"name":"wp","href":"https:\/\/api.w.org\/{rel}","templated":true}]}}