{"id":2468,"date":"2025-07-17T11:57:53","date_gmt":"2025-07-17T11:57:53","guid":{"rendered":"http:\/\/12770c26-1acf-4319-984b-403182a4a8a7"},"modified":"2025-07-17T11:57:53","modified_gmt":"2025-07-17T11:57:53","slug":"o-que-e-celetista-no-lattes","status":"publish","type":"post","link":"https:\/\/ammabarbacena.com.br\/perguntas-frequentes\/o-que-e-celetista-no-lattes\/","title":{"rendered":"O que \u00e9 celetista no lattes"},"content":{"rendered":"\n\n<h2 class=\"wp-block-heading\">O que significa celetista no Curr\u00edculo Lattes?<\/h2>\n\nCeletista: refere-se ao trabalhador cujo contrato \u00e9 regido pelas normas estabelecidas pela CLT.<br \/>\n\n\n\n\n<h2 class=\"wp-block-heading\">Como fa\u00e7o para colocar v\u00ednculo empregat\u00edcio no Curr\u00edculo Lattes?<\/h2>\n\n\n<p><\/p>Na nova vers\u00e3o do curr\u00edculo, a op\u00e7\u00e3o \u201cPossui v\u00ednculo empregat\u00edcio\u201d ser\u00e1 preenchida de forma autom\u00e1tica, conforme segue abaixo: a) Quando o v\u00ednculo escolhido for Servidor p\u00fablico ou Celetista, o campo \u201cPossui v\u00ednculo empregat\u00edcio&#8221; ser\u00e1 preenchido com o valor SIM.<br \/>\n\n\n\n\n<h2 class=\"wp-block-heading\">Como devo listar minha atua\u00e7\u00e3o profissional no Curr\u00edculo Lattes?<\/h2>\n\n\n<p><\/p>A se\u00e7\u00e3o de Atua\u00e7\u00e3o Profissional no Curr\u00edculo Lattes \u00e9 o espa\u00e7o dedicado a destacar suas experi\u00eancias de trabalho no meio acad\u00eamico e cient\u00edfico. Aqui, voc\u00ea deve listar suas atividades como professor, pesquisador, colaborador em projetos e demais cargos relacionados \u00e0 sua \u00e1rea de atua\u00e7\u00e3o.<br \/>\n\n\n\n\n<h2 class=\"wp-block-heading\">O que significa &#8220;Tipo de v\u00ednculo&#8221; no Curr\u00edculo Lattes?<\/h2>\n\n\n<p><\/p>O campo \u201cTipo de v\u00ednculo\u201d traz as op\u00e7\u00f5es \u201cServidor p\u00fablico\u201d, \u201cCeletista\u201d, \u201cProfessor visitante\u201d, \u201cColaborador\u201d, \u201cBolsista\u201d e \u201cOutro (especifique)\u201d. Se voc\u00ea for professor Estatut\u00e1rio, deve assinalar a op\u00e7\u00e3o \u201cServidos p\u00fablico\u201d; em \u201cEnquadramento funcional\u201d coloque, p. ex., \u201cProfessor Doutor MS-3 \/ RDIDP\u201d.<br \/>\n\n\n\n\n<h2 class=\"wp-block-heading\">O que significa &#8220;enquadramento profissional&#8221; no Lattes?<\/h2>\n\n\n<p><\/p>No enquadramento funcional voc\u00ea preenche de acordo com o que a institui\u00e7\u00e3o chama essa atividade. Por exemplo: Respons\u00e1vel pela disciplina, professor, doc\u00eancia, etc. E em outras informa\u00e7\u00f5es voc\u00ea pode descrever as atividades desenvolvidas e\/ou outras informa\u00e7\u00f5es que possam ser relevantes em uma sele\u00e7\u00e3o de curr\u00edculos.<br \/>\n\n\n\n\n<h2 class=\"wp-block-heading\">Como colocar trabalho aut\u00f4nomo no Curr\u00edculo Lattes?<\/h2>\n\n\n<p><\/p>\n\n<ul class=\"wp-block-list\">\n<li>Nome da profiss\u00e3o;<\/li>\n<li>\u201c Aut\u00f4nomo \u201d ou \u201cfreelancer\u201d;<\/li>\n<li>Data de in\u00edcio e t\u00e9rmino da experi\u00eancia;<\/li>\n<li>Cerca de cinco responsabilidades ou conquistas dessa experi\u00eancia de aut\u00f4nomo.<\/li>\n<\/ul>\n\n\n\n\n<h2 class=\"wp-block-heading\">O que colocar em atua\u00e7\u00e3o profissional no Lattes?<\/h2>\n\n\n\n<ul class=\"wp-block-list\">\n<li>Atua\u00e7\u00e3o Profissional<\/li>\n<li> Mas tamb\u00e9m, pode incluir os Est\u00e1gios Profissionais, Empregos de Meio Per\u00edodo e Atividades Volunt\u00e1rias relacionadas \u00e0 sua Profiss\u00e3o. \u00c9 poss\u00edvel acrescentar tamb\u00e9m experi\u00eancias em iniciativas empreendedoras, startups ou projetos de neg\u00f3cios relacionados \u00e0 sua \u00e1rea de estudo.<\/li>\n<\/ul>\n\n\n\n\n<h2 class=\"wp-block-heading\">O que colocar na \u00e1rea de atua\u00e7\u00e3o profissional?<\/h2>\n\n\n<p><\/p>Basicamente, a \u00e1rea de atua\u00e7\u00e3o diz respeito ao segmento em que as profiss\u00f5es est\u00e3o inseridas. Defini-la pode ser o primeiro passo para escolher qual carreira seguir profissionalmente. Dentro das possibilidades para atuar, \u00e9 poss\u00edvel encontrar, al\u00e9m das profiss\u00f5es, os cargos, a m\u00e9dia salarial e as ocupa\u00e7\u00f5es atribu\u00eddas.<br \/>\n\n\n\n\n<h2 class=\"wp-block-heading\">O que escrever em atua\u00e7\u00e3o profissional?<\/h2>\n\n\n<p><\/p>\n\n<ul class=\"wp-block-list\">\n<li>nome da empresa onde trabalha ou j\u00e1 trabalhou;<\/li>\n<li>per\u00edodo que trabalhou na organiza\u00e7\u00e3o (ou ainda est\u00e1 trabalhando);<\/li>\n<li>descri\u00e7\u00e3o da empresa (breve);<\/li>\n<li>\u00faltimo cargo ou fun\u00e7\u00e3o que atuou;<\/li>\n<li>descri\u00e7\u00e3o das suas atividades na organiza\u00e7\u00e3o.<\/li>\n<\/ul>\n\n\n\n\n<h2 class=\"wp-block-heading\">Como colocar \u00e1rea de atua\u00e7\u00e3o no lattes?<\/h2>\n\n\n<p><\/p>O usu\u00e1rio dever\u00e1 clicar no bot\u00e3o &#8216;Adicionar \u00e1rea predominante&#8217; para incluir uma \u00e1rea predominante. Feito isso, ser\u00e1 apresentado uma tela com as op\u00e7\u00f5es de visualizar em &#8216;\u00c1rvore&#8217; ou &#8216;Lista&#8217; (Figura 10).<br \/>\n\n\n\n\n<h2 class=\"wp-block-heading\">Como colocar atua\u00e7\u00e3o profissional no curr\u00edculo?<\/h2>\n\n\n<p><\/p>\n\n<ul class=\"wp-block-list\">\n<li>Conhe\u00e7a bem seu objetivo antes de descrev\u00ea-lo. &#8230;<\/li>\n<li>Destaque as principais habilidades desenvolvidas nesse campo. &#8230;<\/li>\n<li>Seja breve e direto no campo de atua\u00e7\u00e3o. &#8230;<\/li>\n<li>Use bem palavras-chave no campo de atua\u00e7\u00e3o. &#8230;<\/li>\n<li>Adapte seu curr\u00edculo para cada vaga.<\/li>\n<\/ul>\n\n\n\n\n<h2 class=\"wp-block-heading\">O que colocar em atua\u00e7\u00e3o profissional no curr\u00edculo lattes?<\/h2>\n\n\n<p><\/p>\n\n<ul class=\"wp-block-list\">\n<li>Atua\u00e7\u00e3o Profissional<\/li>\n<li> Mas tamb\u00e9m, pode incluir os Est\u00e1gios Profissionais, Empregos de Meio Per\u00edodo e Atividades Volunt\u00e1rias relacionadas \u00e0 sua Profiss\u00e3o. \u00c9 poss\u00edvel acrescentar tamb\u00e9m experi\u00eancias em iniciativas empreendedoras, startups ou projetos de neg\u00f3cios relacionados \u00e0 sua \u00e1rea de estudo.<\/li>\n<\/ul>\n\n\n\n\n<h2 class=\"wp-block-heading\">O que n\u00e3o colocar no latte?<\/h2>\n\nAqui voc\u00ea n\u00e3o precisa se preocupar com inser\u00e7\u00e3o de aspas para falar os t\u00edtulos de trabalhos, asteriscos ou mesmo travess\u00e3o. No geral, s\u00e3o completamente desnecess\u00e1rios. Inclusive, alguns pontos podem aparecer como interroga\u00e7\u00e3o (uma convers\u00e3o da plataforma), por isso \u00e9 interessante evit\u00e1-los.<br \/>\n\n\n\n\n<h2 class=\"wp-block-heading\">O que n\u00e3o colocar no Curr\u00edculo Lattes?<\/h2>\n\n\n<p><\/p>\n\n<ul class=\"wp-block-list\">\n<li>1) Curr\u00edculo Lattes n\u00e3o \u00e9 rede social! &#8230;<\/li>\n<li>2) Experi\u00eancias profissionais n\u00e3o relacionadas. &#8230;<\/li>\n<li>3) Cursos e eventos sem impacto na carreira. &#8230;<\/li>\n<li>4) Produ\u00e7\u00f5es cient\u00edficas de baixa qualidade ou n\u00e3o comprovadas. &#8230;<\/li>\n<li>5) Repeti\u00e7\u00f5es e informa\u00e7\u00f5es desatualizadas. &#8230;<\/li>\n<li>6) Pr\u00eamios e reconhecimentos de baixa express\u00e3o.<\/li>\n<\/ul>\n\n\n\n\n<h2 class=\"wp-block-heading\">O que o curr\u00edculo n\u00e3o Lattes?<\/h2>\n\n\n<p><\/p>Os curr\u00edculos profissionais devem ser estruturados para cada vaga, visando palavras-chave e pr\u00e9-requisitos que a empresa prop\u00f5e. Logo, a inten\u00e7\u00e3o \u00e9 que as informa\u00e7\u00f5es inseridas ajudem o candidato no processo seletivo. J\u00e1 no lattes, n\u00e3o importa para qual a oportunidade, o perfil ter\u00e1 os mesmos dados.<br \/>\n\n\n\n\n<h2 class=\"wp-block-heading\">O que pode ser colocado no Curr\u00edculo Lattes?<\/h2>\n\n\n<p><\/p>Neste local voc\u00ea lista todas suas publica\u00e7\u00f5es, como artigos publicados ou aceitos para publica\u00e7\u00e3o em revistas cient\u00edficas, livros e cap\u00edtulos de livros que voc\u00ea tenha escrito ou coeditado, tradu\u00e7\u00f5es de artigos e livros, e tamb\u00e9m trabalhos publicados em anais de eventos.<br \/>\n\n\n\n\n<h2 class=\"wp-block-heading\">O que devo colocar no latte?<\/h2>\n\n\n<p><\/p>S\u00e3o solicitados dados pessoais; forma\u00e7\u00e3o acad\u00eamica; idiomas e compet\u00eancias na fala, escrita e leitura; \u00e1rea de produ\u00e7\u00e3o cient\u00edfica; artigos publicados; projetos de pesquisa ou de extens\u00e3o que tenha desenvolvido; e grupos de pesquisa que participe ou tenha participado.<br \/>\n\n\n\n\n<h2 class=\"wp-block-heading\">Posso colocar cursos livres no Curr\u00edculo Lattes?<\/h2>\n\n\n<p><\/p>\u00c9 poss\u00edvel inserir diversos cursos no Lattes, tanto de n\u00edvel superior como tamb\u00e9m minicursos e cursos livres. Esse tipo de informa\u00e7\u00e3o s\u00e3o as mais comuns visto que constituem a base de todo tipo de experi\u00eancia cient\u00edfica e acad\u00eamica.<br \/>\n\n\n\n\n<h2 class=\"wp-block-heading\">O que \u00e9 enquadramento profissional no Lattes?<\/h2>\n\n\n\n<h2 class=\"wp-block-heading\">O que \u00e9 enquadramento profissional Lattes?<\/h2>\n\n\n<p><\/p>Al\u00e9m de embasar subs\u00eddios \u00e0 avalia\u00e7\u00e3o da pesquisa e da p\u00f3s- gradua\u00e7\u00e3o brasileira e \u00e0 avalia\u00e7\u00e3o da compet\u00eancia de candidatos \u00e0 obten\u00e7\u00e3o de bolsas e aux\u00edlios, o Lattes \u00e9 utilizado como um dos principais indicadores para selecionar candidatos a vagas em universidades (ingresso e progress\u00e3o de carreira), selecionar &#8230;<br \/>\n\n\n\n\n<h2 class=\"wp-block-heading\">O que colocar na atua\u00e7\u00e3o profissional do Lattes?<\/h2>\n\n\n<p><\/p>\n\n<ul class=\"wp-block-list\">\n<li>Atua\u00e7\u00e3o Profissional<\/li>\n<li> \u00c9 poss\u00edvel acrescentar tamb\u00e9m experi\u00eancias em iniciativas empreendedoras, startups ou projetos de neg\u00f3cios relacionados \u00e0 sua \u00e1rea de estudo. Destaque em cada caso seu papel e suas contribui\u00e7\u00f5es.<\/li>\n<\/ul>\n\n\n\n\n<h2 class=\"wp-block-heading\">O que colocar no enquadramento funcional?<\/h2>\n\n\n<p><\/p>O enquadramento funcional como professor pressup\u00f5e que o profissional comprove possuir a forma\u00e7\u00e3o necess\u00e1ria que o habilite ao exerc\u00edcio da fun\u00e7\u00e3o, bem como demonstre possuir o registro no Minist\u00e9rio da Educa\u00e7\u00e3o e Cultura.<br \/>\n\n\n\n\n<h2 class=\"wp-block-heading\">O que \u00e9 enquadramento profissional?<\/h2>\n\n\n<p><\/p>O enquadramento por categoria profissional consta em um reconhecimento presumido das atividades exercidas pelo trabalhador, exposto \u00e0s atividades perigosas, insalubres ou penosas.<br \/>\n\n\n\n\n<h2 class=\"wp-block-heading\">Qual a diferen\u00e7a entre especializa\u00e7\u00e3o e p\u00f3s-gradua\u00e7\u00e3o?<\/h2>\n\n\n<p><\/p>Todos os cursos que voc\u00ea faz ap\u00f3s a gradua\u00e7\u00e3o universit\u00e1ria fazem parte do que se chama p\u00f3s-gradua\u00e7\u00e3o. Por isso, mestrado, doutorado, MBA e especializa\u00e7\u00e3o se encaixam nessa categoria.<br \/>\n\n\n\n\n<h2 class=\"wp-block-heading\">O que significa ser celetista?<\/h2>\n\n\n\n<h2 class=\"wp-block-heading\">Qual a vantagem de ser celetista?<\/h2>\n\n\n<p><\/p>Um dos pontos fortes do regime celetista \u00e9 a prote\u00e7\u00e3o jur\u00eddica que a CLT garante ao trabalhador. Portanto, em caso de desrespeito aos direitos trabalhistas, o trabalhador pode recorrer \u00e0 Justi\u00e7a do Trabalho, onde se resolvem conflitos de forma mais \u00e1gil e espec\u00edfica.<br \/>\n\n\n\n\n<h2 class=\"wp-block-heading\">Qual a diferen\u00e7a entre CLT e Celetista?<\/h2>\n\n\n<p><\/p>Qual a diferen\u00e7a entre CLT e celetista ? A CLT (Consolida\u00e7\u00e3o das Leis do Trabalho) \u00e9 a legisla\u00e7\u00e3o que regula as rela\u00e7\u00f5es de trabalho no Brasil, aplicando-se tanto a empregados do setor privado quanto a alguns trabalhadores do setor p\u00fablico. O termo \u201c celetista \u201d refere-se ao trabalhador contratado sob o regime da CLT.<br \/>\n\n\n\n\n<h2 class=\"wp-block-heading\">Como saber se sou celetista?<\/h2>\n\n\n<p><\/p>Regime celetista: Aplica-se tanto a empregados do setor privado quanto a alguns empregados p\u00fablicos. \u00c9 regido pela CLT, garantindo direitos como FGTS, f\u00e9rias, 13\u00ba sal\u00e1rio e outros benef\u00edcios previstos na legisla\u00e7\u00e3o trabalhista.<br \/>\n\n\n\n\n<h2 class=\"wp-block-heading\">Qual o melhor regime trabalhista?<\/h2>\n\n\n<p><\/p>\n\n<ul class=\"wp-block-list\">\n<li>Escolhendo entre PJ e CLT<\/li>\n<li> Estabilidade financeira: Se voc\u00ea valoriza a seguran\u00e7a financeira e os benef\u00edcios proporcionados pela CLT, esse regime pode ser mais adequado para voc\u00ea. Autonomia e flexibilidade: Se busca mais autonomia e a possibilidade de gerenciar sua pr\u00f3pria carreira, o regime PJ pode ser a melhor escolha.<\/li>\n<\/ul>\n\n\n\n\n<h2 class=\"wp-block-heading\">Como colocar trabalho aut\u00f4nomo no Lattes?<\/h2>\n\n\n\n<ul class=\"wp-block-list\">\n<li>Nome da profiss\u00e3o;<\/li>\n<li>\u201c Aut\u00f4nomo \u201d ou \u201cfreelancer\u201d;<\/li>\n<li>Data de in\u00edcio e t\u00e9rmino da experi\u00eancia;<\/li>\n<li>Cerca de cinco responsabilidades ou conquistas dessa experi\u00eancia de aut\u00f4nomo.<\/li>\n<\/ul>\n\n\n\n\n<h2 class=\"wp-block-heading\">Como colocar aut\u00f4nomo no Curr\u00edculo Lattes?<\/h2>\n\n\n<p><\/p>\n\n<ul class=\"wp-block-list\">\n<li>Nome da profiss\u00e3o;<\/li>\n<li>\u201c Aut\u00f4nomo \u201d ou \u201cfreelancer\u201d;<\/li>\n<li>Data de in\u00edcio e t\u00e9rmino da experi\u00eancia;<\/li>\n<li>Cerca de cinco responsabilidades ou conquistas dessa experi\u00eancia de aut\u00f4nomo.<\/li>\n<\/ul>\n\n\n\n\n<h2 class=\"wp-block-heading\">Como colocar no curr\u00edculo que trabalhei aut\u00f4nomo?<\/h2>\n\n\n<p><\/p>Se voc\u00ea quer colocar no curr\u00edculo experi\u00eancia aut\u00f4noma basta fazer o seguinte: Escreva o nome da sua profiss\u00e3o + aut\u00f4nomo; Coloque a data de in\u00edcio da sua atividade; Informa a data de t\u00e9rmino (coloque \u201cpresente\u201d se ainda pratica);<br \/>\n\n\n\n\n<h2 class=\"wp-block-heading\">O que n\u00e3o colocar no Lattes?<\/h2>\n\n\n<p><\/p>\n\n<ul class=\"wp-block-list\">\n<li>1) Curr\u00edculo Lattes n\u00e3o \u00e9 rede social! &#8230;<\/li>\n<li>2) Experi\u00eancias profissionais n\u00e3o relacionadas. &#8230;<\/li>\n<li>3) Cursos e eventos sem impacto na carreira. &#8230;<\/li>\n<li>4) Produ\u00e7\u00f5es cient\u00edficas de baixa qualidade ou n\u00e3o comprovadas. &#8230;<\/li>\n<li>5) Repeti\u00e7\u00f5es e informa\u00e7\u00f5es desatualizadas. &#8230;<\/li>\n<li>6) Pr\u00eamios e reconhecimentos de baixa express\u00e3o.<\/li>\n<\/ul>\n\n\n","protected":false},"excerpt":{"rendered":"<p>O que significa celetista no Curr\u00edculo Lattes? Celetista: refere-se ao trabalhador cujo contrato \u00e9 regido pelas normas estabelecidas pela CLT. Como fa\u00e7o para colocar v\u00ednculo empregat\u00edcio no Curr\u00edculo Lattes? Na nova vers\u00e3o do curr\u00edculo, a op\u00e7\u00e3o \u201cPossui v\u00ednculo empregat\u00edcio\u201d ser\u00e1 preenchida de forma autom\u00e1tica, conforme segue abaixo: a) Quando o v\u00ednculo escolhido for Servidor p\u00fablico [&hellip;]<\/p>\n","protected":false},"author":2,"featured_media":0,"comment_status":"open","ping_status":"closed","sticky":false,"template":"","format":"standard","meta":{"footnotes":""},"categories":[1],"tags":[],"class_list":["post-2468","post","type-post","status-publish","format-standard","hentry","category-conteudo"],"_links":{"self":[{"href":"https:\/\/ammabarbacena.com.br\/perguntas-frequentes\/wp-json\/wp\/v2\/posts\/2468","targetHints":{"allow":["GET"]}}],"collection":[{"href":"https:\/\/ammabarbacena.com.br\/perguntas-frequentes\/wp-json\/wp\/v2\/posts"}],"about":[{"href":"https:\/\/ammabarbacena.com.br\/perguntas-frequentes\/wp-json\/wp\/v2\/types\/post"}],"author":[{"embeddable":true,"href":"https:\/\/ammabarbacena.com.br\/perguntas-frequentes\/wp-json\/wp\/v2\/users\/2"}],"replies":[{"embeddable":true,"href":"https:\/\/ammabarbacena.com.br\/perguntas-frequentes\/wp-json\/wp\/v2\/comments?post=2468"}],"version-history":[{"count":1,"href":"https:\/\/ammabarbacena.com.br\/perguntas-frequentes\/wp-json\/wp\/v2\/posts\/2468\/revisions"}],"predecessor-version":[{"id":2469,"href":"https:\/\/ammabarbacena.com.br\/perguntas-frequentes\/wp-json\/wp\/v2\/posts\/2468\/revisions\/2469"}],"wp:attachment":[{"href":"https:\/\/ammabarbacena.com.br\/perguntas-frequentes\/wp-json\/wp\/v2\/media?parent=2468"}],"wp:term":[{"taxonomy":"category","embeddable":true,"href":"https:\/\/ammabarbacena.com.br\/perguntas-frequentes\/wp-json\/wp\/v2\/categories?post=2468"},{"taxonomy":"post_tag","embeddable":true,"href":"https:\/\/ammabarbacena.com.br\/perguntas-frequentes\/wp-json\/wp\/v2\/tags?post=2468"}],"curies":[{"name":"wp","href":"https:\/\/api.w.org\/{rel}","templated":true}]}}