{"id":2450,"date":"2025-07-17T11:53:30","date_gmt":"2025-07-17T11:53:30","guid":{"rendered":"http:\/\/9f99af30-5c1c-4405-b665-b3ce1936324f"},"modified":"2025-07-17T11:53:30","modified_gmt":"2025-07-17T11:53:30","slug":"o-que-e-tumefacao-massa-ou-tumoracao","status":"publish","type":"post","link":"https:\/\/ammabarbacena.com.br\/perguntas-frequentes\/o-que-e-tumefacao-massa-ou-tumoracao\/","title":{"rendered":"O que \u00e9 tumefa\u00e7\u00e3o massa ou tumora\u00e7\u00e3o"},"content":{"rendered":"\n\n<h2 class=\"wp-block-heading\">O que \u00e9 tumefa\u00e7\u00e3o massa?<\/h2>\n\n\n\n<ul class=\"wp-block-list\">\n<li>Tumefa\u00e7\u00e3o, massa ou tumora\u00e7\u00e3o localizadas de membro superior<\/li>\n<li> O c\u00f3digo CID R22. 3 refere-se a uma tumefa\u00e7\u00e3o, massa ou tumora\u00e7\u00e3o localizada no membro superior, que corresponde a um aumento ou volume anormal, geralmente detectado por palpa\u00e7\u00e3o ou exame de imagem.<\/li>\n<\/ul>\n\n\n\n\n<h2 class=\"wp-block-heading\">O que significa tumefa\u00e7\u00e3o massa?<\/h2>\n\n\n<p><\/p>CID R22: o que significa? O CID R22 designa tumefa\u00e7\u00e3o, massa ou tumora\u00e7\u00e3o localizadas da pele e do tecido subcut\u00e2neo.<br \/>\n\n\n\n\n<h2 class=\"wp-block-heading\">O que \u00e9 massa tumora\u00e7\u00e3o?<\/h2>\n\n\n<p><\/p>O tumor (tamb\u00e9m chamado de neoplasia) \u00e9 uma massa de tecido formado por c\u00e9lulas anormais, que se multiplicam descontroladamente e\/ou n\u00e3o morrem quando deveriam. Os fatores que podem se associar \u00e0 ocorr\u00eancia de muta\u00e7\u00f5es celulares s\u00e3o diversos, como: fatores heredit\u00e1rios (gen\u00e9tica);<br \/>\n\n\n\n\n<h2 class=\"wp-block-heading\">O que \u00e9 tumefa\u00e7\u00e3o, massa ou tumor localizadas da cabe\u00e7a?<\/h2>\n\n\n<p><\/p>O c\u00f3digo CID R22. 0 refere-se \u00e0 tumefa\u00e7\u00e3o, massa ou tumora\u00e7\u00e3o localizadas na cabe\u00e7a, indicando a presen\u00e7a de um aumento anormal, crescimento ou n\u00f3dulo palp\u00e1vel em \u00e1reas craniofaciais, que podem ser resultado de diversas causas.<br \/>\n\n\n\n\n<h2 class=\"wp-block-heading\">O que provoca tumefa\u00e7\u00e3o?<\/h2>\n\n\n<p><\/p>A tumefa\u00e7\u00e3o (degenera\u00e7\u00e3o hidr\u00f3pica ou vacuolar) \u00e9 les\u00e3o celular revers\u00edvel, devido ao ac\u00famulo de \u00e1gua e eletr\u00f3litos no citoplasma e nas organelas celulares, por dist\u00farbio hidroeletrol\u00edtico, tornando-as volumosas, tumefeitas.<br \/>\n\n\n\n\n<h2 class=\"wp-block-heading\">O que \u00e9 tumora\u00e7\u00e3o ou tumefa\u00e7\u00e3o?<\/h2>\n\n7 Tumefa\u00e7\u00e3o \u00e9 uma condi\u00e7\u00e3o m\u00e9dica caracterizada pela presen\u00e7a de uma massa ou tumora\u00e7\u00e3o localizada em m\u00faltiplas \u00e1reas do corpo. Essa condi\u00e7\u00e3o pode ser benigna ou maligna e \u00e9 importante identificar os sintomas precocemente para um tratamento adequado.<br \/>\n\n\n\n\n<h2 class=\"wp-block-heading\">O que seria uma tumefa\u00e7\u00e3o?<\/h2>\n\n\n<p><\/p>Tumefa\u00e7\u00f5es s\u00e3o protuber\u00e2ncias r\u00edgidas com formato de cone na pele, comumente encontradas no topo da superf\u00edcie do quinto podod\u00e1ctilo, especialmente sobre a articula\u00e7\u00e3o. Os calos s\u00e3o espessamentos amplos e planos da pele geralmente localizados nas palmas ou solas.<br \/>\n\n\n\n\n<h2 class=\"wp-block-heading\">O que \u00e9 presen\u00e7a de tumora\u00e7\u00e3o?<\/h2>\n\n\n<p><\/p>Neoplasia, tamb\u00e9m chamada de neoplasma ou tumor, refere-se \u00e0 prolifera\u00e7\u00e3o desordenada e anormal de c\u00e9lulas em tecidos ou \u00f3rg\u00e3os. Esse processo pode ocorrer sem causa aparente e pode ser caracterizado por crescimento progressivo e perda de diferencia\u00e7\u00e3o celular, afetando todos os organismos vivos.<br \/>\n\n\n\n\n<h2 class=\"wp-block-heading\">O que significa tumefa\u00e7\u00e3o, massa ou tumora\u00e7\u00e3o?<\/h2>\n\n\n<p><\/p>7 Tumefa\u00e7\u00e3o \u00e9 uma condi\u00e7\u00e3o m\u00e9dica caracterizada pela presen\u00e7a de uma massa ou tumora\u00e7\u00e3o localizada em m\u00faltiplas \u00e1reas do corpo. Essa condi\u00e7\u00e3o pode ser benigna ou maligna e \u00e9 importante identificar os sintomas precocemente para um tratamento adequado.<br \/>\n\n\n\n\n<h2 class=\"wp-block-heading\">O que \u00e9 exame de tumora\u00e7\u00e3o?<\/h2>\n\n\n<p><\/p>O exame de marcador tumoral \u00e9 relativamente simples: o m\u00e9dico retira uma amostra de tecido do pr\u00f3prio tumor ou de fluidos corporais e os envia ao laborat\u00f3rio, que utiliza t\u00e9cnicas de imunohistoqu\u00edmica para analisar os n\u00edveis de marcadores tumorais.<br \/>\n\n\n\n\n<h2 class=\"wp-block-heading\">O que \u00e9 massa de tumora\u00e7\u00e3o?<\/h2>\n\nUm tumor (neoplasia) \u00e9 uma massa s\u00f3lida de tecido que se forma quando c\u00e9lulas anormais se agrupam. Eles podem se formar em praticamente qualquer parte do corpo, incluindo ossos, pele, tecidos, \u00f3rg\u00e3os e gl\u00e2ndulas.<br \/>\n\n\n\n\n<h2 class=\"wp-block-heading\">O que significa massa tumora\u00e7\u00e3o?<\/h2>\n\n\n<p><\/p>Um tumor (neoplasia) \u00e9 uma massa s\u00f3lida de tecido que se forma quando c\u00e9lulas anormais se agrupam. Eles podem se formar em praticamente qualquer parte do corpo, incluindo ossos, pele, tecidos, \u00f3rg\u00e3os e gl\u00e2ndulas.<br \/>\n\n\n\n\n<h2 class=\"wp-block-heading\">Que significa tumora\u00e7\u00e3o?<\/h2>\n\n\n<p><\/p>Tamb\u00e9m chamado de neoplasia, esse termo \u00e9 utilizado para tratar da prolifera\u00e7\u00e3o excessiva de c\u00e9lulas em determinadas partes do corpo. As raz\u00f5es para o surgimento e para o posterior crescimento dos tumores podem variar bastante. H\u00e1 casos que s\u00e3o influenciados por quest\u00f5es gen\u00e9ticas.<br \/>\n\n\n\n\n<h2 class=\"wp-block-heading\">Qual a diferen\u00e7a entre massa e tumor?<\/h2>\n\n\n<p><\/p>\u00c0 medida que as c\u00e9lulas cancerosas crescem e se multiplicam, formam uma massa de tecido, denominada tumor, que invade e destr\u00f3i os tecidos normais adjacentes. O termo tumor refere-se a um crescimento ou massa anormal. Os tumores podem ser cancerosos ou n\u00e3o cancerosos.<br \/>\n\n\n\n\n<h2 class=\"wp-block-heading\">O que \u00e9 uma massa tumoral?<\/h2>\n\n\n<p><\/p>O tumor (tamb\u00e9m chamado de neoplasia) \u00e9 uma massa de tecido formado por c\u00e9lulas anormais, que se multiplicam descontroladamente e\/ou n\u00e3o morrem quando deveriam. Os fatores que podem se associar \u00e0 ocorr\u00eancia de muta\u00e7\u00f5es celulares s\u00e3o diversos, como: fatores heredit\u00e1rios (gen\u00e9tica);<br \/>\n\n\n\n\n<h2 class=\"wp-block-heading\">O que \u00e9 tumefa\u00e7\u00e3o?<\/h2>\n\nA tumefa\u00e7\u00e3o (degenera\u00e7\u00e3o hidr\u00f3pica ou vacuolar) \u00e9 les\u00e3o celular revers\u00edvel, devido ao ac\u00famulo de \u00e1gua e eletr\u00f3litos no citoplasma e nas organelas celulares, por dist\u00farbio hidroeletrol\u00edtico, tornando-as volumosas, tumefeitas.<br \/>\n\n\n\n\n<h2 class=\"wp-block-heading\">O que causa a tumefa\u00e7\u00e3o?<\/h2>\n\n\n<p><\/p>A tumefa\u00e7\u00e3o (degenera\u00e7\u00e3o hidr\u00f3pica ou vacuolar) \u00e9 les\u00e3o celular revers\u00edvel, devido ao ac\u00famulo de \u00e1gua e eletr\u00f3litos no citoplasma e nas organelas celulares, por dist\u00farbio hidroeletrol\u00edtico, tornando-as volumosas, tumefeitas.<br \/>\n\n\n\n\n<h2 class=\"wp-block-heading\">O que \u00e9 tumefa\u00e7\u00e3o articular?<\/h2>\n\n\n<p><\/p>A tumefa\u00e7\u00e3o ou incha\u00e7o do joelho, conhecido no meio medico como \u201cderrame articular\u201d e popularmente como \u201c\u00e1gua no joelho\u201d \u00e9 uma situa\u00e7\u00e3o relativamente frequente nos esportes e desencadeada nem sempre por apenas uma, mas muitas vezes por v\u00e1rias causas associadas.<br \/>\n\n\n\n\n<h2 class=\"wp-block-heading\">O que \u00e9 tumefa\u00e7\u00e3o de partes moles?<\/h2>\n\n\n<p><\/p>Os tumores de partes moles benignos s\u00e3o crescimentos anormais que surgem em tecidos como m\u00fasculos, vasos sangu\u00edneos, nervos, gordura e outros tecidos conjuntivos. Por serem benignos, n\u00e3o s\u00e3o cancerosos e n\u00e3o se espalham para outras partes do corpo.<br \/>\n\n\n\n\n<h2 class=\"wp-block-heading\">O que \u00e9 massa tumora\u00e7\u00e3o ou tumefa\u00e7\u00e3o intra-abdominal?<\/h2>\n\nUma massa abdominal \u00e9 um crescimento ou tumor na barriga. Muitas coisas podem caus\u00e1-la, incluindo cistos, c\u00e2nceres e outras doen\u00e7as. Algumas massas abdominais s\u00e3o inofensivas, mas outras podem ser fatais. Dependendo da condi\u00e7\u00e3o subjacente, voc\u00ea pode ter uma ou v\u00e1rias massas.<br \/>\n\n\n\n\n<h2 class=\"wp-block-heading\">O que significa massa tumora\u00e7\u00e3o ou tumefa\u00e7\u00e3o?<\/h2>\n\n\n<p><\/p>Do dicion\u00e1rio: a palavra tumor \u00e9 um substantivo masculino que na antiguidade ou hist\u00f3ria da medicina era utilizada para definir qualquer incha\u00e7o ou tumefa\u00e7\u00e3o, edema ou massa. Modernamente na medicina utilizado como : crescimento m\u00f3rbido de tecido org\u00e2nico, neoplasma, neoplasia.<br \/>\n\n\n\n\n<h2 class=\"wp-block-heading\">O que \u00e9 massa tumoral abdominal?<\/h2>\n\n\n<p><\/p>Uma massa abdominal \u00e9 um incha\u00e7o em uma parte da \u00e1rea da barriga (abd\u00f4men). Os tumores fibroides podem n\u00e3o precisar ser removidos se n\u00e3o estiverem causando dor, sangrando excessivamente ou crescendo rapidamente.<br \/>\n\n\n\n\n<h2 class=\"wp-block-heading\">O que \u00e9 tumefa\u00e7\u00e3o intra-abdominal?<\/h2>\n\n\n<p><\/p>O c\u00f3digo CID R19. 0 refere-se \u00e0 presen\u00e7a de massa, tumora\u00e7\u00e3o ou tumefa\u00e7\u00e3o na regi\u00e3o intra-abdominal e p\u00e9lvica, condi\u00e7\u00f5es que indicam aumento ou anormalidade nos \u00f3rg\u00e3os ou tecidos dessas regi\u00f5es.<br \/>\n\n\n\n\n<h2 class=\"wp-block-heading\">O que \u00e9 tumefa\u00e7\u00e3o massa ou tumora\u00e7\u00e3o CID?<\/h2>\n\n\n<p><\/p>CID R22 \u2013 Tumefa\u00e7\u00e3o, massa ou tumora\u00e7\u00e3o localizadas da pele e do tecido subcut\u00e2neo. CID R22 \u00e9 o c\u00f3digo usado para \u201cTumefa\u00e7\u00e3o, massa ou tumora\u00e7\u00e3o localizadas da pele e do tecido subcut\u00e2neo\u201d na Classifica\u00e7\u00e3o Internacional de Doen\u00e7as. Ao longo deste artigo, apresento o conceito e a conduta m\u00e9dica esperada para esses casos &#8230;<br \/>\n\n\n\n\n<h2 class=\"wp-block-heading\">Como tratar tumefa\u00e7\u00e3o?<\/h2>\n\nPara remover a pele espessa, as pessoas podem utilizar lixas de unha ou pedra-pome imediatamente ap\u00f3s o banho. As pessoas podem aplicar ceratol\u00edticos (agentes que amolecem, soltam e ajudam na descama\u00e7\u00e3o da camada superior da pele) nas \u00e1reas afetadas.<br \/>\n\n\n\n\n<h2 class=\"wp-block-heading\">Como posso tratar uma tumefa\u00e7\u00e3o?<\/h2>\n\n\n<p><\/p>A remo\u00e7\u00e3o da tumefa\u00e7\u00e3o ou calo, a aplica\u00e7\u00e3o de agentes que amolecem a pele (ceratol\u00edticos) na \u00e1rea e regularmente receber cuidados de um pod\u00f3logo podem ajudar.<br \/>\n\n\n\n\n<h2 class=\"wp-block-heading\">O que \u00e9 tumefa\u00e7\u00e3o turva?<\/h2>\n\n\n<p><\/p>Tumefa\u00e7\u00e3o turva ou Degenera\u00e7\u00e3o granular ou Degenera\u00e7\u00e3o albuminosa ou ainda gr\u00e2nulo-albuminosa: Quando a distribui\u00e7\u00e3o do excesso de \u00e1gua \u00e9 homog\u00eanea. Trata-se de uma fase mais precoce, mais aguda, mais comum, mais revers\u00edvel, menos grave e por vezes confundida com aut\u00f3lise.<br \/>\n\n\n","protected":false},"excerpt":{"rendered":"<p>O que \u00e9 tumefa\u00e7\u00e3o massa? O que significa tumefa\u00e7\u00e3o massa? CID R22: o que significa? O CID R22 designa tumefa\u00e7\u00e3o, massa ou tumora\u00e7\u00e3o localizadas da pele e do tecido subcut\u00e2neo. O que \u00e9 massa tumora\u00e7\u00e3o? O tumor (tamb\u00e9m chamado de neoplasia) \u00e9 uma massa de tecido formado por c\u00e9lulas anormais, que se multiplicam descontroladamente e\/ou [&hellip;]<\/p>\n","protected":false},"author":2,"featured_media":0,"comment_status":"open","ping_status":"closed","sticky":false,"template":"","format":"standard","meta":{"footnotes":""},"categories":[1],"tags":[],"class_list":["post-2450","post","type-post","status-publish","format-standard","hentry","category-conteudo"],"_links":{"self":[{"href":"https:\/\/ammabarbacena.com.br\/perguntas-frequentes\/wp-json\/wp\/v2\/posts\/2450","targetHints":{"allow":["GET"]}}],"collection":[{"href":"https:\/\/ammabarbacena.com.br\/perguntas-frequentes\/wp-json\/wp\/v2\/posts"}],"about":[{"href":"https:\/\/ammabarbacena.com.br\/perguntas-frequentes\/wp-json\/wp\/v2\/types\/post"}],"author":[{"embeddable":true,"href":"https:\/\/ammabarbacena.com.br\/perguntas-frequentes\/wp-json\/wp\/v2\/users\/2"}],"replies":[{"embeddable":true,"href":"https:\/\/ammabarbacena.com.br\/perguntas-frequentes\/wp-json\/wp\/v2\/comments?post=2450"}],"version-history":[{"count":1,"href":"https:\/\/ammabarbacena.com.br\/perguntas-frequentes\/wp-json\/wp\/v2\/posts\/2450\/revisions"}],"predecessor-version":[{"id":2451,"href":"https:\/\/ammabarbacena.com.br\/perguntas-frequentes\/wp-json\/wp\/v2\/posts\/2450\/revisions\/2451"}],"wp:attachment":[{"href":"https:\/\/ammabarbacena.com.br\/perguntas-frequentes\/wp-json\/wp\/v2\/media?parent=2450"}],"wp:term":[{"taxonomy":"category","embeddable":true,"href":"https:\/\/ammabarbacena.com.br\/perguntas-frequentes\/wp-json\/wp\/v2\/categories?post=2450"},{"taxonomy":"post_tag","embeddable":true,"href":"https:\/\/ammabarbacena.com.br\/perguntas-frequentes\/wp-json\/wp\/v2\/tags?post=2450"}],"curies":[{"name":"wp","href":"https:\/\/api.w.org\/{rel}","templated":true}]}}