{"id":2420,"date":"2025-07-17T11:38:31","date_gmt":"2025-07-17T11:38:31","guid":{"rendered":"http:\/\/1ff3d574-b816-4ef7-b5da-6cb21321d253"},"modified":"2025-07-17T11:38:31","modified_gmt":"2025-07-17T11:38:31","slug":"o-crmg-compreende-que-avaliar-e","status":"publish","type":"post","link":"https:\/\/ammabarbacena.com.br\/perguntas-frequentes\/o-crmg-compreende-que-avaliar-e\/","title":{"rendered":"O crmg compreende que avaliar \u00e9"},"content":{"rendered":"\n\n<h2 class=\"wp-block-heading\">O que o CRMG compreende que avaliar \u00e9?<\/h2>\n\nA Avalia\u00e7\u00e3o Escolar no CRMG e no curso \u00e9 compreendida como o ato de atribuir valor reconhecendo o caminho percorrido, as possibilidades existentes, a hist\u00f3ria e o potencial de cada estudante.<br \/>\n\n\n\n\n<h2 class=\"wp-block-heading\">Como o CRMG compreende a avalia\u00e7\u00e3o?<\/h2>\n\n\n<p><\/p>A Avalia\u00e7\u00e3o Escolar no CRMG e no curso \u00e9 compreendida como o ato de atribuir valor reconhecendo o caminho percorrido, as possibilidades existentes, a hist\u00f3ria e o potencial de cada estudante.<br \/>\n\n\n\n\n<h2 class=\"wp-block-heading\">O que \u00e9 avaliar de acordo com o CRMG?<\/h2>\n\n\n<p><\/p>Avaliar, segundo o CRMG, engloba acompanhar a constru\u00e7\u00e3o do conhecimento pelo estudante, identificar poss\u00edveis dificuldades e intervir para corrigi-las, al\u00e9m de estabelecer um diagn\u00f3stico das aprendizagens para o professor, alinhado com os objetivos educativos.<br \/>\n\n\n\n\n<h2 class=\"wp-block-heading\">O que o CRMG prop\u00f5e?<\/h2>\n\n\n<p><\/p>O Curr\u00edculo Refer\u00eancia de Minas Gerais \u2013 CRMG(2019), avan\u00e7a ao propor um curr\u00edculo refer\u00eancia que coloca as crian\u00e7as, adolescentes, jovens e adultos no centro do processo de ensino e aprendizagem ; que dialoga e considera os sujeitos numa vis\u00e3o integral, com m\u00faltiplos anseios e necessidades de forma\u00e7\u00e3o; que reverbera o &#8230;<br \/>\n\n\n\n\n<h2 class=\"wp-block-heading\">Qual a proposta de avalia\u00e7\u00e3o do CRMG?<\/h2>\n\n\n<p><\/p>A proposta de avalia\u00e7\u00e3o no CRMG \u00e9 coerente com a educa\u00e7\u00e3o que investe na integralidade da forma\u00e7\u00e3o, na participa\u00e7\u00e3o, no protagonismo na viv\u00eancia escolar.<br \/>\n\n\n\n\n<h2 class=\"wp-block-heading\">Qual \u00e9 a proposta de avalia\u00e7\u00e3o no CRMG?<\/h2>\n\nA proposta de avalia\u00e7\u00e3o no CRMG \u00e9 coerente com a educa\u00e7\u00e3o que investe na integralidade da forma\u00e7\u00e3o, na participa\u00e7\u00e3o, no protagonismo na viv\u00eancia escolar.<br \/>\n\n\n\n\n<h2 class=\"wp-block-heading\">Qual \u00e9 a proposta de avalia\u00e7\u00e3o defendida pelo CRMG?<\/h2>\n\n\n<p><\/p>A proposta de avalia\u00e7\u00e3o defendida pelo CRMG \u00e9 baseada na equidade, inclusiva, processual e dial\u00f3gica.<br \/>\n\n\n\n\n<h2 class=\"wp-block-heading\">Qual \u00e9 a proposta do CRMG?<\/h2>\n\n\n<p><\/p>Segundo o CRMG (2019), prioriza o desenvolvimento de compet\u00eancias (conceitos e procedimentos), habilidades (pr\u00e1ticas e socioemocionais), atitudes e valores para resolver demandas complexas da vida cotidiana, de maneira a aceitar as individualidades dos alunos, estabelecendo uma educa\u00e7\u00e3o mais inclusiva.<br \/>\n\n\n\n\n<h2 class=\"wp-block-heading\">Como deve ser a avalia\u00e7\u00e3o segundo o CRMG?<\/h2>\n\n\n<p><\/p>A avalia\u00e7\u00e3o educacional, segundo o CRMG, deve ser abrangente e participativa, envolvendo n\u00e3o apenas conte\u00fado e habilidades, mas tamb\u00e9m valores, comportamentos e atitudes.<br \/>\n\n\n\n\n<h2 class=\"wp-block-heading\">Qual a ideia central do CRMG?<\/h2>\n\n\n<p><\/p>A ideia central do CRMG \u00e9 a de colocar os estudantes como protagonistas do processo educativo, enfatizando a import\u00e2ncia de adaptar o curr\u00edculo \u00e0s necessidades e interesses individuais dos alunos.<br \/>\n\n\n\n\n<h2 class=\"wp-block-heading\">Como o CRMG compreende a avalia\u00e7\u00e3o como parte do processo de aprendizagem?<\/h2>\n\n\n\n<ul class=\"wp-block-list\">\n<li>Resposta: Letra C.<\/li>\n<li> Ela busca mensurar o aprendizado do aluno de forma objetiva e quantitativa, utilizando instrumentos como provas, testes, exerc\u00edcios e trabalhos escritos.<\/li>\n<\/ul>\n\n\n\n\n<h2 class=\"wp-block-heading\">Qual \u00e9 o papel da avalia\u00e7\u00e3o no processo de aprendizagem?<\/h2>\n\n\n<p><\/p>a avalia\u00e7\u00e3o \u00e9 considerada fundamental no processo ensino-aprendizagem, pois fornece dados do processo de ensino e permite rever objetivos, metodologia e conte\u00fado.<br \/>\n\n\n\n\n<h2 class=\"wp-block-heading\">O que o CRMG sugere?<\/h2>\n\nO CRMG prop\u00f5e uma pr\u00e1tica pedag\u00f3gica inovadora e consistente, que visa a forma\u00e7\u00e3o integral dos alunos dos Anos Iniciais do Ensino Fundamental. Atrav\u00e9s da organiza\u00e7\u00e3o curricular por temas, da interdisciplinaridade e da defini\u00e7\u00e3o clara dos objetivos de aprendizagem.<br \/>\n\n\n\n\n<h2 class=\"wp-block-heading\">O que o CRMG compreende?<\/h2>\n\n\n<p><\/p>CRMG compreende que avaliar \u00e9: I &#8211; Acompanhar a constru\u00e7\u00e3o do conhecimento pelo estudante. II &#8211; Identificar eventuais problemas e dificuldades dos estudantes e intervir antes de avan\u00e7ar na aprendizagem. III &#8211; Estabelecer um diagn\u00f3stico das aprendizagens para o professor articulado \u00e0 finalidade educativa.<br \/>\n\n\n\n\n<h2 class=\"wp-block-heading\">Qual \u00e9 a proposta de avalia\u00e7\u00e3o defendida pela CRMG?<\/h2>\n\n\n<p><\/p>A Avalia\u00e7\u00e3o Escolar no CRMG e no curso \u00e9 compreendida como o ato de atribuir valor reconhecendo o caminho percorrido, as possibilidades existentes, a hist\u00f3ria e o potencial de cada estudante.<br \/>\n\n\n\n\n<h2 class=\"wp-block-heading\">O que sustenta o CRMG?<\/h2>\n\n\n<p><\/p>A concep\u00e7\u00e3o de curr\u00edculo que sustenta o Curr\u00edculo Refer\u00eancia de Minas Gerais (CRMG) \u00e9 aquela que considera todas as aprendizagens envolvidas na a\u00e7\u00e3o pedag\u00f3gica: emocional, cognitiva e social.<br \/>\n\n\n\n\n<h2 class=\"wp-block-heading\">Qual o objetivo do CRMG?<\/h2>\n\nPrezados Educadores, O Curr\u00edculo Refer\u00eancia de Minas Gerais (CRMG) \u00e9 o documento orientador obrigat\u00f3rio que estabelece os objetivos de aprendizagem e desenvolvimento para todos os estudantes que est\u00e3o matriculados nas escolas estaduais de Minas Gerais.<br \/>\n\n\n\n\n<h2 class=\"wp-block-heading\">Qual \u00e9 a finalidade do CRMG?<\/h2>\n\n\n<p><\/p>O CRMG (2019), constitu\u00eddo de acordo com o documento da BNCC elencou oito (8) compet\u00eancias b\u00e1sicas e comuns para o componente curricular de Matem\u00e1tica e estas ser\u00e3o o objetivo de forma\u00e7\u00e3o do conte\u00fado e dever\u00e3o permear e refletir todo o processo de forma\u00e7\u00e3o do aluno.<br \/>\n\n\n\n\n<h2 class=\"wp-block-heading\">Qual \u00e9 a finalidade do CRM?<\/h2>\n\n\n<p><\/p>O uso de uma ferramenta CRM \u00e9 muito importante porque facilita a cria\u00e7\u00e3o de a\u00e7\u00f5es com foco no consumidor em raz\u00e3o do acompanhamento de todo o contato do cliente com o seu neg\u00f3cio, desde o in\u00edcio at\u00e9 o p\u00f3s-venda.<br \/>\n\n\n\n\n<h2 class=\"wp-block-heading\">O que o CRMG prop\u00f5e em rela\u00e7\u00e3o \u00e0 avalia\u00e7\u00e3o?<\/h2>\n\nCom rela\u00e7\u00e3o \u00e0 avalia\u00e7\u00e3o, o CRMG prop\u00f5e que: I- A avalia\u00e7\u00e3o deve ser vista como um ponto de apoio para a aprendizagem do estudante, entendo que n\u00e3o h\u00e1 interfer\u00eancia no planejamento da a\u00e7\u00e3o pedag\u00f3gica. II- A avalia\u00e7\u00e3o deve estar ancorada apenas nos conte\u00fados que buscam a aprendizagem dos estudantes.<br \/>\n\n\n\n\n<h2 class=\"wp-block-heading\">O que o CRMG prop\u00f5e com rela\u00e7\u00e3o \u00e0 avalia\u00e7\u00e3o?<\/h2>\n\n\n<p><\/p>A Avalia\u00e7\u00e3o Escolar no CRMG e no curso \u00e9 compreendida como o ato de atribuir valor reconhecendo o caminho percorrido, as possibilidades existentes, a hist\u00f3ria e o potencial de cada estudante.<br \/>\n\n\n\n\n<h2 class=\"wp-block-heading\">O que a BNCC e o CRMG prop\u00f5e com rela\u00e7\u00e3o \u00e0 avalia\u00e7\u00e3o formativa?<\/h2>\n\n\n<p><\/p>Correta: A BNCC e o CRMG prop\u00f5em que, ao avaliar, o professor leve em conta os contextos e as condi\u00e7\u00f5es de aprendizagem dos estudantes.<br \/>\n\n\n","protected":false},"excerpt":{"rendered":"<p>O que o CRMG compreende que avaliar \u00e9? A Avalia\u00e7\u00e3o Escolar no CRMG e no curso \u00e9 compreendida como o ato de atribuir valor reconhecendo o caminho percorrido, as possibilidades existentes, a hist\u00f3ria e o potencial de cada estudante. Como o CRMG compreende a avalia\u00e7\u00e3o? A Avalia\u00e7\u00e3o Escolar no CRMG e no curso \u00e9 compreendida [&hellip;]<\/p>\n","protected":false},"author":2,"featured_media":0,"comment_status":"open","ping_status":"closed","sticky":false,"template":"","format":"standard","meta":{"footnotes":""},"categories":[1],"tags":[],"class_list":["post-2420","post","type-post","status-publish","format-standard","hentry","category-conteudo"],"_links":{"self":[{"href":"https:\/\/ammabarbacena.com.br\/perguntas-frequentes\/wp-json\/wp\/v2\/posts\/2420","targetHints":{"allow":["GET"]}}],"collection":[{"href":"https:\/\/ammabarbacena.com.br\/perguntas-frequentes\/wp-json\/wp\/v2\/posts"}],"about":[{"href":"https:\/\/ammabarbacena.com.br\/perguntas-frequentes\/wp-json\/wp\/v2\/types\/post"}],"author":[{"embeddable":true,"href":"https:\/\/ammabarbacena.com.br\/perguntas-frequentes\/wp-json\/wp\/v2\/users\/2"}],"replies":[{"embeddable":true,"href":"https:\/\/ammabarbacena.com.br\/perguntas-frequentes\/wp-json\/wp\/v2\/comments?post=2420"}],"version-history":[{"count":1,"href":"https:\/\/ammabarbacena.com.br\/perguntas-frequentes\/wp-json\/wp\/v2\/posts\/2420\/revisions"}],"predecessor-version":[{"id":2421,"href":"https:\/\/ammabarbacena.com.br\/perguntas-frequentes\/wp-json\/wp\/v2\/posts\/2420\/revisions\/2421"}],"wp:attachment":[{"href":"https:\/\/ammabarbacena.com.br\/perguntas-frequentes\/wp-json\/wp\/v2\/media?parent=2420"}],"wp:term":[{"taxonomy":"category","embeddable":true,"href":"https:\/\/ammabarbacena.com.br\/perguntas-frequentes\/wp-json\/wp\/v2\/categories?post=2420"},{"taxonomy":"post_tag","embeddable":true,"href":"https:\/\/ammabarbacena.com.br\/perguntas-frequentes\/wp-json\/wp\/v2\/tags?post=2420"}],"curies":[{"name":"wp","href":"https:\/\/api.w.org\/{rel}","templated":true}]}}