{"id":2380,"date":"2025-07-17T11:21:00","date_gmt":"2025-07-17T11:21:00","guid":{"rendered":"http:\/\/0bbc40ff-7553-4b7c-a9c5-abb884cc57ae"},"modified":"2025-07-17T11:21:00","modified_gmt":"2025-07-17T11:21:00","slug":"o-que-e-administracao-compartilhada-busca-fomentar-entre-os-colaboradores","status":"publish","type":"post","link":"https:\/\/ammabarbacena.com.br\/perguntas-frequentes\/o-que-e-administracao-compartilhada-busca-fomentar-entre-os-colaboradores\/","title":{"rendered":"O que \u00e9 administra\u00e7\u00e3o compartilhada busca fomentar entre os colaboradores"},"content":{"rendered":"\n\n<h2 class=\"wp-block-heading\">O que a administra\u00e7\u00e3o compartilhada busca fomentar entre os colaboradores?<\/h2>\n\nA gest\u00e3o compartilhada implica em dividir (compartilhar) as decis\u00f5es e a responsabilidade pelo resultado decis\u00e3o entre diferentes pessoas ou equipes, rerpesentando uma mudan\u00e7a importante em rela\u00e7\u00e3o \u00e0 tradicional centraliza\u00e7\u00e3o do poder unicamente pelo cargo.<br \/>\n\n\n\n\n<h2 class=\"wp-block-heading\">Qual \u00e9 dos principais objetivos da administra\u00e7\u00e3o compartilhada?<\/h2>\n\n\n<p><\/p>Com a gest\u00e3o compartilhada, \u00e9 poss\u00edvel identificar e solucionar problemas com mais rapidez e efici\u00eancia, al\u00e9m de criar um ambiente de trabalho mais colaborativo e engajador. Nesse modelo, diferentes profissionais trabalham juntos para tomar decis\u00f5es e solucionar problemas, visando o bem comum da empresa.<br \/>\n\n\n\n\n<h2 class=\"wp-block-heading\">O que \u00e9 administra\u00e7\u00e3o compartilhada?<\/h2>\n\n\n<p><\/p>A gest\u00e3o compartilhada \u00e9 um modelo de administra\u00e7\u00e3o que valoriza a colabora\u00e7\u00e3o entre diferentes setores e profissionais dentro de uma organiza\u00e7\u00e3o. Em vez de decis\u00f5es centralizadas, o foco est\u00e1 no trabalho em equipe, promovendo a troca de ideias e a busca conjunta por solu\u00e7\u00f5es.<br \/>\n\n\n\n\n<h2 class=\"wp-block-heading\">Como a administra\u00e7\u00e3o participativa pode impactar a motiva\u00e7\u00e3o e satisfa\u00e7\u00e3o dos colaboradores?<\/h2>\n\n\n<p><\/p>Al\u00e9m da motiva\u00e7\u00e3o, a gest\u00e3o participativa aumenta tamb\u00e9m o engajamento dos funcion\u00e1rios nas atividades rotineiras. Isso influencia positivamente na produtividade e efici\u00eancia da companhia, al\u00e9m de tornar o ambiente mais din\u00e2mico. Os resultados se tornam mais satisfat\u00f3rios e tamb\u00e9m mais positivos.<br \/>\n\n\n\n\n<h2 class=\"wp-block-heading\">Qual \u00e9 um dos principais objetivos da administra\u00e7\u00e3o Compartilhada?<\/h2>\n\n\n<p><\/p>Portanto, a alternativa correta \u00e9: c) Promover a participa\u00e7\u00e3o, colabora\u00e7\u00e3o e engajamento dos colaboradores.<br \/>\n\n\n\n\n<h2 class=\"wp-block-heading\">O que a administra\u00e7\u00e3o compartilhada busca fomentar?<\/h2>\n\n\n<p><\/p>No geral, a gest\u00e3o compartilhada proporciona maior autonomia para os colaboradores, inclusive impulsionando um auto gerenciamento mais eficiente. A partir disso, o modelo promove um maior senso de responsabilidade e participa\u00e7\u00e3o por parte de todos os envolvidos.<br \/>\n\n\n\n\n<h2 class=\"wp-block-heading\">Qual \u00e9 o principal objetivo da administra\u00e7\u00e3o compartilhada?<\/h2>\n\nA gest\u00e3o compartilhada \u00e9 um modelo de administra\u00e7\u00e3o que valoriza a colabora\u00e7\u00e3o entre diferentes setores e profissionais dentro de uma organiza\u00e7\u00e3o. Em vez de decis\u00f5es centralizadas, o foco est\u00e1 no trabalho em equipe, promovendo a troca de ideias e a busca conjunta por solu\u00e7\u00f5es.<br \/>\n\n\n\n\n<h2 class=\"wp-block-heading\">Qual o principal objetivo da administra\u00e7\u00e3o compartilhada?<\/h2>\n\n\n<p><\/p>No geral, a gest\u00e3o compartilhada proporciona maior autonomia para os colaboradores, inclusive impulsionando um auto gerenciamento mais eficiente. A partir disso, o modelo promove um maior senso de responsabilidade e participa\u00e7\u00e3o por parte de todos os envolvidos.<br \/>\n\n\n\n\n<h2 class=\"wp-block-heading\">Qual \u00e9 um dos principais objetivos da adm compartilhada?<\/h2>\n\n\n<p><\/p>Com a gest\u00e3o compartilhada, \u00e9 poss\u00edvel identificar e solucionar problemas com mais rapidez e efici\u00eancia, al\u00e9m de criar um ambiente de trabalho mais colaborativo e engajador. Nesse modelo, diferentes profissionais trabalham juntos para tomar decis\u00f5es e solucionar problemas, visando o bem comum da empresa.<br \/>\n\n\n\n\n<h2 class=\"wp-block-heading\">Qual o principal objetivo da responsabilidade compartilhada?<\/h2>\n\n\n<p><\/p>A Responsabilidade Compartilhada busca fechar o ciclo de vida dos produtos promovendo pr\u00e1ticas como a reutiliza\u00e7\u00e3o, a reciclagem e a log\u00edstica reversa e minimizando a gera\u00e7\u00e3o de res\u00edduos e o impacto ambiental.<br \/>\n\n\n\n\n<h2 class=\"wp-block-heading\">Qual \u00e9 o principal objetivo da administra\u00e7\u00e3o por objetivos?<\/h2>\n\n\n<p><\/p>A administra\u00e7\u00e3o por objetivos, ou APO, \u00e9 um processo participativo de planejamento e avalia\u00e7\u00e3o por onde ocorre a descentraliza\u00e7\u00e3o das decis\u00f5es e a defini\u00e7\u00e3o de objetivos de forma conjunta para que a organiza\u00e7\u00e3o defina suas prioridades e consiga alcan\u00e7ar os resultados desejados.<br \/>\n\n\n\n\n<h2 class=\"wp-block-heading\">O que significa administra\u00e7\u00e3o compartilhada?<\/h2>\n\n\n\n<h2 class=\"wp-block-heading\">Qual o principal objetivo da adm compartilhada?<\/h2>\n\n\n<p><\/p>No geral, a gest\u00e3o compartilhada proporciona maior autonomia para os colaboradores, inclusive impulsionando um auto gerenciamento mais eficiente. A partir disso, o modelo promove um maior senso de responsabilidade e participa\u00e7\u00e3o por parte de todos os envolvidos.<br \/>\n\n\n\n\n<h2 class=\"wp-block-heading\">O que significa o conceito de gest\u00e3o compartilhada?<\/h2>\n\n\n<p><\/p>A gest\u00e3o compartilhada \u00e9 um conceito que se refere ao compartilhamento de responsabilidades e decis\u00f5es entre diferentes atores em uma organiza\u00e7\u00e3o ou sistema.<br \/>\n\n\n\n\n<h2 class=\"wp-block-heading\">O que significa administra\u00e7\u00e3o conjunta?<\/h2>\n\n\n<p><\/p>A administra\u00e7\u00e3o conjunta \u00e9 quando os atos dependam de 2 ou mais administradores. \u00c9 separada quando o ato a ser praticado pode o ser de forma independente, por cada administrador. Quando n\u00e3o prevista no contrato social, se presume que a administra\u00e7\u00e3o compete separadamente a cada um dos s\u00f3cios (art.<br \/>\n\n\n\n\n<h2 class=\"wp-block-heading\">O que a administra\u00e7\u00e3o compartilhada busca fornecer entre os colaboradores?<\/h2>\n\n\n<p><\/p>Com a gest\u00e3o compartilhada, \u00e9 poss\u00edvel identificar e solucionar problemas com mais rapidez e efici\u00eancia, al\u00e9m de criar um ambiente de trabalho mais colaborativo e engajador. Nesse modelo, diferentes profissionais trabalham juntos para tomar decis\u00f5es e solucionar problemas, visando o bem comum da empresa.<br \/>\n\n\n\n\n<h2 class=\"wp-block-heading\">O que a administra\u00e7\u00e3o solid\u00e1ria busca fomentar entre os colaboradores?<\/h2>\n\nEm abril de 2023, a Assembleia Geral das Na\u00e7\u00f5es Unidas aprovou uma resolu\u00e7\u00e3o destacando como a economia solid\u00e1ria pode contribuir para alcan\u00e7ar os Objetivos de Desenvolvimento Sustent\u00e1vel (ODS), promover o trabalho decente, aliviar a pobreza e fomentar a inclus\u00e3o social.<br \/>\n\n\n\n\n<h2 class=\"wp-block-heading\">O que \u00e9 administra\u00e7\u00e3o solid\u00e1ria?<\/h2>\n\n\n<p><\/p>A Administra\u00e7\u00e3o Solid\u00e1ria se reflete nas pr\u00e1ticas di\u00e1rias do grupo, com decis\u00f5es inclusivas e colabora\u00e7\u00e3o constante. A participa\u00e7\u00e3o ativa de todos os colaboradores nas decis\u00f5es e no futuro da empresa \u00e9 incentivada.<br \/>\n\n\n\n\n<h2 class=\"wp-block-heading\">Qual a import\u00e2ncia da administra\u00e7\u00e3o de benef\u00edcios para os colaboradores?<\/h2>\n\n\n<p><\/p>A gest\u00e3o de benef\u00edcios oferece aos empregados de uma empresa uma remunera\u00e7\u00e3o al\u00e9m do sal\u00e1rio. Para isso, as organiza\u00e7\u00f5es buscam alinhar esses benef\u00edcios \u00e0s necessidades de seus colaboradores, com o objetivo de conquistar uma maior motiva\u00e7\u00e3o pessoal da equipe e, consequentemente, aumentar a produtividade.<br \/>\n\n\n\n\n<h2 class=\"wp-block-heading\">Como a gest\u00e3o de pessoas ajuda a motivar os colaboradores?<\/h2>\n\n\n<p><\/p>A gest\u00e3o de pessoas \u00e9 um dos principais fatores para o sucesso de qualquer empresa. Cuidar bem do capital humano vai al\u00e9m de apenas administrar equipes: envolve a cria\u00e7\u00e3o de um ambiente onde os colaboradores possam se desenvolver, se sentir motivados e alinhar suas metas com os objetivos da organiza\u00e7\u00e3o.<br \/>\n\n\n\n\n<h2 class=\"wp-block-heading\">Qual o objetivo da administra\u00e7\u00e3o compartilhada?<\/h2>\n\n\n<p><\/p>A gest\u00e3o compartilhada \u00e9 uma abordagem cada vez mais comum em empresas de diversos setores e tamanhos. Ela consiste em dividir a responsabilidade e o poder de decis\u00e3o entre diferentes pessoas ou equipes, possibilitando uma gest\u00e3o mais democr\u00e1tica e eficiente.<br \/>\n\n\n\n\n<h2 class=\"wp-block-heading\">Qual a import\u00e2ncia da colabora\u00e7\u00e3o no trabalho?<\/h2>\n\n\n<p><\/p>A colabora\u00e7\u00e3o pode tornar a sua equipe mais produtiva e com mais tempo para realizar outras tarefas. Isso pode impactar na experi\u00eancia do seu cliente, que ter\u00e1 um atendimento mais \u00e1gil por parte da equipe quando precisar.<br \/>\n\n\n\n\n<h2 class=\"wp-block-heading\">Como fomentar o trabalho em equipe?<\/h2>\n\n\n\n<h2 class=\"wp-block-heading\">Como podemos incentivar o trabalho em equipe?<\/h2>\n\n\n<p><\/p>\n\n<ul class=\"wp-block-list\">\n<li>Promover uma cultura de comunica\u00e7\u00e3o aberta.<\/li>\n<li>Estabelecer metas e objetivos claros e compartilhados.<\/li>\n<li>Facilitar o desenvolvimento de equipes.<\/li>\n<li>Reconhecer e recompensar o trabalho em equipe.<\/li>\n<li>Fomentar a diversidade e inclus\u00e3o.<\/li>\n<li>Facilitar o trabalho remoto e a colabora\u00e7\u00e3o virtual.<\/li>\n<\/ul>\n\n\n\n\n<h2 class=\"wp-block-heading\">Como posso promover o trabalho em equipe?<\/h2>\n\n\n<p><\/p>\n\n<ul class=\"wp-block-list\">\n<li>Conhe\u00e7a os membros da sua equipe. &#8230;<\/li>\n<li>Esteja aberto para novas ideias. &#8230;<\/li>\n<li>Respeite as diferen\u00e7as. &#8230;<\/li>\n<li>Seja participativo. &#8230;<\/li>\n<li>Compartilhe ideias. &#8230;<\/li>\n<li>Demonstre interesse. &#8230;<\/li>\n<li>D\u00ea feedbacks construtivos. &#8230;<\/li>\n<li>Crie autonomia para realizar tarefas.<\/li>\n<\/ul>\n\n\n\n\n<h2 class=\"wp-block-heading\">Como posso estimular o trabalho em equipe?<\/h2>\n\n\n<p><\/p>\n\n<ul class=\"wp-block-list\">\n<li>Crie espa\u00e7os coletivos.<\/li>\n<li>Cultive uma comunica\u00e7\u00e3o clara e transparente.<\/li>\n<li>Reconhe\u00e7a as conquistas do seu time.<\/li>\n<li>Desenvolva a cultura de feedbacks positivos.<\/li>\n<li>Promova treinamentos focados no trabalho em equipe.<\/li>\n<\/ul>\n\n\n\n\n<h2 class=\"wp-block-heading\">Quais s\u00e3o 5 exemplos de trabalho colaborativo?<\/h2>\n\n\n<p><\/p>\n\n<ul class=\"wp-block-list\">\n<li>Equipes multidisciplinares no desenvolvimento de produtos tecnol\u00f3gicos. &#8230;<\/li>\n<li>Parcerias em campanhas de marketing integradas. &#8230;<\/li>\n<li>Projetos colaborativos no terceiro setor. &#8230;<\/li>\n<li>O impacto da colabora\u00e7\u00e3o no esporte. &#8230;<\/li>\n<li>Iniciativas colaborativas em coworkings.<\/li>\n<\/ul>\n\n\n\n\n<h2 class=\"wp-block-heading\">Como funciona a gest\u00e3o compartilhada?<\/h2>\n\nGest\u00e3o compartilhada \u00e9 um m\u00e9todo de administra\u00e7\u00e3o no qual todos os membros da organiza\u00e7\u00e3o s\u00e3o considerados pares, sem cargos de chefia. Todos os funcion\u00e1rios s\u00e3o convidados a pensar estrategicamente, tomar decis\u00f5es importantes e se responsabilizar individualmente por elas.<br \/>\n\n\n\n\n<h2 class=\"wp-block-heading\">O que \u00e9 gest\u00e3o compartilhada?<\/h2>\n\n\n<p><\/p>A gest\u00e3o compartilhada \u00e9 um modelo de administra\u00e7\u00e3o que valoriza a colabora\u00e7\u00e3o entre diferentes setores e profissionais dentro de uma organiza\u00e7\u00e3o. Em vez de decis\u00f5es centralizadas, o foco est\u00e1 no trabalho em equipe, promovendo a troca de ideias e a busca conjunta por solu\u00e7\u00f5es.<br \/>\n\n\n\n\n<h2 class=\"wp-block-heading\">Qual \u00e9 o principal objetivo da gest\u00e3o compartilhada?<\/h2>\n\n\n<p><\/p>No geral, a gest\u00e3o compartilhada proporciona maior autonomia para os colaboradores, inclusive impulsionando um auto gerenciamento mais eficiente. A partir disso, o modelo promove um maior senso de responsabilidade e participa\u00e7\u00e3o por parte de todos os envolvidos.<br \/>\n\n\n\n\n<h2 class=\"wp-block-heading\">Quais s\u00e3o as caracter\u00edsticas de uma gest\u00e3o compartilhada?<\/h2>\n\n\n<p><\/p>Gest\u00e3o compartilhada \u00e9 um m\u00e9todo de administra\u00e7\u00e3o no qual todos os membros da organiza\u00e7\u00e3o s\u00e3o considerados pares, sem cargos de chefia. Todos os funcion\u00e1rios s\u00e3o convidados a pensar estrategicamente, tomar decis\u00f5es importantes e se responsabilizar individualmente por elas.<br \/>\n\n\n\n\n<h2 class=\"wp-block-heading\">Quais s\u00e3o os princ\u00edpios da gest\u00e3o compartilhada?<\/h2>\n\n\n<p><\/p>Discutem gest\u00e3o compartilhada como um processo em que o l\u00edder compartilha todo o processo de trabalho, saberes e experi\u00eancias com a equipe, de forma que se possa chegar a um senso comum. Referem que desta maneira \u00e9 poss\u00edvel que decis\u00f5es mais adequadas sejam tomadas, ainda que n\u00e3o haja total concord\u00e2ncia entre todos.<br \/>\n\n\n\n\n<h2 class=\"wp-block-heading\">O que significa gest\u00e3o compartilhada?<\/h2>\n\n\n<p><\/p>A gest\u00e3o compartilhada \u00e9 um conceito que se refere ao compartilhamento de responsabilidades e decis\u00f5es entre diferentes atores em uma organiza\u00e7\u00e3o ou sistema.<br \/>\n\n\n\n\n<h2 class=\"wp-block-heading\">O que a gest\u00e3o compartilhada busca fornecer aos colaboradores?<\/h2>\n\n\n<p><\/p>Com a gest\u00e3o compartilhada, \u00e9 poss\u00edvel identificar e solucionar problemas com mais rapidez e efici\u00eancia, al\u00e9m de criar um ambiente de trabalho mais colaborativo e engajador. Nesse modelo, diferentes profissionais trabalham juntos para tomar decis\u00f5es e solucionar problemas, visando o bem comum da empresa.<br \/>\n\n\n","protected":false},"excerpt":{"rendered":"<p>O que a administra\u00e7\u00e3o compartilhada busca fomentar entre os colaboradores? A gest\u00e3o compartilhada implica em dividir (compartilhar) as decis\u00f5es e a responsabilidade pelo resultado decis\u00e3o entre diferentes pessoas ou equipes, rerpesentando uma mudan\u00e7a importante em rela\u00e7\u00e3o \u00e0 tradicional centraliza\u00e7\u00e3o do poder unicamente pelo cargo. Qual \u00e9 dos principais objetivos da administra\u00e7\u00e3o compartilhada? Com a gest\u00e3o [&hellip;]<\/p>\n","protected":false},"author":2,"featured_media":0,"comment_status":"open","ping_status":"closed","sticky":false,"template":"","format":"standard","meta":{"footnotes":""},"categories":[1],"tags":[],"class_list":["post-2380","post","type-post","status-publish","format-standard","hentry","category-conteudo"],"_links":{"self":[{"href":"https:\/\/ammabarbacena.com.br\/perguntas-frequentes\/wp-json\/wp\/v2\/posts\/2380","targetHints":{"allow":["GET"]}}],"collection":[{"href":"https:\/\/ammabarbacena.com.br\/perguntas-frequentes\/wp-json\/wp\/v2\/posts"}],"about":[{"href":"https:\/\/ammabarbacena.com.br\/perguntas-frequentes\/wp-json\/wp\/v2\/types\/post"}],"author":[{"embeddable":true,"href":"https:\/\/ammabarbacena.com.br\/perguntas-frequentes\/wp-json\/wp\/v2\/users\/2"}],"replies":[{"embeddable":true,"href":"https:\/\/ammabarbacena.com.br\/perguntas-frequentes\/wp-json\/wp\/v2\/comments?post=2380"}],"version-history":[{"count":1,"href":"https:\/\/ammabarbacena.com.br\/perguntas-frequentes\/wp-json\/wp\/v2\/posts\/2380\/revisions"}],"predecessor-version":[{"id":2381,"href":"https:\/\/ammabarbacena.com.br\/perguntas-frequentes\/wp-json\/wp\/v2\/posts\/2380\/revisions\/2381"}],"wp:attachment":[{"href":"https:\/\/ammabarbacena.com.br\/perguntas-frequentes\/wp-json\/wp\/v2\/media?parent=2380"}],"wp:term":[{"taxonomy":"category","embeddable":true,"href":"https:\/\/ammabarbacena.com.br\/perguntas-frequentes\/wp-json\/wp\/v2\/categories?post=2380"},{"taxonomy":"post_tag","embeddable":true,"href":"https:\/\/ammabarbacena.com.br\/perguntas-frequentes\/wp-json\/wp\/v2\/tags?post=2380"}],"curies":[{"name":"wp","href":"https:\/\/api.w.org\/{rel}","templated":true}]}}