{"id":2372,"date":"2025-07-17T11:17:03","date_gmt":"2025-07-17T11:17:03","guid":{"rendered":"http:\/\/37db7a75-a1a0-4ea4-bfd2-7f3fa7d04eb1"},"modified":"2025-07-17T11:17:03","modified_gmt":"2025-07-17T11:17:03","slug":"o-profissional-e-aquele-que-realmente-traz-um-resultado-diferenciado","status":"publish","type":"post","link":"https:\/\/ammabarbacena.com.br\/perguntas-frequentes\/o-profissional-e-aquele-que-realmente-traz-um-resultado-diferenciado\/","title":{"rendered":"O profissional \u00e9 aquele que realmente traz um resultado diferenciado"},"content":{"rendered":"\n\n<h2 class=\"wp-block-heading\">O que torna um profissional diferenciado?<\/h2>\n\nAlgumas coisas s\u00e3o universais, independentemente da carreira a seguir, tais como: facilidade em lidar com pessoas, resili\u00eancia, foco em resultados, habilidades negociais, boa comunica\u00e7\u00e3o, disciplina, racioc\u00ednio l\u00f3gico etc. Aspectos t\u00e9cnicos tamb\u00e9m s\u00e3o fundamentais.<br \/>\n\n\n\n\n<h2 class=\"wp-block-heading\">O que \u00e9 um profissional diferenciado?<\/h2>\n\n\n<p><\/p>Os profissionais diferenciados s\u00e3o pessoas proativas. Eles t\u00eam uma boa vis\u00e3o do futuro, conseguem identificar necessidades e antecipar problemas, o que confere muitas vantagens para o local onde eles trabalham.<br \/>\n\n\n\n\n<h2 class=\"wp-block-heading\">Quais s\u00e3o as 7 qualidades de um bom profissional?<\/h2>\n\n\n<p><\/p>\n\n<ul class=\"wp-block-list\">\n<li>Boa comunica\u00e7\u00e3o. &#8230;<\/li>\n<li>Automotiva\u00e7\u00e3o. &#8230;<\/li>\n<li>Conhecimento t\u00e9cnico aliado ao te\u00f3rico. &#8230;<\/li>\n<li>Viv\u00eancia pr\u00e1tica no mercado. &#8230;<\/li>\n<li>Saber trabalhar em equipe. &#8230;<\/li>\n<li>Vontade de aprender. &#8230;<\/li>\n<li>Proatividade.<\/li>\n<\/ul>\n\n\n\n\n<h2 class=\"wp-block-heading\">O que \u00e9 um diferencial profissional?<\/h2>\n\n\n<p><\/p>O diferencial competitivo representa o conjunto de atributos que um profissional desenvolve ao longo da carreira para ter um perfil mais valorizado no mercado de trabalho. Hoje, grande parte dos empregadores d\u00e3o prefer\u00eancia a candidatos com esse tipo de refer\u00eancia para ocupar cargos de destaque.<br \/>\n\n\n\n\n<h2 class=\"wp-block-heading\">O que faz uma pessoa ser diferenciada?<\/h2>\n\n\n<p><\/p>Uma pessoa diferenciada \u00e9 aquela que tem plena consci\u00eancia de que jamais ser\u00e1 perfeita, mas incansavelmente investe tempo na autotransforma\u00e7\u00e3o e no autodesenvolvimento. A pessoa diferenciada n\u00e3o usa m\u00e1scaras nos relacionamentos para que os outros n\u00e3o percebam quem ela \u00e9 realmente.<br \/>\n\n\n\n\n<h2 class=\"wp-block-heading\">Qual \u00e9 o seu maior diferencial como profissional?<\/h2>\n\n\n<p><\/p>\n\n<ul class=\"wp-block-list\">\n<li>Identifique seus pontos fortes. Pense em suas habilidades, experi\u00eancias e realiza\u00e7\u00f5es que se destacam. &#8230;<\/li>\n<li>Relacione com a vaga. &#8230;<\/li>\n<li>Use exemplos concretos. &#8230;<\/li>\n<li>Mantenha a confian\u00e7a. &#8230;<\/li>\n<li>Pratique a resposta.<\/li>\n<\/ul>\n\n\n\n\n<h2 class=\"wp-block-heading\">O que significa diferencial profissional?<\/h2>\n\nSaiba mais no post! O diferencial competitivo representa o conjunto de atributos que um profissional desenvolve ao longo da carreira para ter um perfil mais valorizado no mercado de trabalho. Hoje, grande parte dos empregadores d\u00e3o prefer\u00eancia a candidatos com esse tipo de refer\u00eancia para ocupar cargos de destaque.<br \/>\n\n\n\n\n<h2 class=\"wp-block-heading\">O que \u00e9 diferencial profissional?<\/h2>\n\n\n<p><\/p>O diferencial de carreira est\u00e1 sabidamente pautado na capacidade de realizar, de transformar ideias em a\u00e7\u00f5es funcionais e fact\u00edveis.<br \/>\n\n\n\n\n<h2 class=\"wp-block-heading\">O que quer dizer diferencial na vaga de emprego?<\/h2>\n\n\n<p><\/p>Em geral, podemos dizer que um diferencial competitivo compreende um conjunto de meios para que uma pessoa ou empresa se destaque no mercado. Ou seja, s\u00e3o atributos positivos associados a um profissional ou organiza\u00e7\u00e3o com o intuito de promover uma vis\u00e3o positiva sobre si para a carreira ou consumidores.<br \/>\n\n\n\n\n<h2 class=\"wp-block-heading\">O que responder qual o meu diferencial?<\/h2>\n\n\n<p><\/p>Priorize identificar as qualidades que as pessoas com quem convive comentam a seu respeito. Ter claramente quais s\u00e3o as caracter\u00edsticas que diferenciam sua personalidade \u00e9 uma etapa importante para definir qual seu diferencial competitivo.<br \/>\n\n\n\n\n<h2 class=\"wp-block-heading\">O que devo colocar como diferencial no meu curr\u00edculo?<\/h2>\n\n\n<p><\/p>\n\n<ul class=\"wp-block-list\">\n<li>Relacionamento interpessoal;<\/li>\n<li>Pensamento criativo;<\/li>\n<li>Proatividade;<\/li>\n<li>Trabalho em equipe;<\/li>\n<li>Conhecimento t\u00e9cnico e aprendizado cont\u00ednuo;<\/li>\n<li>Lideran\u00e7a;<\/li>\n<li>Foco em resultados;<\/li>\n<li>Intelig\u00eancia emocional;<\/li>\n<\/ul>\n\n\n\n\n<h2 class=\"wp-block-heading\">O que significa ser diferenciado?<\/h2>\n\n\n\n<h2 class=\"wp-block-heading\">O que significa ser uma pessoa diferenciada?<\/h2>\n\n\n<p><\/p>Uma pessoa diferenciada \u00e9 aquela que tem plena consci\u00eancia de que jamais ser\u00e1 perfeita, mas incansavelmente investe tempo na autotransforma\u00e7\u00e3o e no autodesenvolvimento. A pessoa diferenciada n\u00e3o usa m\u00e1scaras nos relacionamentos para que os outros n\u00e3o percebam quem ela \u00e9 realmente.<br \/>\n\n\n\n\n<h2 class=\"wp-block-heading\">Como ser diferenciado?<\/h2>\n\n\n<p><\/p>Para ser diferente, a primeira coisa que voc\u00ea tem que fazer \u00e9 observar o que a maioria faz, como se comporta, quais seus valores, objetivos e metas na vida. E se voc\u00ea observar bem, ver\u00e1 que muitas pessoas hoje pensam somente em si mesmas.<br \/>\n\n\n\n\n<h2 class=\"wp-block-heading\">O que \u00e9 um diferenciador?<\/h2>\n\n\n<p><\/p>1. Que ou o que diferencia ou faz a diferencia\u00e7\u00e3o.<br \/>\n\n\n\n\n<h2 class=\"wp-block-heading\">O que seria uma mulher diferenciada?<\/h2>\n\n\n<p><\/p>Uma Mulher Diferenciada \u00e9 aquela que se permitiu percorrer uma jornada interna de autoconhecimento, resultando numa mulher mais confiante, segura e &#8216;dona de si&#8217;! Ela tem vis\u00e3o e n\u00e3o perde oportunidades de se desenvolver, de se qualificar, de se tornar ainda mais pr\u00f3spera!<br \/>\n\n\n\n\n<h2 class=\"wp-block-heading\">Qual o sin\u00f4nimo de diferenciado?<\/h2>\n\n\n<p><\/p>Que n\u00e3o faz parte de outro; que n\u00e3o \u00e9 igual: 1 diferente, discernida, separada, distinta, especificada, diversa, desconforme, desigual, dissemelhante, dessemelhante, diss\u00edmil, d\u00edspar.<br \/>\n\n\n","protected":false},"excerpt":{"rendered":"<p>O que torna um profissional diferenciado? Algumas coisas s\u00e3o universais, independentemente da carreira a seguir, tais como: facilidade em lidar com pessoas, resili\u00eancia, foco em resultados, habilidades negociais, boa comunica\u00e7\u00e3o, disciplina, racioc\u00ednio l\u00f3gico etc. Aspectos t\u00e9cnicos tamb\u00e9m s\u00e3o fundamentais. O que \u00e9 um profissional diferenciado? Os profissionais diferenciados s\u00e3o pessoas proativas. Eles t\u00eam uma boa [&hellip;]<\/p>\n","protected":false},"author":2,"featured_media":0,"comment_status":"open","ping_status":"closed","sticky":false,"template":"","format":"standard","meta":{"footnotes":""},"categories":[1],"tags":[],"class_list":["post-2372","post","type-post","status-publish","format-standard","hentry","category-conteudo"],"_links":{"self":[{"href":"https:\/\/ammabarbacena.com.br\/perguntas-frequentes\/wp-json\/wp\/v2\/posts\/2372","targetHints":{"allow":["GET"]}}],"collection":[{"href":"https:\/\/ammabarbacena.com.br\/perguntas-frequentes\/wp-json\/wp\/v2\/posts"}],"about":[{"href":"https:\/\/ammabarbacena.com.br\/perguntas-frequentes\/wp-json\/wp\/v2\/types\/post"}],"author":[{"embeddable":true,"href":"https:\/\/ammabarbacena.com.br\/perguntas-frequentes\/wp-json\/wp\/v2\/users\/2"}],"replies":[{"embeddable":true,"href":"https:\/\/ammabarbacena.com.br\/perguntas-frequentes\/wp-json\/wp\/v2\/comments?post=2372"}],"version-history":[{"count":1,"href":"https:\/\/ammabarbacena.com.br\/perguntas-frequentes\/wp-json\/wp\/v2\/posts\/2372\/revisions"}],"predecessor-version":[{"id":2373,"href":"https:\/\/ammabarbacena.com.br\/perguntas-frequentes\/wp-json\/wp\/v2\/posts\/2372\/revisions\/2373"}],"wp:attachment":[{"href":"https:\/\/ammabarbacena.com.br\/perguntas-frequentes\/wp-json\/wp\/v2\/media?parent=2372"}],"wp:term":[{"taxonomy":"category","embeddable":true,"href":"https:\/\/ammabarbacena.com.br\/perguntas-frequentes\/wp-json\/wp\/v2\/categories?post=2372"},{"taxonomy":"post_tag","embeddable":true,"href":"https:\/\/ammabarbacena.com.br\/perguntas-frequentes\/wp-json\/wp\/v2\/tags?post=2372"}],"curies":[{"name":"wp","href":"https:\/\/api.w.org\/{rel}","templated":true}]}}