{"id":23638,"date":"2025-08-16T04:27:39","date_gmt":"2025-08-16T04:27:39","guid":{"rendered":"http:\/\/d5dc1c77-3aa5-4fed-a737-702df44e91ca"},"modified":"2025-08-16T04:27:39","modified_gmt":"2025-08-16T04:27:39","slug":"o-que-e-clt-giria","status":"publish","type":"post","link":"https:\/\/ammabarbacena.com.br\/perguntas-frequentes\/o-que-e-clt-giria\/","title":{"rendered":"O que \u00e9 clt giria"},"content":{"rendered":"\n\n<h2 class=\"wp-block-heading\">O que significa dizer que a pessoa \u00e9 CLT?<\/h2>\n\n\n\n<h2 class=\"wp-block-heading\">O que significa &#8220;clt&#8221; na giria brasileira?<\/h2>\n\n\n<p>Desejado por muitos, o &#8220;emprego CLT&#8221;, a famosa carteira assinada, virou sin\u00f4nimo de ofensa entre crian\u00e7as e adolescentes. Para alguns deles, ter um emprego de carteira assinada \u00e9 o mesmo que n\u00e3o ter sucesso.<\/p>\n\n\n\n\n<h2 class=\"wp-block-heading\">O que significa CLT meme?<\/h2>\n\n\n\n<h2 class=\"wp-block-heading\">O que \u00e9 CLT na linguagem dos jovens?<\/h2>\n\n\n<p>Em um fen\u00f4meno social revelador das transforma\u00e7\u00f5es culturais no Brasil contempor\u00e2neo, crian\u00e7as e adolescentes passaram a utilizar a sigla \u201cCLT\u201d (Consolida\u00e7\u00e3o das Leis do Trabalho) como insulto entre seus pares.<\/p>\n<h3>What is CLT? | with Z\u00e9 Salatino<\/h3><iframe src=\"https:\/\/www.youtube.com\/embed\/_5tLfITq_lg\" width=\"560\" height=\"315\" frameborder=\"0\" allowfullscreen><\/iframe>\n\n\n\n\n\n\n<h2 class=\"wp-block-heading\">Por que o CLT virou xingamento?<\/h2>\n\n\n<p>Menos de um ano se passou entre a trend do CLT premium, em que jovens falavam orgulhosos dos benef\u00edcios \u201costenta\u00e7\u00e3o\u201d que recebiam em suas empresas, e um novo fen\u00f4meno das redes: uma s\u00e9rie de v\u00eddeos de adolescentes &#8211; e at\u00e9 crian\u00e7as &#8211; desprezando a ideia de se tornarem CLTs, transformando o termo em um xingamento.<\/p>\n\n\n\n\n<h2 class=\"wp-block-heading\">O que quer dizer a sigla CLT?<\/h2>\n\n\n\n<h2 class=\"wp-block-heading\">O que \u00e9 um funcion\u00e1rio da CLT?<\/h2>\n\n\n<p>\u201cArt. 3\u00ba \u2013 Considera-se empregado toda pessoa f\u00edsica que prestar servi\u00e7os de natureza n\u00e3o eventual a empregador, sob a depend\u00eancia deste e mediante sal\u00e1rio. Par\u00e1grafo \u00fanico \u2013 N\u00e3o haver\u00e1 distin\u00e7\u00f5es relativas \u00e0 esp\u00e9cie de emprego e \u00e0 condi\u00e7\u00e3o de trabalhador, nem entre o trabalho intelectual, t\u00e9cnico e manual.\u201d<\/p>\n\n\n","protected":false},"excerpt":{"rendered":"<p>O que significa dizer que a pessoa \u00e9 CLT? O que significa &#8220;clt&#8221; na giria brasileira? Desejado por muitos, o &#8220;emprego CLT&#8221;, a famosa carteira assinada, virou sin\u00f4nimo de ofensa entre crian\u00e7as e adolescentes. Para alguns deles, ter um emprego de carteira assinada \u00e9 o mesmo que n\u00e3o ter sucesso. O que significa CLT meme? [&hellip;]<\/p>\n","protected":false},"author":2,"featured_media":0,"comment_status":"open","ping_status":"closed","sticky":false,"template":"","format":"standard","meta":{"footnotes":""},"categories":[1],"tags":[],"class_list":["post-23638","post","type-post","status-publish","format-standard","hentry","category-conteudo"],"_links":{"self":[{"href":"https:\/\/ammabarbacena.com.br\/perguntas-frequentes\/wp-json\/wp\/v2\/posts\/23638","targetHints":{"allow":["GET"]}}],"collection":[{"href":"https:\/\/ammabarbacena.com.br\/perguntas-frequentes\/wp-json\/wp\/v2\/posts"}],"about":[{"href":"https:\/\/ammabarbacena.com.br\/perguntas-frequentes\/wp-json\/wp\/v2\/types\/post"}],"author":[{"embeddable":true,"href":"https:\/\/ammabarbacena.com.br\/perguntas-frequentes\/wp-json\/wp\/v2\/users\/2"}],"replies":[{"embeddable":true,"href":"https:\/\/ammabarbacena.com.br\/perguntas-frequentes\/wp-json\/wp\/v2\/comments?post=23638"}],"version-history":[{"count":1,"href":"https:\/\/ammabarbacena.com.br\/perguntas-frequentes\/wp-json\/wp\/v2\/posts\/23638\/revisions"}],"predecessor-version":[{"id":23639,"href":"https:\/\/ammabarbacena.com.br\/perguntas-frequentes\/wp-json\/wp\/v2\/posts\/23638\/revisions\/23639"}],"wp:attachment":[{"href":"https:\/\/ammabarbacena.com.br\/perguntas-frequentes\/wp-json\/wp\/v2\/media?parent=23638"}],"wp:term":[{"taxonomy":"category","embeddable":true,"href":"https:\/\/ammabarbacena.com.br\/perguntas-frequentes\/wp-json\/wp\/v2\/categories?post=23638"},{"taxonomy":"post_tag","embeddable":true,"href":"https:\/\/ammabarbacena.com.br\/perguntas-frequentes\/wp-json\/wp\/v2\/tags?post=23638"}],"curies":[{"name":"wp","href":"https:\/\/api.w.org\/{rel}","templated":true}]}}