{"id":23630,"date":"2025-08-16T04:25:58","date_gmt":"2025-08-16T04:25:58","guid":{"rendered":"http:\/\/1d26fde5-a468-4345-9ee6-77e2b7cbfdd1"},"modified":"2025-08-16T04:25:58","modified_gmt":"2025-08-16T04:25:58","slug":"o-que-e-chuva-marrom","status":"publish","type":"post","link":"https:\/\/ammabarbacena.com.br\/perguntas-frequentes\/o-que-e-chuva-marrom\/","title":{"rendered":"O que \u00e9 chuva marrom"},"content":{"rendered":"\n\n<h2 class=\"wp-block-heading\">O que \u00e9 uma chuva negra?<\/h2>\n\n\n<h3>\u201cChuva negra\u201d pode chegar em SP com res\u00edduos das ...<\/h3><iframe src=\"https:\/\/www.youtube.com\/embed\/31EQzZ0sdro\" width=\"560\" height=\"315\" frameborder=\"0\" allowfullscreen><\/iframe>\n\n\n\n<h2 class=\"wp-block-heading\">O que a chuva preta faz?<\/h2>\n\n\n<p>\u00c9 o excesso de poluentes no ar que &#8220;escurece&#8221; a chuva, diz o pesquisador: &#8220;A &#8216;chuva negra&#8217; n\u00e3o \u00e9 prejudicial, ela limpa a cidade: tira da atmosfera e lan\u00e7a na \u00e1gua&#8221;.<\/p>\n\n\n\n\n<h2 class=\"wp-block-heading\">O que \u00e9 a tempestade negra?<\/h2>\n\n\n<p>O Kali Andhi, ou tempestade negra, \u00e9 uma tempestade de poeira violenta e tempestuosa que ocorre [ sic ] no final da primavera no noroeste da \u00cdndia.<\/p>\n\n\n\n\n<h2 class=\"wp-block-heading\">A chuva preta \u00e9 prejudicial para carros?<\/h2>\n\n\n<p>O Impacto da Chuva Preta nos Ve\u00edculos A chuva preta \u00e9 extremamente agressiva \u00e0 pintura automotiva. Ela pode corroer o verniz que protege a pintura, deixando manchas que muitas vezes s\u00f3 podem ser removidas atrav\u00e9s de um polimento profissional.<\/p>\n\n\n\n\n<h2 class=\"wp-block-heading\">O que \u00e9 o significado de chuva de prata?<\/h2>\n\n\n<p>A express\u00e3o &#8220;chuva de prata&#8221; representa o luar que cai suavemente, criando um clima de encantamento e sugerindo que o desejo e a paix\u00e3o s\u00e3o t\u00e3o naturais quanto um fen\u00f4meno da natureza.<\/p>\n\n\n\n\n<h2 class=\"wp-block-heading\">O que \u00e9 a chuva de prata?<\/h2>\n\n\n<p>A chuva de prata \u00e9 uma esp\u00e9cie de vida perene, origin\u00e1ria da Am\u00e9rica do Norte, especialmente de pa\u00edses como o M\u00e9xico e os Estados Unidos. Essa planta pertence \u00e0 fam\u00edlia Scrophulariaceae e \u00e9 conhecida cientificamente como Leucophyllum frutescens.<\/p>\n\n\n\n\n<h2 class=\"wp-block-heading\">O que significa chuva de prata na B\u00edblia?<\/h2>\n\n\n<p>A Chuva de Prata: Um Hino de Adora\u00e7\u00e3o e Purifica\u00e7\u00e3o A letra come\u00e7a com uma imagem poderosa de uma &#8216;chuva de prata&#8217; caindo, simbolizando a presen\u00e7a divina e a b\u00ean\u00e7\u00e3o de Deus sobre o lugar.<\/p>\n\n\n\n\n<h2 class=\"wp-block-heading\">Qual o significado da planta chuva de prata?<\/h2>\n\n\n<p>RESILI\u00caNCIA E ADAPTA\u00c7\u00c3O Al\u00e9m de sua beleza, a Chuva de Prata \u00e9 um s\u00edmbolo de resili\u00eancia. Ela prospera em condi\u00e7\u00f5es adversas, como solos pobres e climas \u00e1ridos, mostrando que a beleza pode florescer mesmo nas circunst\u00e2ncias mais desafiadoras.<\/p>\n\n\n\n\n<h2 class=\"wp-block-heading\">O que \u00e9 chuva branca?<\/h2>\n\n\n\n<h2 class=\"wp-block-heading\">O que \u00e9 chuva escura?<\/h2>\n\n\n<p>A primeira \u00e9 quando a carga se encontra com uma nuvem de chuva, os materiais se agregam e h\u00e1 precipita\u00e7\u00e3o. J\u00e1 a segunda acontece quando a &#8220;pluma de fuma\u00e7a&#8221; se forma abaixo da nuvem. &#8220;Se chover, a \u00e1gua capta essa sujeira e a\u00ed transforma na &#8216;chuva negra&#8217;.&#8221;<\/p>\n\n\n\n\n<h2 class=\"wp-block-heading\">O que \u00e9 chuvinha de prata?<\/h2>\n\n\n<h3>Planta CHUVA DE PRATA (Leucofilo) \/ Dicas de cultivo<\/h3><iframe src=\"https:\/\/www.youtube.com\/embed\/4jipECaKVbI\" width=\"560\" height=\"315\" frameborder=\"0\" allowfullscreen><\/iframe>\n\n\n\n<h2 class=\"wp-block-heading\">O que \u00e9 a bebida chuva de prata?<\/h2>\n\n\n<p>Com aroma frutado, com sabor suave e de baixa gradua\u00e7\u00e3o alco\u00f3lica, Chuva de Prata \u00e9 ideal para comemora\u00e7\u00f5es em grande estilo. Chuva de Prata \u00e9 elaborada com o mesmo padr\u00e3o dos espumantes feitos pelas principais vin\u00edcolas do pa\u00eds.<\/p>\n\n\n","protected":false},"excerpt":{"rendered":"<p>O que \u00e9 uma chuva negra? O que a chuva preta faz? \u00c9 o excesso de poluentes no ar que &#8220;escurece&#8221; a chuva, diz o pesquisador: &#8220;A &#8216;chuva negra&#8217; n\u00e3o \u00e9 prejudicial, ela limpa a cidade: tira da atmosfera e lan\u00e7a na \u00e1gua&#8221;. O que \u00e9 a tempestade negra? O Kali Andhi, ou tempestade negra, [&hellip;]<\/p>\n","protected":false},"author":2,"featured_media":0,"comment_status":"open","ping_status":"closed","sticky":false,"template":"","format":"standard","meta":{"footnotes":""},"categories":[1],"tags":[],"class_list":["post-23630","post","type-post","status-publish","format-standard","hentry","category-conteudo"],"_links":{"self":[{"href":"https:\/\/ammabarbacena.com.br\/perguntas-frequentes\/wp-json\/wp\/v2\/posts\/23630","targetHints":{"allow":["GET"]}}],"collection":[{"href":"https:\/\/ammabarbacena.com.br\/perguntas-frequentes\/wp-json\/wp\/v2\/posts"}],"about":[{"href":"https:\/\/ammabarbacena.com.br\/perguntas-frequentes\/wp-json\/wp\/v2\/types\/post"}],"author":[{"embeddable":true,"href":"https:\/\/ammabarbacena.com.br\/perguntas-frequentes\/wp-json\/wp\/v2\/users\/2"}],"replies":[{"embeddable":true,"href":"https:\/\/ammabarbacena.com.br\/perguntas-frequentes\/wp-json\/wp\/v2\/comments?post=23630"}],"version-history":[{"count":1,"href":"https:\/\/ammabarbacena.com.br\/perguntas-frequentes\/wp-json\/wp\/v2\/posts\/23630\/revisions"}],"predecessor-version":[{"id":23631,"href":"https:\/\/ammabarbacena.com.br\/perguntas-frequentes\/wp-json\/wp\/v2\/posts\/23630\/revisions\/23631"}],"wp:attachment":[{"href":"https:\/\/ammabarbacena.com.br\/perguntas-frequentes\/wp-json\/wp\/v2\/media?parent=23630"}],"wp:term":[{"taxonomy":"category","embeddable":true,"href":"https:\/\/ammabarbacena.com.br\/perguntas-frequentes\/wp-json\/wp\/v2\/categories?post=23630"},{"taxonomy":"post_tag","embeddable":true,"href":"https:\/\/ammabarbacena.com.br\/perguntas-frequentes\/wp-json\/wp\/v2\/tags?post=23630"}],"curies":[{"name":"wp","href":"https:\/\/api.w.org\/{rel}","templated":true}]}}