{"id":2358,"date":"2025-07-17T11:10:51","date_gmt":"2025-07-17T11:10:51","guid":{"rendered":"http:\/\/c0c35b97-597e-4e5e-a561-4957aa613c2c"},"modified":"2025-07-17T11:10:51","modified_gmt":"2025-07-17T11:10:51","slug":"o-que-e-eczemas-anais","status":"publish","type":"post","link":"https:\/\/ammabarbacena.com.br\/perguntas-frequentes\/o-que-e-eczemas-anais\/","title":{"rendered":"O que \u00e9 eczemas anais"},"content":{"rendered":"\n\n<h2 class=\"wp-block-heading\">O que \u00e9 eczema no reto?<\/h2>\n\nEczema seborreico: \u00e9 uma condi\u00e7\u00e3o inflamat\u00f3ria cr\u00f4nica da pele, que pode causar descama\u00e7\u00e3o, coceira e vermelhid\u00e3o. Na regi\u00e3o anal, pode aparecer como manchas escamosas e pruriginosas. Na regi\u00e3o anal, pode aparecer como placas vermelhas e escamosas. Candid\u00edase: \u00e9 uma infec\u00e7\u00e3o f\u00fangica causada pelo fungo Candida albicans.<br \/>\n\n\n\n\n<h2 class=\"wp-block-heading\">Como se pega dermatite perianal?<\/h2>\n\n\n<p><\/p>O denominador comum que liga a maioria dos casos de prurido anal idiop\u00e1tico \u00e9 a contamina\u00e7\u00e3o fecal. As evacua\u00e7\u00f5es apresentam irritantes e al\u00e9rgenos aos tecidos perianais. Fezes e enzimas bacterianas potencializam a irrita\u00e7\u00e3o, a coceira e a inflama\u00e7\u00e3o.<br \/>\n\n\n\n\n<h2 class=\"wp-block-heading\">Qual \u00e9 a principal causa da eczema?<\/h2>\n\n\n<p><\/p>O eczema apresenta v\u00e1rios fatores agravantes e desencadeantes, como calor, transpira\u00e7\u00e3o, estresse emocional e exposi\u00e7\u00e3o a determinados produtos qu\u00edmicos, fuma\u00e7a de cigarro e solu\u00e7\u00f5es de limpeza. Existem tamb\u00e9m al\u00e9rgenos comuns que podem causar sintomas, incluindo: Pelos de animais. Ovo.<br \/>\n\n\n\n\n<h2 class=\"wp-block-heading\">O que \u00e9 bom para curar eczema?<\/h2>\n\n\n<p><\/p>Corticosteroides. Corticosteroides t\u00f3picos s\u00e3o a base do tratamento. Tratamentos espec\u00edficos incluem a aplica\u00e7\u00e3o de um creme ou pomada com corticosteroide.<br \/>\n\n\n\n\n<h2 class=\"wp-block-heading\">Quanto tempo dura a dermatite perianal?<\/h2>\n\n\n<p><\/p>A dermatite de contato al\u00e9rgica pode demorar v\u00e1rias semanas para desaparecer, depois que as pessoas n\u00e3o s\u00e3o mais expostas ao al\u00e9rgeno.<br \/>\n\n\n\n\n<h2 class=\"wp-block-heading\">O que \u00e9 eczema e o que provoca?<\/h2>\n\nEczema \u00e9 uma doen\u00e7a de pele que causa \u00e1reas secas e com coceira. \u00c9 uma condi\u00e7\u00e3o comum e n\u00e3o contagiosa. Os sintomas do eczema podem piorar se voc\u00ea entrar em contato com um irritante ou al\u00e9rgeno. Existem tratamentos dispon\u00edveis para ajudar a controlar os sintomas, mas n\u00e3o h\u00e1 cura.<br \/>\n\n\n\n\n<h2 class=\"wp-block-heading\">Qual \u00e9 a principal causa do eczema?<\/h2>\n\n\n<p><\/p>O eczema apresenta v\u00e1rios fatores agravantes e desencadeantes, como calor, transpira\u00e7\u00e3o, estresse emocional e exposi\u00e7\u00e3o a determinados produtos qu\u00edmicos, fuma\u00e7a de cigarro e solu\u00e7\u00f5es de limpeza. Existem tamb\u00e9m al\u00e9rgenos comuns que podem causar sintomas, incluindo: Pelos de animais. Ovo.<br \/>\n\n\n\n\n<h2 class=\"wp-block-heading\">Quais s\u00e3o os tipos de eczema?<\/h2>\n\n\n<p><\/p>Eczema ( eg-zuh-MUH ) \u00e9 o nome de um grupo de doen\u00e7as inflamat\u00f3rias da pele que causam pele seca, coceira, erup\u00e7\u00f5es cut\u00e2neas, manchas escamosas, bolhas e infec\u00e7\u00f5es cut\u00e2neas. Existem sete tipos de eczema que afetam a pele. N\u00e3o h\u00e1 cura para o eczema, mas existem muitos tratamentos dispon\u00edveis para ajudar a control\u00e1-lo.<br \/>\n\n\n\n\n<h2 class=\"wp-block-heading\">Qual \u00e9 o tratamento para eczem\u00e1tide?<\/h2>\n\n\n<p><\/p>Os inibidores t\u00f3picos de calcineurina \u2013 tacrolimo ou pimecrolimo \u2013 despontam como o tratamento de escolha por ter menos efeitos colaterais e boa aplica\u00e7\u00e3o na face.<br \/>\n\n\n\n\n<h2 class=\"wp-block-heading\">Como fica a pele com eczema?<\/h2>\n\n\n<p><\/p>A principal caracter\u00edstica do eczema s\u00e3o as pequenas manchas avermelhadas que aparecem em diversas partes da pele, como bra\u00e7os, pernas e couro cabeludo. A pele nessas \u00e1reas fica desidratada e \u00e1spera. Algumas pessoas podem tamb\u00e9m sentir rachaduras e fissuras na pele, al\u00e9m de experimentar pontadas de dor.<br \/>\n\n\n\n\n<h2 class=\"wp-block-heading\">O que significa prurido anais?<\/h2>\n\nO prurido (coceira) no \u00e2nus (a abertura na extremidade do trato digestivo pela qual as fezes saem do corpo) e na pele ao seu redor (pele perianal) \u00e9 denominado prurido anal.<br \/>\n\n\n\n\n<h2 class=\"wp-block-heading\">Como se pega prurido?<\/h2>\n\n\n<p><\/p>O prurido pode ser causado por diversos est\u00edmulos, como o toque da pele, vibra\u00e7\u00e3o e fibras de l\u00e3. H\u00e1 uma s\u00e9rie de mediadores qu\u00edmicos, assim como diferentes mecanismos que causam a sensa\u00e7\u00e3o de coceira. Neur\u00f4nios sensoriais perif\u00e9ricos espec\u00edficos medeiam a sensa\u00e7\u00e3o de prurido.<br \/>\n\n\n\n\n<h2 class=\"wp-block-heading\">O que \u00e9 prurido nas partes \u00edntimas?<\/h2>\n\n\n<p><\/p>\n\n<ul class=\"wp-block-list\">\n<li>(Prurido vulvar)<\/li>\n<li> A coceira (prurido) \u00e9 considerada um problema quando \u00e9 persistente, intensa, recorrente ou acompanhada por secre\u00e7\u00e3o vaginal. Uma secre\u00e7\u00e3o vaginal inodora de cor branco leitoso ou rala e transparente ocorre normalmente na maioria das mulheres. Ela pode ser causada por efeitos do estrog\u00eanio.<\/li>\n<\/ul>\n\n\n\n\n<h2 class=\"wp-block-heading\">Qual a principal causa de prurido?<\/h2>\n\n\n<p><\/p>Geralmente a coceira \u00e9 causada por uma rea\u00e7\u00e3o al\u00e9rgica. Alguns medicamentos, como morfina e alguns meios de contraste radiopacos usados ao realizar determinados raios-x tamb\u00e9m podem provocar coceira sem causar uma rea\u00e7\u00e3o al\u00e9rgica.<br \/>\n\n\n\n\n<h2 class=\"wp-block-heading\">Onde fica o prurido?<\/h2>\n\n\n<p><\/p>Vis\u00e3o geral. Coceira na pele \u00e9 uma sensa\u00e7\u00e3o irritante que d\u00e1 vontade de co\u00e7ar. Tamb\u00e9m \u00e9 chamada de prurido. A coceira na pele costuma ser causada por pele seca e \u00e9 comum em idosos, pois a pele tende a ficar mais seca com a idade.<br \/>\n\n\n\n\n<h2 class=\"wp-block-heading\">Quais medicamentos podem causar prurido?<\/h2>\n\n\n<p><\/p>\n\n<ul class=\"wp-block-list\">\n<li>Antibi\u00f3ticos. Exemplos: tetraciclinas, beta-lact\u00e2micos.<\/li>\n<li>Anti-hipertensivos. &#8230;<\/li>\n<li>Medicamentos para o cora\u00e7\u00e3o. &#8230;<\/li>\n<li>Medicamentos para o colesterol. &#8230;<\/li>\n<li>Analg\u00e9sicos. &#8230;<\/li>\n<li>Anti-epil\u00e9pticos. &#8230;<\/li>\n<li>Antidepressivos. &#8230;<\/li>\n<li>Outros.<\/li>\n<\/ul>\n\n\n\n\n<h2 class=\"wp-block-heading\">Qual \u00e9 a melhor pomada para eczema?<\/h2>\n\nA pomada de neomicina \u00e9 geralmente encontrada em combina\u00e7\u00e3o com cetoconazol e betametasona, e pode ser recomendada pelo m\u00e9dico para o tratamento de eczema causado por infec\u00e7\u00f5es de pele.<br \/>\n\n\n\n\n<h2 class=\"wp-block-heading\">Qual a melhor pomada para curar eczema?<\/h2>\n\n\n<p><\/p>Bepanthene Eczema pode ser aplicado nas zonas afetadas pelo eczema at\u00f3pico ou dermatite at\u00f3pica v\u00e1rias vezes ao dia, sempre que necess\u00e1rio. Est\u00e1 indicado para toda a fam\u00edlia (beb\u00e9s, crian\u00e7as e adultos), incluindo durante a gravidez e amamenta\u00e7\u00e3o.<br \/>\n\n\n\n\n<h2 class=\"wp-block-heading\">Qual o medicamento mais indicado para eczema?<\/h2>\n\n\n<p><\/p>Anti-histam\u00ednicos, como hidroxizina e difenidramina, podem ajudar a aliviar a coceira. Esses medicamentos s\u00e3o tomados, de prefer\u00eancia, na hora de dormir para evitar sonol\u00eancia durante o dia.<br \/>\n\n\n\n\n<h2 class=\"wp-block-heading\">O que piora o eczema?<\/h2>\n\n\n<p><\/p>O eczema apresenta v\u00e1rios fatores agravantes e desencadeantes, como calor, transpira\u00e7\u00e3o, estresse emocional e exposi\u00e7\u00e3o a determinados produtos qu\u00edmicos, fuma\u00e7a de cigarro e solu\u00e7\u00f5es de limpeza. Existem tamb\u00e9m al\u00e9rgenos comuns que podem causar sintomas, incluindo: Pelos de animais. Ovo.<br \/>\n\n\n\n\n<h2 class=\"wp-block-heading\">Como cicatrizar eczema?<\/h2>\n\n\n<p><\/p>N\u00e3o h\u00e1 cura para o eczema e o tratamento \u00e9 voltado para evitar infec\u00e7\u00f5es na pele e diminuir as chances de manifesta\u00e7\u00e3o das alergias. Para controlar os surtos de sinais e sintomas, o m\u00e9dico pode prescrever pomadas a base de corticoides, antial\u00e9rgicos para prevenir a coceira e, em casos mais graves, medicamentos orais.<br \/>\n\n\n\n\n<h2 class=\"wp-block-heading\">Quais s\u00e3o os sintomas de fungo no reto?<\/h2>\n\n\n\n<h2 class=\"wp-block-heading\">O que causa fungos no reto?<\/h2>\n\n\n<p><\/p>H\u00e1bitos de higiene, particularmente frequ\u00eancia de banhos. Infec\u00e7\u00f5es ou dist\u00farbios conhecidos (como diabetes, hemorroidas ou psor\u00edase) Uso recente de antibi\u00f3ticos.<br \/>\n\n\n\n\n<h2 class=\"wp-block-heading\">Como saber se meu intestino est\u00e1 com fungos?<\/h2>\n\n\n<p><\/p>A detec\u00e7\u00e3o de fungos na microbiota intestinal pode ser realizada atrav\u00e9s de an\u00e1lises de sequenciamento de DNA de alto desempenho por metagen\u00f4mica, conhecida principalmente como shotgun, ou de amplicon, na qual pode-se incluir a detec\u00e7\u00e3o de genes como o ITS (Internal Transcribed Spacer) e tamb\u00e9m regi\u00f5es do gene &#8230;<br \/>\n\n\n\n\n<h2 class=\"wp-block-heading\">Quais os sintomas da infec\u00e7\u00e3o no reto?<\/h2>\n\n\n<p><\/p>\n\n<ul class=\"wp-block-list\">\n<li>Sintomas da proctite<\/li>\n<li> A proctite normalmente causa dor ao se fazer for\u00e7a para defecar, hemorragia sem dor ou a elimina\u00e7\u00e3o de muco pelo reto. Quando a proctite for causada por gonorreia, v\u00edrus do herpes simples, v\u00edrus da var\u00edola dos macacos ou pelo citomegalov\u00edrus, podem ocorrer dores intensas no \u00e2nus e no reto.<\/li>\n<\/ul>\n\n\n\n\n<h2 class=\"wp-block-heading\">Como saber se estou com infec\u00e7\u00e3o por fungos?<\/h2>\n\n\n<p><\/p>\n\n<ul class=\"wp-block-list\">\n<li>Diagn\u00f3stico de infec\u00e7\u00f5es f\u00fangicas da pele<\/li>\n<li> Ele geralmente pode confirmar o diagn\u00f3stico de uma infec\u00e7\u00e3o f\u00fangica da pele raspando uma pequena por\u00e7\u00e3o de pele para examin\u00e1-la ao microsc\u00f3pio ou para coloc\u00e1-la num meio de cultura em que o fungo espec\u00edfico pode crescer e ser identificado.<\/li>\n<\/ul>\n\n\n\n\n<h2 class=\"wp-block-heading\">Quais s\u00e3o as causas da coceira nas pregas anais?<\/h2>\n\n\n\n<h2 class=\"wp-block-heading\">O que fazer quando o reto est\u00e1 co\u00e7ando?<\/h2>\n\n\n<p><\/p>\n\n<ul class=\"wp-block-list\">\n<li>Manter a higiene adequada da regi\u00e3o anal, lavando com \u00e1gua e sab\u00e3o ap\u00f3s cada evaca\u00e7\u00e3o;<\/li>\n<li>Evitar usar papel higi\u00eanico, sempre que poss\u00edvel, e produtos que causam irrita\u00e7\u00e3o;<\/li>\n<li>Fazer banhos de assento;<\/li>\n<li>Evitar co\u00e7ar o \u00e2nus para prevenir a forma\u00e7\u00e3o de feridas;<\/li>\n<\/ul>\n\n\n\n\n<h2 class=\"wp-block-heading\">Como acabar com coceira entre as n\u00e1degas?<\/h2>\n\n\n<p><\/p>Garanta a higiene correta e mantenha a regi\u00e3o da virilha seca, especialmente ap\u00f3s se lavar ou fazer exerc\u00edcio f\u00edsico. Escolha somente roupa \u00edntima de algod\u00e3o e troque-a diariamente. Troque as suas toalhas regularmente e evite usar toalhas dispon\u00edveis em \u00e1reas p\u00fablicas.<br \/>\n\n\n\n\n<h2 class=\"wp-block-heading\">Como parar a coceira do plicoma?<\/h2>\n\n\n<p><\/p>N\u00e3o existe pomada ou rem\u00e9dio para regredir esse excesso de pele. Caso o paciente n\u00e3o tenha queixa est\u00e9tica e nem outros desconfortos em rela\u00e7\u00e3o ao plicoma, n\u00e3o existe necessidade da retirada deste.<br \/>\n\n\n\n\n<h2 class=\"wp-block-heading\">\u00c9 normal ter coceira no reto?<\/h2>\n\n\n<p><\/p>Oxi\u00faros em crian\u00e7as e problemas relacionados \u00e0 higiene em adultos s\u00e3o causas comuns de coceira anal; outras causas incluem outros dist\u00farbios do \u00e2nus e do reto, infec\u00e7\u00f5es e problemas de pele. Alimentos, detergentes ou sabonetes podem causar prurido anal.<br \/>\n\n\n","protected":false},"excerpt":{"rendered":"<p>O que \u00e9 eczema no reto? Eczema seborreico: \u00e9 uma condi\u00e7\u00e3o inflamat\u00f3ria cr\u00f4nica da pele, que pode causar descama\u00e7\u00e3o, coceira e vermelhid\u00e3o. Na regi\u00e3o anal, pode aparecer como manchas escamosas e pruriginosas. Na regi\u00e3o anal, pode aparecer como placas vermelhas e escamosas. Candid\u00edase: \u00e9 uma infec\u00e7\u00e3o f\u00fangica causada pelo fungo Candida albicans. Como se pega [&hellip;]<\/p>\n","protected":false},"author":2,"featured_media":0,"comment_status":"open","ping_status":"closed","sticky":false,"template":"","format":"standard","meta":{"footnotes":""},"categories":[1],"tags":[],"class_list":["post-2358","post","type-post","status-publish","format-standard","hentry","category-conteudo"],"_links":{"self":[{"href":"https:\/\/ammabarbacena.com.br\/perguntas-frequentes\/wp-json\/wp\/v2\/posts\/2358","targetHints":{"allow":["GET"]}}],"collection":[{"href":"https:\/\/ammabarbacena.com.br\/perguntas-frequentes\/wp-json\/wp\/v2\/posts"}],"about":[{"href":"https:\/\/ammabarbacena.com.br\/perguntas-frequentes\/wp-json\/wp\/v2\/types\/post"}],"author":[{"embeddable":true,"href":"https:\/\/ammabarbacena.com.br\/perguntas-frequentes\/wp-json\/wp\/v2\/users\/2"}],"replies":[{"embeddable":true,"href":"https:\/\/ammabarbacena.com.br\/perguntas-frequentes\/wp-json\/wp\/v2\/comments?post=2358"}],"version-history":[{"count":1,"href":"https:\/\/ammabarbacena.com.br\/perguntas-frequentes\/wp-json\/wp\/v2\/posts\/2358\/revisions"}],"predecessor-version":[{"id":2359,"href":"https:\/\/ammabarbacena.com.br\/perguntas-frequentes\/wp-json\/wp\/v2\/posts\/2358\/revisions\/2359"}],"wp:attachment":[{"href":"https:\/\/ammabarbacena.com.br\/perguntas-frequentes\/wp-json\/wp\/v2\/media?parent=2358"}],"wp:term":[{"taxonomy":"category","embeddable":true,"href":"https:\/\/ammabarbacena.com.br\/perguntas-frequentes\/wp-json\/wp\/v2\/categories?post=2358"},{"taxonomy":"post_tag","embeddable":true,"href":"https:\/\/ammabarbacena.com.br\/perguntas-frequentes\/wp-json\/wp\/v2\/tags?post=2358"}],"curies":[{"name":"wp","href":"https:\/\/api.w.org\/{rel}","templated":true}]}}