{"id":23425,"date":"2025-08-10T00:37:38","date_gmt":"2025-08-10T00:37:38","guid":{"rendered":"http:\/\/b8416ca4-2530-4e94-b150-a02a22b3a56d"},"modified":"2025-08-10T00:37:38","modified_gmt":"2025-08-10T00:37:38","slug":"o-que-e-ser-penalmente-imputavel","status":"publish","type":"post","link":"https:\/\/ammabarbacena.com.br\/perguntas-frequentes\/o-que-e-ser-penalmente-imputavel\/","title":{"rendered":"O que \u00e9 ser penalmente imput\u00e1vel"},"content":{"rendered":"\n\n<h2 class=\"wp-block-heading\">O que \u00e9 um cidad\u00e3o penalmente imput\u00e1vel?<\/h2>\n\nEm direito, a imputabilidade penal \u00e9 a capacidade que tem a pessoa que praticou certo ato, definido como crime, de entender o que est\u00e1 fazendo e de poder determinar se, de acordo com esse entendimento, ser\u00e1 ou n\u00e3o legalmente punida.<br \/>\n\n\n\n\n<h2 class=\"wp-block-heading\">O que \u00e9 uma pessoa ser penalmente imput\u00e1vel?<\/h2>\n\n\n<p><\/p>A imputabilidade \u00e9 a possibilidade de se atribuir o crime a uma pessoa, sendo constitu\u00edda por dois elementos: um intelectual (se a pessoa entende as proibi\u00e7\u00f5es e determina\u00e7\u00f5es legais) e outro volitivo (se a pessoa consegue avaliar se sua conduta \u00e9 il\u00edcita).<br \/>\n\n\n\n\n<h2 class=\"wp-block-heading\">Quem s\u00e3o os penalmente inimput\u00e1veis?<\/h2>\n\n\n<p><\/p>\u201c S\u00e3o penalmente inimput\u00e1veis os menores de dezoito anos, sujeitos \u00e0s normas da legisla\u00e7\u00e3o especial.\u201d Do mesmo Jaez o artigo 27 do C\u00f3digo Penal: \u201c Os menores de 18 (dezoito) anos s\u00e3o penalmente inimput\u00e1veis, ficando sujeitos \u00e0s normas estabelecidas na legisla\u00e7\u00e3o especial.\u201d<br \/>\n\n\n\n\n<h2 class=\"wp-block-heading\">O que \u00e9 ser penalmente imput\u00e1vel no CNH?<\/h2>\n\nSer penalmente imput\u00e1vel ( ter 18 anos e compreender as consequ\u00eancias de seus atos, podendo ser responsabilizado penalmente por eles ). Saber ler e escrever em portugu\u00eas.<br \/>\n\n\n\n\n<h2 class=\"wp-block-heading\">O que \u00e9 ser penalmente imput\u00e1vel no Detran?<\/h2>\n\n\n<p><\/p>Ser penalmente imput\u00e1vel ( ter 18 anos e compreender as consequ\u00eancias de seus atos, podendo ser responsabilizado penalmente por eles ).<br \/>\n\n\n\n\n<h2 class=\"wp-block-heading\">O que seria penalmente imput\u00e1vel?<\/h2>\n\n\n<p><\/p>26 do C\u00f3digo Penal diz que imput\u00e1vel \u00e9 a pessoa capaz de enten- der o car\u00e1ter il\u00edcito do fato e de determinar-se de acordo com esse entendimento.<br \/>\n\n\n\n\n<h2 class=\"wp-block-heading\">O que significa ser penalmente imput\u00e1vel?<\/h2>\n\n\n<p><\/p>A imputabilidade \u00e9 a possibilidade de se atribuir o crime a uma pessoa, sendo constitu\u00edda por dois elementos: um intelectual (se a pessoa entende as proibi\u00e7\u00f5es e determina\u00e7\u00f5es legais) e outro volitivo (se a pessoa consegue avaliar se sua conduta \u00e9 il\u00edcita).<br \/>\n\n\n\n\n<h2 class=\"wp-block-heading\">O que significa imput\u00e1vel no tr\u00e2nsito?<\/h2>\n\n\n<p><\/p>140 do CTB, o primeiro requisito \u00e9 que seja o condutor penalmente imput\u00e1vel, isto \u00e9, que se encontre na capacidade penal. O candidato dever\u00e1 ter 18 anos completos e gozar de capacidade mental, podendo ser penalizado pelos seus atos.<br \/>\n\n\n\n\n<h2 class=\"wp-block-heading\">O que significa fato imput\u00e1vel?<\/h2>\n\n\n<p><\/p>Acontecimento ou conduta que pode ser atribu\u00eddo \u00e0 responsabilidade de algu\u00e9m seja por dolo ou culpa.<br \/>\n\n\n\n\n<h2 class=\"wp-block-heading\">Quais s\u00e3o as exig\u00eancias para o candidato \u00e0 habilita\u00e7\u00e3o?<\/h2>\n\n\n<p><\/p>Os requisitos para a abertura do processo de habilita\u00e7\u00e3o, de acordo com o artigo 140 do CTB e artigo 2\u00ba da Resolu\u00e7\u00e3o do Contran n\u00ba 168\/04 s\u00e3o apenas quatro: I \u2013 ser penalmente imput\u00e1vel; II \u2013 saber ler e escrever; III \u2013 possuir documento de identidade; e IV \u2013 possuir Cadastro de Pessoa F\u00edsica \u2013 CPF.<br \/>\n\n\n\n\n<h2 class=\"wp-block-heading\">O que significa &#8220;fato imput\u00e1vel&#8221;?<\/h2>\n\n\n\n<h2 class=\"wp-block-heading\">O que \u00e9 um fato imput\u00e1vel?<\/h2>\n\n\n<p><\/p>2. [ Direito ] Que ou quem pode ser responsabilizado por um facto pun\u00edvel, por se considerar ter as faculdades mentais e a liberdade necess\u00e1rias para avaliar o acto quando o praticou (ex.: menor imput\u00e1vel ; o sistema devia prever legisla\u00e7\u00e3o especial para os imput\u00e1veis perigosos).<br \/>\n\n\n\n\n<h2 class=\"wp-block-heading\">O que significa ser imput\u00e1vel?<\/h2>\n\n\n<p><\/p>A imputabilidade \u00e9 a possibilidade de se atribuir o crime a uma pessoa, sendo constitu\u00edda por dois elementos: um intelectual (se a pessoa entende as proibi\u00e7\u00f5es e determina\u00e7\u00f5es legais) e outro volitivo (se a pessoa consegue avaliar se sua conduta \u00e9 il\u00edcita).<br \/>\n\n\n\n\n<h2 class=\"wp-block-heading\">O que \u00e9 ato imput\u00e1vel?<\/h2>\n\n\n<p><\/p>1 Segundo explicita Guido ALPA, em tradu\u00e7\u00e3o livre, a imputabilidade &#8220;\u00e9 a capacidade do agente de compreender, estar ciente do que est\u00e1 acontecendo e saber o que fazer, bem como de querer e decidir o comportamento a ser realizado (a chamada capacidade de entender e querer).<br \/>\n\n\n\n\n<h2 class=\"wp-block-heading\">O que \u00e9 motivo imput\u00e1vel?<\/h2>\n\n\n<p><\/p>adjetivo Que pode ser alvo de imputa\u00e7\u00e3o, acusa\u00e7\u00e3o; atribu\u00edvel. [Jur\u00eddico] Sobre quem se atribui a autoria ou a responsabilidade por alguma a\u00e7\u00e3o ilegal: penalmente imput\u00e1vel.<br \/>\n\n\n\n\n<h2 class=\"wp-block-heading\">Quem s\u00e3o as pessoas imput\u00e1veis?<\/h2>\n\n\n\n<h2 class=\"wp-block-heading\">Quem s\u00e3o considerados imput\u00e1veis?<\/h2>\n\n\n<p><\/p>Toda pessoa, a partir do in\u00edcio do dia em que completa 18 anos de idade, presume-se imput\u00e1vel. O art. 26, caput, do C\u00f3digo Penal \u00e9 claro: a imputabilidade deve ser analisada ao tempo da a\u00e7\u00e3o ou da omiss\u00e3o. Considera-se, portanto, a pr\u00e1tica da conduta.<br \/>\n\n\n\n\n<h2 class=\"wp-block-heading\">O que \u00e9 um indiv\u00edduo imput\u00e1vel?<\/h2>\n\n\n<p><\/p>A imputabilidade \u00e9 a possibilidade de se atribuir o crime a uma pessoa, sendo constitu\u00edda por dois elementos: um intelectual (se a pessoa entende as proibi\u00e7\u00f5es e determina\u00e7\u00f5es legais) e outro volitivo (se a pessoa consegue avaliar se sua conduta \u00e9 il\u00edcita).<br \/>\n\n\n\n\n<h2 class=\"wp-block-heading\">Quais doen\u00e7as s\u00e3o imput\u00e1veis?<\/h2>\n\n\n<p><\/p>\n\n<ul class=\"wp-block-list\">\n<li>EPILEPSIA. &#8230;<\/li>\n<li>HISTERIA. &#8230;<\/li>\n<li>NEURASTENIA. &#8230;<\/li>\n<li>PSICOSE MANI\u00c1CO-DEPRESSIVA. &#8230;<\/li>\n<li>MELANCOLIA. &#8230;<\/li>\n<li>PARANOIA. &#8230;<\/li>\n<li>ALCOOLISMO. &#8230;<\/li>\n<li>ESQUIZOFRENIA.<\/li>\n<\/ul>\n\n\n\n\n<h2 class=\"wp-block-heading\">O que significa dizer ser penalmente imput\u00e1vel?<\/h2>\n\nA imputabilidade \u00e9 a possibilidade de se atribuir o crime a uma pessoa, sendo constitu\u00edda por dois elementos: um intelectual (se a pessoa entende as proibi\u00e7\u00f5es e determina\u00e7\u00f5es legais) e outro volitivo (se a pessoa consegue avaliar se sua conduta \u00e9 il\u00edcita).<br \/>\n\n\n\n\n<h2 class=\"wp-block-heading\">O que \u00e9 dolo?<\/h2>\n\n\n\n<h2 class=\"wp-block-heading\">O que \u00e9 um ato de dolo?<\/h2>\n\n\n<p><\/p>O dolo \u00e9 a conduta maliciosa praticada por um dos negociantes ou por terceiro com o objetivo de levar o outro negociante a erro sobre as circunst\u00e2ncias reais do neg\u00f3cio, de modo a manifestar vontade que lhe seja desfavor\u00e1vel, e que ele n\u00e3o manifestaria, n\u00e3o fosse o comporta- mento il\u00edcito de que foi v\u00edtima.<br \/>\n\n\n\n\n<h2 class=\"wp-block-heading\">O que \u00e9 dolo segundo a B\u00edblia?<\/h2>\n\n\n<p><\/p>De acordo com o dicion\u00e1rio enciclop\u00e9dico, dolo significa fraude, m\u00e1 f\u00e9, maquina\u00e7\u00e3o.<br \/>\n\n\n\n\n<h2 class=\"wp-block-heading\">O que \u00e9 dolo no c\u00f3digo civil?<\/h2>\n\n\n<p><\/p>Dolo \u00e9 o v\u00edcio de consentimento gerado pela atua\u00e7\u00e3o maliciosa de um terceiro. Conforme leciona PABLO STOLZE GAGLIANO e RODOLFO PAMPLONA FILHO: \u201c Seria, portanto, todo artif\u00edcio malicioso empregado por um das partes ou por terceiro, com o prop\u00f3sito de prejudicar outrem, quando da celebra\u00e7\u00e3o do neg\u00f3cio jur\u00eddico &#8220;.<br \/>\n\n\n\n\n<h2 class=\"wp-block-heading\">Quais s\u00e3o os tipos de dolo?<\/h2>\n\n\n<p><\/p>Dolo de primeiro grau existe quando o agente tem a vontade de produzir as consequ\u00eancias prim\u00e1rias do delito. A vontade do agente \u00e9 direcionada a determinado resultado, com inten\u00e7\u00e3o de atingir um \u00fanico bem jur\u00eddico. Dolo de segundo grau existe quando a vontade do agente est\u00e1 dirigida a determinado resultado.<br \/>\n\n\n\n\n<h2 class=\"wp-block-heading\">O que \u00e9 pr\u00e1tica com dolo?<\/h2>\n\n\n<p><\/p>No sentido penal, \u00e9 a inten\u00e7\u00e3o de praticar ato criminoso, com consci\u00eancia e vontade, que se constitui em crime ou delito, seja por a\u00e7\u00e3o ou omiss\u00e3o.<br \/>\n\n\n","protected":false},"excerpt":{"rendered":"<p>O que \u00e9 um cidad\u00e3o penalmente imput\u00e1vel? Em direito, a imputabilidade penal \u00e9 a capacidade que tem a pessoa que praticou certo ato, definido como crime, de entender o que est\u00e1 fazendo e de poder determinar se, de acordo com esse entendimento, ser\u00e1 ou n\u00e3o legalmente punida. O que \u00e9 uma pessoa ser penalmente imput\u00e1vel? [&hellip;]<\/p>\n","protected":false},"author":2,"featured_media":0,"comment_status":"open","ping_status":"closed","sticky":false,"template":"","format":"standard","meta":{"footnotes":""},"categories":[1],"tags":[],"class_list":["post-23425","post","type-post","status-publish","format-standard","hentry","category-conteudo"],"_links":{"self":[{"href":"https:\/\/ammabarbacena.com.br\/perguntas-frequentes\/wp-json\/wp\/v2\/posts\/23425","targetHints":{"allow":["GET"]}}],"collection":[{"href":"https:\/\/ammabarbacena.com.br\/perguntas-frequentes\/wp-json\/wp\/v2\/posts"}],"about":[{"href":"https:\/\/ammabarbacena.com.br\/perguntas-frequentes\/wp-json\/wp\/v2\/types\/post"}],"author":[{"embeddable":true,"href":"https:\/\/ammabarbacena.com.br\/perguntas-frequentes\/wp-json\/wp\/v2\/users\/2"}],"replies":[{"embeddable":true,"href":"https:\/\/ammabarbacena.com.br\/perguntas-frequentes\/wp-json\/wp\/v2\/comments?post=23425"}],"version-history":[{"count":1,"href":"https:\/\/ammabarbacena.com.br\/perguntas-frequentes\/wp-json\/wp\/v2\/posts\/23425\/revisions"}],"predecessor-version":[{"id":23426,"href":"https:\/\/ammabarbacena.com.br\/perguntas-frequentes\/wp-json\/wp\/v2\/posts\/23425\/revisions\/23426"}],"wp:attachment":[{"href":"https:\/\/ammabarbacena.com.br\/perguntas-frequentes\/wp-json\/wp\/v2\/media?parent=23425"}],"wp:term":[{"taxonomy":"category","embeddable":true,"href":"https:\/\/ammabarbacena.com.br\/perguntas-frequentes\/wp-json\/wp\/v2\/categories?post=23425"},{"taxonomy":"post_tag","embeddable":true,"href":"https:\/\/ammabarbacena.com.br\/perguntas-frequentes\/wp-json\/wp\/v2\/tags?post=23425"}],"curies":[{"name":"wp","href":"https:\/\/api.w.org\/{rel}","templated":true}]}}